{"id":13345,"date":"2021-05-21T10:00:00","date_gmt":"2021-05-21T13:00:00","guid":{"rendered":"https:\/\/vaidebolsa.com.br\/?p=13345"},"modified":"2023-08-14T15:36:45","modified_gmt":"2023-08-14T18:36:45","slug":"faculdade-de-artes-visuais","status":"publish","type":"post","link":"https:\/\/vaidebolsa.com.br\/blog\/graduacao\/faculdade-de-artes-visuais\/","title":{"rendered":"Faculdade de artes visuais: tudo sobre a gradua\u00e7\u00e3o"},"content":{"rendered":"<p>Se voc\u00ea tem interesse por desenhos, pinturas ou esculturas, a <a href=\"https:\/\/vaidebolsa.com.br\/cursos-para-quem-gosta-de-artes\/\" target=\"_blank\" rel=\"noopener\">faculdade de Artes Visuais<\/a> pode ser uma boa op\u00e7\u00e3o para voc\u00ea!<\/p>\n<p>E engana-se quem pensa que uma pessoa com essa forma\u00e7\u00e3o est\u00e1 limitada a vender suas obras e fazer exposi\u00e7\u00f5es. A forma\u00e7\u00e3o em Artes Visuais tamb\u00e9m \u00e9 fundamental para quem deseja<a href=\"https:\/\/vaidebolsa.com.br\/professor\/\" target=\"_blank\" rel=\"noopener\"> dar aula<\/a> da disciplina no ensino b\u00e1sico.<\/p>\n<p><span style=\"font-weight: 400;\">Os primeiros cursos de artes visuais surgiram no Brasil durante a d\u00e9cada de 70. Eles abrangiam disciplinas de<\/span><a href=\"https:\/\/vaidebolsa.com.br\/artes-cenicas\/\" target=\"_blank\" rel=\"noopener\"> <span style=\"font-weight: 400;\">artes c\u00eanicas<\/span><\/a><span style=\"font-weight: 400;\">, artes pl\u00e1sticas, pintura e m\u00fasica. <\/span><\/p>\n<p><span style=\"font-weight: 400;\">Hoje em dia, muitas dessas \u00e1reas se tornaram gradua\u00e7\u00f5es individuais, como \u00e9 o caso do curso de Artes Visuais.\u00a0<\/span><\/p>\n<p><span style=\"font-weight: 400;\">A gradua\u00e7\u00e3o pode ser de licenciatura ou bacharelado. Dessa forma, engloba quem quer trabalhar no mercado de arte, dar aulas ou aprofundar seus conhecimentos como artista profissional.\u00a0<\/span><\/p>\n<p><span style=\"font-weight: 400;\">Ficou curioso para saber mais? <\/span><\/p>\n<p><span style=\"font-weight: 400;\">Ent\u00e3o continue lendo esse post. Vamos mostrar como \u00e9 a grade do curso, quais as melhores faculdades de Artes Visuais do pa\u00eds e como funciona o mercado de trabalho.\u00a0<\/span><\/p>\n<h2><span style=\"font-weight: 400;\">O que s\u00e3o Artes Visuais?<\/span><\/h2>\n<p><span style=\"font-weight: 400;\">As<\/span> <span style=\"font-weight: 400;\">Artes Visuais<\/span><span style=\"font-weight: 400;\"> s\u00e3o manifesta\u00e7\u00f5es art\u00edsticas. Podem ser expressas na pintura, escultura, desenho, arquitetura, artesanato, fotografia, cinema, design, arte urbana, entre v\u00e1rios outros.<\/span><\/p>\n<p><span style=\"font-weight: 400;\">O conceito est\u00e1 relacionado ao ato de \u201cver\u201d. Dessa forma, a sua aprecia\u00e7\u00e3o deve ser feita pela vis\u00e3o. <\/span><\/p>\n<p><span style=\"font-weight: 400;\">As Artes Visuais nasceram ap\u00f3s a Segunda Guerra Mundial, para dar nome a percep\u00e7\u00e3o visual das formas de manifesta\u00e7\u00f5es art\u00edsticas.<\/span><\/p>\n<p><span style=\"font-weight: 400;\">Todos os trabalhos possuem um valor est\u00e9tico e uma criatividade do seu autor, para serem apreciadas e consumidas pelos olhos. Por isso, ainda podem ser entendidas como um conjunto de artes, representando o mundo real ou imagin\u00e1rio.<\/span><\/p>\n<p><span style=\"font-weight: 400;\">Sendo assim, o conceito de arte foi se ampliando com o passar do tempo. E podemos ver que sempre existiu essa manifesta\u00e7\u00e3o visual, desde a antiguidade, com as artes rupestres.<\/span><\/p>\n<p><span style=\"font-weight: 400;\">Al\u00e9m disso, as tem\u00e1ticas, t\u00e9cnicas e materiais utilizados foram se ampliando com o tempo. <\/span><\/p>\n<p><span style=\"font-weight: 400;\">Com o desenvolvimento da tecnologia, podemos ver artes visuais sendo produzidas com ferramentas tecnol\u00f3gicas. Como a web arte, que s\u00e3o criadas por meio de softwares.\u00a0<\/span><\/p>\n<p><span style=\"font-weight: 400;\">E como \u00e9 muito importante para a cultura, existe o curso superior Artes Visuais<a href=\"https:\/\/vaidebolsa.com.br\/licenciatura-e-bacharelado\/\" target=\"_blank\" rel=\"noopener\"> bacharelado<\/a>, ou Artes Visuais licenciatura. <\/span><\/p>\n<p><span style=\"font-weight: 400;\">Atrav\u00e9s deste \u00faltimo, o aluno ganha o t\u00edtulo de artista visual, podendo avaliar e participar do mercado cultural e art\u00edstico que desejar.\u00a0<\/span><\/p>\n<h2><span style=\"font-weight: 400;\">Como \u00e9 a faculdade de Artes Visuais?<\/span><\/h2>\n<p><span style=\"font-weight: 400;\">A faculdade de Artes Visuais tem dura\u00e7\u00e3o m\u00e9dia de 4 anos, nos quais o aluno aprende t\u00e9cnicas, conceitos e cr\u00edtica de arte. <\/span><\/p>\n<p><span style=\"font-weight: 400;\">A maior parte da sua carga hor\u00e1ria \u00e9 composta por mat\u00e9rias pr\u00e1ticas. Como de desenho, pintura e imagens digitais, etc.<\/span><\/p>\n<p><span style=\"font-weight: 400;\">A gradua\u00e7\u00e3o se divide entre bacharelado e licenciatura. Ou seja, o aluno pode escolher no come\u00e7o da faculdade de Artes Visuais se quer ter uma forma\u00e7\u00e3o mais t\u00e9cnica ou dar aulas.<\/span><\/p>\n<p><span style=\"font-weight: 400;\">O aluno aprender\u00e1 a desenvolver a percep\u00e7\u00e3o, reflex\u00e3o, produ\u00e7\u00e3o e cr\u00edtica. Muitas universidades exigem que o estudante passe por uma prova de Habilidades Espec\u00edficas.<\/span><\/p>\n<p><span style=\"font-weight: 400;\">Com rela\u00e7\u00e3o \u00e0s mat\u00e9rias, elas tendem a ser bastante pr\u00e1ticas. Isso incentiva o aluno a desenvolver sua pr\u00f3pria linguagem art\u00edstica, articulada com os conte\u00fados te\u00f3ricos aprendidos.<\/span><\/p>\n<h3><span style=\"font-weight: 400;\">Principais disciplinas da faculdade de Artes Visuais<\/span><\/h3>\n<h4><span style=\"font-weight: 400;\">Bacharelado<\/span><\/h4>\n<ul>\n<li style=\"font-weight: 400;\" aria-level=\"1\"><span style=\"font-weight: 400;\">Comunica\u00e7\u00e3o;<\/span><\/li>\n<li style=\"font-weight: 400;\" aria-level=\"1\"><span style=\"font-weight: 400;\">Hist\u00f3ria da Arte;<\/span><\/li>\n<li style=\"font-weight: 400;\" aria-level=\"1\"><span style=\"font-weight: 400;\">Processos Criativos;<\/span><\/li>\n<li style=\"font-weight: 400;\" aria-level=\"1\"><span style=\"font-weight: 400;\">Metodologia Cient\u00edfica;<\/span><\/li>\n<li style=\"font-weight: 400;\" aria-level=\"1\"><span style=\"font-weight: 400;\">Hist\u00f3ria da Arte Moderna;<\/span><\/li>\n<li style=\"font-weight: 400;\" aria-level=\"1\"><span style=\"font-weight: 400;\">Introdu\u00e7\u00e3o \u00e0s Linguagens Pict\u00f3ricas;<\/span><\/li>\n<li style=\"font-weight: 400;\" aria-level=\"1\"><span style=\"font-weight: 400;\"><a href=\"https:\/\/vaidebolsa.com.br\/faculdade-de-sociologia\/\" target=\"_blank\" rel=\"noopener\">Sociologia<\/a>;<\/span><\/li>\n<li style=\"font-weight: 400;\" aria-level=\"1\"><span style=\"font-weight: 400;\">Forma de Pensar o Desenho;<\/span><\/li>\n<li style=\"font-weight: 400;\" aria-level=\"1\"><span style=\"font-weight: 400;\">Hist\u00f3ria Da Arte Contempor\u00e2nea;<\/span><\/li>\n<li style=\"font-weight: 400;\" aria-level=\"1\"><span style=\"font-weight: 400;\">Linguagens Pict\u00f3ricas;<\/span><\/li>\n<li style=\"font-weight: 400;\" aria-level=\"1\"><span style=\"font-weight: 400;\">Processos Fotogr\u00e1ficos;<\/span><\/li>\n<li style=\"font-weight: 400;\" aria-level=\"1\"><span style=\"font-weight: 400;\">Arte e Cultura Latinoamericana;<\/span><\/li>\n<li style=\"font-weight: 400;\" aria-level=\"1\"><span style=\"font-weight: 400;\">Desenvolvimento Humano e Social;<\/span><\/li>\n<li style=\"font-weight: 400;\" aria-level=\"1\"><span style=\"font-weight: 400;\">Cultura Audiovisual;<\/span><\/li>\n<li style=\"font-weight: 400;\" aria-level=\"1\"><span style=\"font-weight: 400;\">Meios de Impress\u00e3o e Processos Gr\u00e1ficos;<\/span><\/li>\n<li style=\"font-weight: 400;\" aria-level=\"1\"><span style=\"font-weight: 400;\">Ritmos e Cultura Brasileira;<\/span><\/li>\n<li style=\"font-weight: 400;\" aria-level=\"1\"><span style=\"font-weight: 400;\">Antropologia e Cultura Brasileira;<\/span><\/li>\n<li style=\"font-weight: 400;\" aria-level=\"1\"><span style=\"font-weight: 400;\">Media\u00e7\u00e3o e Curadoria;<\/span><\/li>\n<li style=\"font-weight: 400;\" aria-level=\"1\"><span style=\"font-weight: 400;\">Artes do Corpo;<\/span><\/li>\n<li style=\"font-weight: 400;\" aria-level=\"1\"><span style=\"font-weight: 400;\">Multimeios;<\/span><\/li>\n<li style=\"font-weight: 400;\" aria-level=\"1\"><span style=\"font-weight: 400;\">Arte Urbana;<\/span><\/li>\n<li style=\"font-weight: 400;\" aria-level=\"1\"><span style=\"font-weight: 400;\">Interculturalidades;<\/span><\/li>\n<li style=\"font-weight: 400;\" aria-level=\"1\"><span style=\"font-weight: 400;\">Meios de Impress\u00e3o.<\/span><\/li>\n<\/ul>\n<h4>Licenciatura<\/h4>\n<p><span style=\"font-weight: 400;\">Quem opta pela licenciatura tem que passar por uma s\u00e9rie de mat\u00e9rias b\u00e1sicas de did\u00e1tica e pedagogia. Entre as quais podem estar:<\/span><\/p>\n<ul>\n<li style=\"font-weight: 400;\" aria-level=\"1\"><span style=\"font-weight: 400;\">Fundamentos do Ensino de Arte;<\/span><\/li>\n<li style=\"font-weight: 400;\" aria-level=\"1\"><span style=\"font-weight: 400;\">Psicologia da Educa\u00e7\u00e3o;<\/span><\/li>\n<li style=\"font-weight: 400;\" aria-level=\"1\"><span style=\"font-weight: 400;\">Did\u00e1tica;<\/span><\/li>\n<li style=\"font-weight: 400;\" aria-level=\"1\"><span style=\"font-weight: 400;\">Legisla\u00e7\u00e3o e Gest\u00e3o do Ensino;<\/span><\/li>\n<li style=\"font-weight: 400;\" aria-level=\"1\"><span style=\"font-weight: 400;\">Fun\u00e7\u00e3o da Arte na Educa\u00e7\u00e3o;<\/span><\/li>\n<li style=\"font-weight: 400;\" aria-level=\"1\"><span style=\"font-weight: 400;\">Libras;<\/span><\/li>\n<li style=\"font-weight: 400;\" aria-level=\"1\"><span style=\"font-weight: 400;\">Hist\u00f3ria e Cultura Afro-ind\u00edgenas Brasileiras.<\/span><\/li>\n<\/ul>\n<p><span style=\"font-weight: 400;\">Por fim, vale mencionar tamb\u00e9m que o aluno precisa entregar um Trabalho de Conclus\u00e3o de Curso (TCC).<\/span><\/p>\n<p><span style=\"font-weight: 400;\">Dependendo da modalidade de gradua\u00e7\u00e3o escolhida, \u00e9 necess\u00e1rio tamb\u00e9m que o aluno fa\u00e7a um est\u00e1gio obrigat\u00f3rio.<\/span><\/p>\n<p><span style=\"font-weight: 400;\">Mas se n\u00e3o quiser fazer uma gradua\u00e7\u00e3o, o interessado em se tornar um artista profissional pode optar ainda pelo curso<\/span><a href=\"https:\/\/vaidebolsa.com.br\/curso-tecnico-em-artes-visuais\/\" target=\"_blank\" rel=\"noopener\"> <span style=\"font-weight: 400;\">t\u00e9cnico em Artes Visuais<\/span><\/a><span style=\"font-weight: 400;\">!<\/span><\/p>\n<h3><span style=\"font-weight: 400;\">O que faz um artista visual?<\/span><\/h3>\n<p><span style=\"font-weight: 400;\">O campo de atua\u00e7\u00e3o para quem deseja fazer uma faculdade de Artes Visuais \u00e9 muito grande. <\/span><\/p>\n<p><span style=\"font-weight: 400;\">No dia a dia da profiss\u00e3o, poder\u00e1 trabalhar com diferentes materiais. Como papel, tinta, gesso, argila, madeira e metais, al\u00e9m de softwares e outras ferramentas tecnol\u00f3gicas.<\/span><\/p>\n<p><span style=\"font-weight: 400;\">Tamb\u00e9m h\u00e1 a possibilidade de trabalhar com o mercado das artes, numa galeria. Ou ent\u00e3o, sendo curador de exposi\u00e7\u00f5es, comprando e vendendo, e at\u00e9 organizando.<\/span><\/p>\n<p><span style=\"font-weight: 400;\">Para aqueles que optam pelo bacharelado, podem atuar produzindo desenhos e ilustra\u00e7\u00f5es para revistas. Ou mesmo criando vinhetas para TV e sites, gerenciando acervos e mostras em centros culturais.<\/span><\/p>\n<p><span style=\"font-weight: 400;\">Al\u00e9m disso, h\u00e1 tamb\u00e9m como trabalhar em:<\/span><\/p>\n<ul>\n<li style=\"font-weight: 400;\" aria-level=\"1\"><span style=\"font-weight: 400;\">Ind\u00fastria t\u00eaxtil: criando novas estampas e renova\u00e7\u00e3o da linha de produtos, entre outras atividades<\/span><\/li>\n<li style=\"font-weight: 400;\" aria-level=\"1\"><span style=\"font-weight: 400;\">Eventos Culturais: selecionando e classificando obras de uma exposi\u00e7\u00e3o ou evento cultural;<\/span><\/li>\n<li style=\"font-weight: 400;\" aria-level=\"1\"><span style=\"font-weight: 400;\">Restaura\u00e7\u00e3o: devolvendo as caracter\u00edsticas originais de objetos de arte antigos ou deteriorados;<\/span><\/li>\n<li style=\"font-weight: 400;\" aria-level=\"1\"><span style=\"font-weight: 400;\">Doc\u00eancia: formados em licenciatura podem ser professores no ensino b\u00e1sico (fundamental e m\u00e9dio) em escolas p\u00fablicas ou privadas. Tamb\u00e9m \u00e9 poss\u00edvel lecionar em cursos livres para todas as faixas et\u00e1rias.<\/span><\/li>\n<\/ul>\n<h3><span style=\"font-weight: 400;\">Mercado de trabalho<\/span><\/h3>\n<p><span style=\"font-weight: 400;\">Ainda tem muita gente que acredita que ser artista \u201cn\u00e3o d\u00e1 futuro\u201d. Mas a verdade \u00e9 que existe sim um mercado bem grande.<\/span><\/p>\n<p><span style=\"font-weight: 400;\">No ano de 2016, a Lei de Diretrizes e Bases da Educa\u00e7\u00e3o redefiniu os conte\u00fados obrigat\u00f3rios da disciplina de artes no curr\u00edculo do ensino b\u00e1sico brasileiro. Dessa forma, at\u00e9 2021, as aulas devem incluir teatro, artes visuais e dan\u00e7a em todos os n\u00edveis de educa\u00e7\u00e3o.<\/span><\/p>\n<p><span style=\"font-weight: 400;\">Isso abre novas portas para aqueles que pretendem cursar uma faculdade de Artes Visuais do tipo licenciatura. Pois, ser\u00e3o mais aulas de arte em todas as escolas do Brasil.<\/span><\/p>\n<p><span style=\"font-weight: 400;\">\u00c9 muito dif\u00edcil estimar um sal\u00e1rio de quem faz Artes Visuais, j\u00e1 que o campo de atua\u00e7\u00e3o \u00e9 muito amplo. <\/span><\/p>\n<p><span style=\"font-weight: 400;\">O valor inicial pode variar de R$900 at\u00e9 R$2 mil. Mas vale lembrar que quem optou por criar e vender suas obras, o pre\u00e7o pode oscilar de acordo com a t\u00e9cnica e experi\u00eancia.<\/span><\/p>\n<p><span style=\"font-weight: 400;\">O sal\u00e1rio pode sofrer altera\u00e7\u00f5es dependendo dos clientes do artista, do mercado de arte e at\u00e9 de parcerias. Por isso, \u00e9 preciso come\u00e7ar procurando oportunidades e ganhando notoriedade.<\/span><\/p>\n<p><span style=\"font-weight: 400;\">J\u00e1 como professor, o sal\u00e1rio depende de quantas aulas ele ministrar\u00e1, se ser\u00e1 em escola p\u00fablica ou privada, e tamb\u00e9m a regi\u00e3o. Mas o valor fica entre R$1100 e R$2400, em m\u00e9dia.<\/span><\/p>\n<p><span style=\"font-weight: 400;\">Para quem decidir seguir no bacharelado, os melhores trabalhos est\u00e3o no sudeste e sul do Brasil. E para quem prefere a licenciatura, as melhores oportunidades est\u00e3o no centro-oeste, nordeste e norte.<\/span><\/p>\n<h3><span style=\"font-weight: 400;\">Melhores faculdades de Artes Visuais do Brasil<\/span><\/h3>\n<p><span style=\"font-weight: 400;\">Para aqueles que decidirem estudar em uma faculdade de Artes Visuais, mas n\u00e3o sabem qual escolher, veja esse t\u00f3pico. <\/span><\/p>\n<p><span style=\"font-weight: 400;\">Existem muitos fatores para a escolha da institui\u00e7\u00e3o, mas segundo o site Catho &#8211; que levou em considera\u00e7\u00e3o a opini\u00e3o de quem se formou -, o top 5 seriam:<\/span><\/p>\n<p><span style=\"font-weight: 400;\">1\u00aa UFRJ \u2013 Universidade Federal Do Rio De Janeiro<\/span><\/p>\n<p><span style=\"font-weight: 400;\">2\u00aa FAAP \u2013 Funda\u00e7\u00e3o Armando Alvares Penteado<\/span><\/p>\n<p><span style=\"font-weight: 400;\">3\u00aa Belas Artes \u2013 Centro Universit\u00e1rio Belas Artes De S\u00e3o Paulo<\/span><\/p>\n<p><span style=\"font-weight: 400;\">4\u00aa FPA \u2013 Faculdade Paulista de Artes<\/span><\/p>\n<p><span style=\"font-weight: 400;\">5\u00aa FMU \u2013 Faculdades Metropolitanas Unidas<\/span><\/p>\n<p><span style=\"font-weight: 400;\">Al\u00e9m disso, \u00e9 importante conferir a nota que o curso recebeu pelo Minist\u00e9rio da Educa\u00e7\u00e3o e conhecer o corpo docente da institui\u00e7\u00e3o. Assim, voc\u00ea consegue descobrir se os professores s\u00e3o qualificados e se t\u00eam realmente experi\u00eancia no campo das artes.\u00a0<\/span><\/p>\n<p><span style=\"font-weight: 400;\">Inclusive, vale tamb\u00e9m verificar se a faculdade tem conv\u00eanios e parcerias que garantam oportunidades de est\u00e1gio aos alunos. J\u00e1 que \u00e9 um curso que tem mat\u00e9rias pr\u00e1ticas durante toda a gradua\u00e7\u00e3o.<\/span><\/p>\n<p><span style=\"font-weight: 400;\">Voc\u00ea tamb\u00e9m pode encontrar a faculdade de Artes Visuais em outras institui\u00e7\u00f5es de qualidade<\/span><span style=\"font-weight: 400;\">.<\/span><\/p>\n<h3><span style=\"font-weight: 400;\">P\u00f3s-gradua\u00e7\u00e3o em Artes Visuais<\/span><\/h3>\n<p><span style=\"font-weight: 400;\">Al\u00e9m da gradua\u00e7\u00e3o e do curso t\u00e9cnico, tamb\u00e9m existe a possibilidade de escolher uma p\u00f3s-gradua\u00e7\u00e3o em Artes Visuais. Dessa forma, voc\u00ea poder\u00e1 se especializar ou fazer uma<a href=\"https:\/\/vaidebolsa.com.br\/como-fazer-uma-transicao-de-carreira\/\" target=\"_blank\" rel=\"noopener\"> transi\u00e7\u00e3o de carreira<\/a>.<\/span><\/p>\n<p><span style=\"font-weight: 400;\">Esse curso \u00e9 especialmente indicado para profissionais que j\u00e1 tiveram uma base sobre arte e express\u00e3o durante a gradua\u00e7\u00e3o. Como para os formados em design, <a href=\"https:\/\/vaidebolsa.com.br\/curso-de-arquitetura\/\" target=\"_blank\" rel=\"noopener\">arquitetura<\/a>, comunica\u00e7\u00e3o, entre outras.\u00a0<\/span><\/p>\n<p><span style=\"font-weight: 400;\">Entre as op\u00e7\u00f5es dispon\u00edveis est\u00e3o o mestrado e doutorado. Essas s\u00e3o mais focadas na pesquisa acad\u00eamica ou na especializa\u00e7\u00e3o <em>Lato Sensu<\/em>. Alguns exemplos s\u00e3o a p\u00f3s-gradua\u00e7\u00e3o em Arte Educa\u00e7\u00e3o ou a p\u00f3s em Fotografia.\u00a0<\/span><\/p>\n<p><span style=\"font-weight: 400;\">Assim, cursar uma faculdade de Artes Visuais pode lhe garantir um futuro bom. Afinal, vimos que esse curso tem uma grande variedade de carreiras e \u00f3timas op\u00e7\u00f5es de institui\u00e7\u00f5es de ensino.<\/span><\/p>\n<p><span style=\"font-weight: 400;\">Acompanhe tamb\u00e9m mais informa\u00e7\u00f5es sobre cursos, bolsas, mercado de trabalho e dicas no<\/span><a href=\"https:\/\/vaidebolsa.com.br\/blog\/\" target=\"_blank\" rel=\"noopener\"> <span style=\"font-weight: 400;\">blog Vai de Bolsa<\/span><\/a><span style=\"font-weight: 400;\">!<\/span><\/p>\n","protected":false},"excerpt":{"rendered":"<p>Se voc\u00ea tem interesse por desenhos, pinturas ou esculturas, a faculdade de Artes Visuais pode ser uma boa op\u00e7\u00e3o para voc\u00ea! E engana-se quem pensa que uma pessoa com essa forma\u00e7\u00e3o est\u00e1 limitada a vender suas obras e fazer exposi\u00e7\u00f5es. A forma\u00e7\u00e3o em Artes Visuais tamb\u00e9m \u00e9 fundamental para quem deseja dar aula da disciplina [&hellip;]<\/p>\n","protected":false},"author":67,"featured_media":0,"comment_status":"open","ping_status":"open","sticky":false,"template":"","format":"standard","meta":{"om_disable_all_campaigns":false,"site-sidebar-layout":"default","site-content-layout":"","ast-site-content-layout":"","site-content-style":"default","site-sidebar-style":"default","ast-global-header-display":"","ast-banner-title-visibility":"","ast-main-header-display":"","ast-hfb-above-header-display":"","ast-hfb-below-header-display":"","ast-hfb-mobile-header-display":"","site-post-title":"","ast-breadcrumbs-content":"","ast-featured-img":"","footer-sml-layout":"","theme-transparent-header-meta":"","adv-header-id-meta":"","stick-header-meta":"","header-above-stick-meta":"","header-main-stick-meta":"","header-below-stick-meta":"","astra-migrate-meta-layouts":"default","ast-page-background-enabled":"default","ast-page-background-meta":{"desktop":{"background-color":"var(--ast-global-color-4)","background-image":"","background-repeat":"repeat","background-position":"center center","background-size":"auto","background-attachment":"scroll","background-type":"","background-media":"","overlay-type":"","overlay-color":"","overlay-opacity":"","overlay-gradient":""},"tablet":{"background-color":"","background-image":"","background-repeat":"repeat","background-position":"center center","background-size":"auto","background-attachment":"scroll","background-type":"","background-media":"","overlay-type":"","overlay-color":"","overlay-opacity":"","overlay-gradient":""},"mobile":{"background-color":"","background-image":"","background-repeat":"repeat","background-position":"center center","background-size":"auto","background-attachment":"scroll","background-type":"","background-media":"","overlay-type":"","overlay-color":"","overlay-opacity":"","overlay-gradient":""}},"ast-content-background-meta":{"desktop":{"background-color":"var(--ast-global-color-5)","background-image":"","background-repeat":"repeat","background-position":"center center","background-size":"auto","background-attachment":"scroll","background-type":"","background-media":"","overlay-type":"","overlay-color":"","overlay-opacity":"","overlay-gradient":""},"tablet":{"background-color":"var(--ast-global-color-5)","background-image":"","background-repeat":"repeat","background-position":"center center","background-size":"auto","background-attachment":"scroll","background-type":"","background-media":"","overlay-type":"","overlay-color":"","overlay-opacity":"","overlay-gradient":""},"mobile":{"background-color":"var(--ast-global-color-5)","background-image":"","background-repeat":"repeat","background-position":"center center","background-size":"auto","background-attachment":"scroll","background-type":"","background-media":"","overlay-type":"","overlay-color":"","overlay-opacity":"","overlay-gradient":""}},"_themeisle_gutenberg_block_has_review":false,"footnotes":""},"categories":[49],"tags":[],"class_list":["post-13345","post","type-post","status-publish","format-standard","hentry","category-graduacao"],"yoast_head":"<!-- This site is optimized with the Yoast SEO plugin v23.4 - https:\/\/yoast.com\/wordpress\/plugins\/seo\/ -->\n<title>Faculdade de artes visuais: tudo sobre a gradua\u00e7\u00e3o<\/title>\n<meta name=\"description\" content=\"Quer saber mais sobre a faculdade de Artes Visuais? Conhe\u00e7a a grade curricular, o mercado de trabalho e as melhores faculdades do Brasil!\" \/>\n<meta name=\"robots\" content=\"index, follow, max-snippet:-1, max-image-preview:large, max-video-preview:-1\" \/>\n<link rel=\"canonical\" href=\"https:\/\/vaidebolsa.com.br\/blog\/graduacao\/faculdade-de-artes-visuais\/\" \/>\n<meta property=\"og:locale\" content=\"pt_BR\" \/>\n<meta property=\"og:type\" content=\"article\" \/>\n<meta property=\"og:title\" content=\"Faculdade de artes visuais: tudo sobre a gradua\u00e7\u00e3o\" \/>\n<meta property=\"og:description\" content=\"Quer saber mais sobre a faculdade de Artes Visuais? Conhe\u00e7a a grade curricular, o mercado de trabalho e as melhores faculdades do Brasil!\" \/>\n<meta property=\"og:url\" content=\"https:\/\/vaidebolsa.com.br\/blog\/graduacao\/faculdade-de-artes-visuais\/\" \/>\n<meta property=\"og:site_name\" content=\"Vai de Bolsa\" \/>\n<meta property=\"article:publisher\" content=\"https:\/\/www.facebook.com\/vdbeducacional\" \/>\n<meta property=\"article:published_time\" content=\"2021-05-21T13:00:00+00:00\" \/>\n<meta property=\"article:modified_time\" content=\"2023-08-14T18:36:45+00:00\" \/>\n<meta name=\"author\" content=\"Natalia Pereira\" \/>\n<meta name=\"twitter:card\" content=\"summary_large_image\" \/>\n<meta name=\"twitter:label1\" content=\"Escrito por\" \/>\n\t<meta name=\"twitter:data1\" content=\"Natalia Pereira\" \/>\n\t<meta name=\"twitter:label2\" content=\"Est. tempo de leitura\" \/>\n\t<meta name=\"twitter:data2\" content=\"8 minutos\" \/>\n<script type=\"application\/ld+json\" class=\"yoast-schema-graph\">{\"@context\":\"https:\/\/schema.org\",\"@graph\":[{\"@type\":\"Article\",\"@id\":\"https:\/\/vaidebolsa.com.br\/blog\/graduacao\/faculdade-de-artes-visuais\/#article\",\"isPartOf\":{\"@id\":\"https:\/\/vaidebolsa.com.br\/blog\/graduacao\/faculdade-de-artes-visuais\/\"},\"author\":{\"name\":\"Natalia Pereira\",\"@id\":\"https:\/\/vaidebolsa.com.br\/blog\/#\/schema\/person\/66c9e3f3a84ba9e04deec23f2938a105\"},\"headline\":\"Faculdade de artes visuais: tudo sobre a gradua\u00e7\u00e3o\",\"datePublished\":\"2021-05-21T13:00:00+00:00\",\"dateModified\":\"2023-08-14T18:36:45+00:00\",\"mainEntityOfPage\":{\"@id\":\"https:\/\/vaidebolsa.com.br\/blog\/graduacao\/faculdade-de-artes-visuais\/\"},\"wordCount\":1605,\"commentCount\":0,\"publisher\":{\"@id\":\"https:\/\/vaidebolsa.com.br\/blog\/#organization\"},\"articleSection\":[\"Gradua\u00e7\u00e3o\"],\"inLanguage\":\"pt-BR\",\"potentialAction\":[{\"@type\":\"CommentAction\",\"name\":\"Comment\",\"target\":[\"https:\/\/vaidebolsa.com.br\/blog\/graduacao\/faculdade-de-artes-visuais\/#respond\"]}]},{\"@type\":\"WebPage\",\"@id\":\"https:\/\/vaidebolsa.com.br\/blog\/graduacao\/faculdade-de-artes-visuais\/\",\"url\":\"https:\/\/vaidebolsa.com.br\/blog\/graduacao\/faculdade-de-artes-visuais\/\",\"name\":\"Faculdade de artes visuais: tudo sobre a gradua\u00e7\u00e3o\",\"isPartOf\":{\"@id\":\"https:\/\/vaidebolsa.com.br\/blog\/#website\"},\"datePublished\":\"2021-05-21T13:00:00+00:00\",\"dateModified\":\"2023-08-14T18:36:45+00:00\",\"description\":\"Quer saber mais sobre a faculdade de Artes Visuais? Conhe\u00e7a a grade curricular, o mercado de trabalho e as melhores faculdades do Brasil!\",\"breadcrumb\":{\"@id\":\"https:\/\/vaidebolsa.com.br\/blog\/graduacao\/faculdade-de-artes-visuais\/#breadcrumb\"},\"inLanguage\":\"pt-BR\",\"potentialAction\":[{\"@type\":\"ReadAction\",\"target\":[\"https:\/\/vaidebolsa.com.br\/blog\/graduacao\/faculdade-de-artes-visuais\/\"]}]},{\"@type\":\"BreadcrumbList\",\"@id\":\"https:\/\/vaidebolsa.com.br\/blog\/graduacao\/faculdade-de-artes-visuais\/#breadcrumb\",\"itemListElement\":[{\"@type\":\"ListItem\",\"position\":1,\"name\":\"Home\",\"item\":\"https:\/\/vaidebolsa.com.br\/blog\/\"},{\"@type\":\"ListItem\",\"position\":2,\"name\":\"Faculdade de artes visuais: tudo sobre a gradua\u00e7\u00e3o\"}]},{\"@type\":\"WebSite\",\"@id\":\"https:\/\/vaidebolsa.com.br\/blog\/#website\",\"url\":\"https:\/\/vaidebolsa.com.br\/blog\/\",\"name\":\"Vai de Bolsa\",\"description\":\"Vai de Bolsa: Bolsas de Estudo com at\u00e9 70% de Desconto!\",\"publisher\":{\"@id\":\"https:\/\/vaidebolsa.com.br\/blog\/#organization\"},\"potentialAction\":[{\"@type\":\"SearchAction\",\"target\":{\"@type\":\"EntryPoint\",\"urlTemplate\":\"https:\/\/vaidebolsa.com.br\/blog\/?s={search_term_string}\"},\"query-input\":{\"@type\":\"PropertyValueSpecification\",\"valueRequired\":true,\"valueName\":\"search_term_string\"}}],\"inLanguage\":\"pt-BR\"},{\"@type\":\"Organization\",\"@id\":\"https:\/\/vaidebolsa.com.br\/blog\/#organization\",\"name\":\"Vai de Bolsa\",\"url\":\"https:\/\/vaidebolsa.com.br\/blog\/\",\"logo\":{\"@type\":\"ImageObject\",\"inLanguage\":\"pt-BR\",\"@id\":\"https:\/\/vaidebolsa.com.br\/blog\/#\/schema\/logo\/image\/\",\"url\":\"https:\/\/vaidebolsa.com.br\/blog\/wp-content\/uploads\/2022\/03\/Logo-Vai-de-Bolsa-cor-e1648649224262.png\",\"contentUrl\":\"https:\/\/vaidebolsa.com.br\/blog\/wp-content\/uploads\/2022\/03\/Logo-Vai-de-Bolsa-cor-e1648649224262.png\",\"width\":180,\"height\":90,\"caption\":\"Vai de Bolsa\"},\"image\":{\"@id\":\"https:\/\/vaidebolsa.com.br\/blog\/#\/schema\/logo\/image\/\"},\"sameAs\":[\"https:\/\/www.facebook.com\/vdbeducacional\",\"https:\/\/www.instagram.com\/vaidebolsa_\/\"]},{\"@type\":\"Person\",\"@id\":\"https:\/\/vaidebolsa.com.br\/blog\/#\/schema\/person\/66c9e3f3a84ba9e04deec23f2938a105\",\"name\":\"Natalia Pereira\",\"image\":{\"@type\":\"ImageObject\",\"inLanguage\":\"pt-BR\",\"@id\":\"https:\/\/vaidebolsa.com.br\/blog\/#\/schema\/person\/image\/\",\"url\":\"http:\/\/0.gravatar.com\/avatar\/f1ab57fb53849c617df1cb34eb8ae2d8?s=96&d=mm&r=g\",\"contentUrl\":\"http:\/\/0.gravatar.com\/avatar\/f1ab57fb53849c617df1cb34eb8ae2d8?s=96&d=mm&r=g\",\"caption\":\"Natalia Pereira\"},\"description\":\"Formada em Publicidade e Propaganda com bolsa de estudos, Nat\u00e1lia Pereira passou por todos os dilemas que envolvem a vida de um jovem que est\u00e1 prestes a sair do ensino m\u00e9dio e se depara com o desafio de entrar em uma boa faculdade pagando pouco. Hoje, aos 23 anos, atua como Analista de Marketing e escreve sobre educa\u00e7\u00e3o no Vai de Bolsa.\",\"url\":\"https:\/\/vaidebolsa.com.br\/blog\/author\/natalia\/\"}]}<\/script>\n<!-- \/ Yoast SEO plugin. -->","yoast_head_json":{"title":"Faculdade de artes visuais: tudo sobre a gradua\u00e7\u00e3o","description":"Quer saber mais sobre a faculdade de Artes Visuais? Conhe\u00e7a a grade curricular, o mercado de trabalho e as melhores faculdades do Brasil!","robots":{"index":"index","follow":"follow","max-snippet":"max-snippet:-1","max-image-preview":"max-image-preview:large","max-video-preview":"max-video-preview:-1"},"canonical":"https:\/\/vaidebolsa.com.br\/blog\/graduacao\/faculdade-de-artes-visuais\/","og_locale":"pt_BR","og_type":"article","og_title":"Faculdade de artes visuais: tudo sobre a gradua\u00e7\u00e3o","og_description":"Quer saber mais sobre a faculdade de Artes Visuais? Conhe\u00e7a a grade curricular, o mercado de trabalho e as melhores faculdades do Brasil!","og_url":"https:\/\/vaidebolsa.com.br\/blog\/graduacao\/faculdade-de-artes-visuais\/","og_site_name":"Vai de Bolsa","article_publisher":"https:\/\/www.facebook.com\/vdbeducacional","article_published_time":"2021-05-21T13:00:00+00:00","article_modified_time":"2023-08-14T18:36:45+00:00","author":"Natalia Pereira","twitter_card":"summary_large_image","twitter_misc":{"Escrito por":"Natalia Pereira","Est. tempo de leitura":"8 minutos"},"schema":{"@context":"https:\/\/schema.org","@graph":[{"@type":"Article","@id":"https:\/\/vaidebolsa.com.br\/blog\/graduacao\/faculdade-de-artes-visuais\/#article","isPartOf":{"@id":"https:\/\/vaidebolsa.com.br\/blog\/graduacao\/faculdade-de-artes-visuais\/"},"author":{"name":"Natalia Pereira","@id":"https:\/\/vaidebolsa.com.br\/blog\/#\/schema\/person\/66c9e3f3a84ba9e04deec23f2938a105"},"headline":"Faculdade de artes visuais: tudo sobre a gradua\u00e7\u00e3o","datePublished":"2021-05-21T13:00:00+00:00","dateModified":"2023-08-14T18:36:45+00:00","mainEntityOfPage":{"@id":"https:\/\/vaidebolsa.com.br\/blog\/graduacao\/faculdade-de-artes-visuais\/"},"wordCount":1605,"commentCount":0,"publisher":{"@id":"https:\/\/vaidebolsa.com.br\/blog\/#organization"},"articleSection":["Gradua\u00e7\u00e3o"],"inLanguage":"pt-BR","potentialAction":[{"@type":"CommentAction","name":"Comment","target":["https:\/\/vaidebolsa.com.br\/blog\/graduacao\/faculdade-de-artes-visuais\/#respond"]}]},{"@type":"WebPage","@id":"https:\/\/vaidebolsa.com.br\/blog\/graduacao\/faculdade-de-artes-visuais\/","url":"https:\/\/vaidebolsa.com.br\/blog\/graduacao\/faculdade-de-artes-visuais\/","name":"Faculdade de artes visuais: tudo sobre a gradua\u00e7\u00e3o","isPartOf":{"@id":"https:\/\/vaidebolsa.com.br\/blog\/#website"},"datePublished":"2021-05-21T13:00:00+00:00","dateModified":"2023-08-14T18:36:45+00:00","description":"Quer saber mais sobre a faculdade de Artes Visuais? Conhe\u00e7a a grade curricular, o mercado de trabalho e as melhores faculdades do Brasil!","breadcrumb":{"@id":"https:\/\/vaidebolsa.com.br\/blog\/graduacao\/faculdade-de-artes-visuais\/#breadcrumb"},"inLanguage":"pt-BR","potentialAction":[{"@type":"ReadAction","target":["https:\/\/vaidebolsa.com.br\/blog\/graduacao\/faculdade-de-artes-visuais\/"]}]},{"@type":"BreadcrumbList","@id":"https:\/\/vaidebolsa.com.br\/blog\/graduacao\/faculdade-de-artes-visuais\/#breadcrumb","itemListElement":[{"@type":"ListItem","position":1,"name":"Home","item":"https:\/\/vaidebolsa.com.br\/blog\/"},{"@type":"ListItem","position":2,"name":"Faculdade de artes visuais: tudo sobre a gradua\u00e7\u00e3o"}]},{"@type":"WebSite","@id":"https:\/\/vaidebolsa.com.br\/blog\/#website","url":"https:\/\/vaidebolsa.com.br\/blog\/","name":"Vai de Bolsa","description":"Vai de Bolsa: Bolsas de Estudo com at\u00e9 70% de Desconto!","publisher":{"@id":"https:\/\/vaidebolsa.com.br\/blog\/#organization"},"potentialAction":[{"@type":"SearchAction","target":{"@type":"EntryPoint","urlTemplate":"https:\/\/vaidebolsa.com.br\/blog\/?s={search_term_string}"},"query-input":{"@type":"PropertyValueSpecification","valueRequired":true,"valueName":"search_term_string"}}],"inLanguage":"pt-BR"},{"@type":"Organization","@id":"https:\/\/vaidebolsa.com.br\/blog\/#organization","name":"Vai de Bolsa","url":"https:\/\/vaidebolsa.com.br\/blog\/","logo":{"@type":"ImageObject","inLanguage":"pt-BR","@id":"https:\/\/vaidebolsa.com.br\/blog\/#\/schema\/logo\/image\/","url":"https:\/\/vaidebolsa.com.br\/blog\/wp-content\/uploads\/2022\/03\/Logo-Vai-de-Bolsa-cor-e1648649224262.png","contentUrl":"https:\/\/vaidebolsa.com.br\/blog\/wp-content\/uploads\/2022\/03\/Logo-Vai-de-Bolsa-cor-e1648649224262.png","width":180,"height":90,"caption":"Vai de Bolsa"},"image":{"@id":"https:\/\/vaidebolsa.com.br\/blog\/#\/schema\/logo\/image\/"},"sameAs":["https:\/\/www.facebook.com\/vdbeducacional","https:\/\/www.instagram.com\/vaidebolsa_\/"]},{"@type":"Person","@id":"https:\/\/vaidebolsa.com.br\/blog\/#\/schema\/person\/66c9e3f3a84ba9e04deec23f2938a105","name":"Natalia Pereira","image":{"@type":"ImageObject","inLanguage":"pt-BR","@id":"https:\/\/vaidebolsa.com.br\/blog\/#\/schema\/person\/image\/","url":"http:\/\/0.gravatar.com\/avatar\/f1ab57fb53849c617df1cb34eb8ae2d8?s=96&d=mm&r=g","contentUrl":"http:\/\/0.gravatar.com\/avatar\/f1ab57fb53849c617df1cb34eb8ae2d8?s=96&d=mm&r=g","caption":"Natalia Pereira"},"description":"Formada em Publicidade e Propaganda com bolsa de estudos, Nat\u00e1lia Pereira passou por todos os dilemas que envolvem a vida de um jovem que est\u00e1 prestes a sair do ensino m\u00e9dio e se depara com o desafio de entrar em uma boa faculdade pagando pouco. Hoje, aos 23 anos, atua como Analista de Marketing e escreve sobre educa\u00e7\u00e3o no Vai de Bolsa.","url":"https:\/\/vaidebolsa.com.br\/blog\/author\/natalia\/"}]}},"_links":{"self":[{"href":"https:\/\/vaidebolsa.com.br\/blog\/wp-json\/wp\/v2\/posts\/13345"}],"collection":[{"href":"https:\/\/vaidebolsa.com.br\/blog\/wp-json\/wp\/v2\/posts"}],"about":[{"href":"https:\/\/vaidebolsa.com.br\/blog\/wp-json\/wp\/v2\/types\/post"}],"author":[{"embeddable":true,"href":"https:\/\/vaidebolsa.com.br\/blog\/wp-json\/wp\/v2\/users\/67"}],"replies":[{"embeddable":true,"href":"https:\/\/vaidebolsa.com.br\/blog\/wp-json\/wp\/v2\/comments?post=13345"}],"version-history":[{"count":1,"href":"https:\/\/vaidebolsa.com.br\/blog\/wp-json\/wp\/v2\/posts\/13345\/revisions"}],"predecessor-version":[{"id":17181321820,"href":"https:\/\/vaidebolsa.com.br\/blog\/wp-json\/wp\/v2\/posts\/13345\/revisions\/17181321820"}],"wp:attachment":[{"href":"https:\/\/vaidebolsa.com.br\/blog\/wp-json\/wp\/v2\/media?parent=13345"}],"wp:term":[{"taxonomy":"category","embeddable":true,"href":"https:\/\/vaidebolsa.com.br\/blog\/wp-json\/wp\/v2\/categories?post=13345"},{"taxonomy":"post_tag","embeddable":true,"href":"https:\/\/vaidebolsa.com.br\/blog\/wp-json\/wp\/v2\/tags?post=13345"}],"curies":[{"name":"wp","href":"https:\/\/api.w.org\/{rel}","templated":true}]}}