{"id":1366,"date":"2019-09-30T12:08:05","date_gmt":"2019-09-30T15:08:05","guid":{"rendered":"https:\/\/vaidebolsa.com.br\/?p=1366"},"modified":"2023-08-14T15:58:58","modified_gmt":"2023-08-14T18:58:58","slug":"cotas-na-universidade","status":"publish","type":"post","link":"https:\/\/vaidebolsa.com.br\/blog\/universidades\/cotas-na-universidade\/","title":{"rendered":"Lei de cotas na universidade: o que mudou nos primeiros 7 anos de implanta\u00e7\u00e3o"},"content":{"rendered":"<p>O sistema de cotas na universidade foi criado com o intuito de democratizar as oportunidades de estudo nas universidades p\u00fablicas do Brasil, diminuindo ent\u00e3o a desigualdade social. A lei n\u00ba12.711 foi sancionada em agosto de 2012 e come\u00e7ou a ser implementada de forma gradual a partir de 2013, mas ainda gera muitas d\u00favidas.<\/p>\n<p>A lei diz que 50% das <a href=\"https:\/\/vaidebolsa.com.br\/saiba-tudo-sobre-o-saque-do-fgts-para-fazer-faculdade\/\" target=\"_blank\" rel=\"noopener\">matr\u00edculas das institui\u00e7\u00f5es<\/a> s\u00e3o destinadas a estudantes que cursaram todo o ensino m\u00e9dio em escola p\u00fablica. Enquanto que o restante das vagas continuam para a ampla concorr\u00eancia. A pol\u00edtica de cotas come\u00e7ou a ser inserida aos poucos at\u00e9 que, em 2016, chegou a este patamar. O benef\u00edcio possui vig\u00eancia at\u00e9 2022, e poder\u00e1 ser renovado, mediante outra lei.<\/p>\n<p>Outro ponto importante sobre o sistema de cotas, s\u00e3o as cotas raciais. A cota racial diz que a propor\u00e7\u00e3o de alunos pretos, pardos e ind\u00edgenas da universidade deve ser equivalente \u00e0 propor\u00e7\u00e3o do Estado em que a institui\u00e7\u00e3o se encontra, seguindo os dados do Instituto Brasileiro de Geografia e Estat\u00edstica (IBGE).<\/p>\n<h2>Como funciona o sistema de cotas na universidade?<\/h2>\n<p>O sistema de cotas reserva 50% das vagas de cada curso e per\u00edodo das universidades e institutos federais para alunos que tenham cursado o ensino m\u00e9dio exclusivamente em escola p\u00fablica. Os estudantes de cursos regulares, da Educa\u00e7\u00e3o para Jovens e Adultos ou provenientes de Col\u00e9gio Militar tamb\u00e9m s\u00e3o contemplados. Al\u00e9m de ser v\u00e1lido para o vestibular, o sistema de cotas se estende para o <a href=\"https:\/\/vaidebolsa.com.br\/sisu\/\" target=\"_blank\" rel=\"noopener\">Sistema de Sele\u00e7\u00e3o Unificada<\/a> (Sisu) e para o <a href=\"https:\/\/vaidebolsa.com.br\/prouni\/\" target=\"_blank\" rel=\"noopener\">Programa Universidade para Todos<\/a> (Prouni).<\/p>\n<p>Os outros 50% s\u00e3o destinados \u00e0 vagas de ampla concorr\u00eancia. Ou seja, qualquer pessoa que prestar o vestibular e n\u00e3o se enquadre na lei de cotas.<\/p>\n<p>Dentro dos 50% de vagas destinadas ao sistema de cotas na universidade, ainda h\u00e1 uma separa\u00e7\u00e3o. Metade das vagas s\u00e3o para estudantes que possuem renda familiar bruta per capita igual ou inferior \u00e0 1,5 sal\u00e1rio m\u00ednimo. A outra metade das vagas, \u00e9 para alunos que possuam renda familiar bruta per capita acima de 1,5 sal\u00e1rio m\u00ednimo. Al\u00e9m disso, tamb\u00e9m \u00e9 levado em considera\u00e7\u00e3o a quantidade de pretos, pardos e ind\u00edgenas da regi\u00e3o, para compor o c\u00e1lculo.<\/p>\n<p>Vale lembrar que o Minist\u00e9rio da Educa\u00e7\u00e3o (MEC) pode solicitar um processo de investiga\u00e7\u00e3o caso exista a suspeita de fraude. Sendo assim, nunca omita informa\u00e7\u00f5es ou se declare de uma etnia da qual n\u00e3o faz parte.<\/p>\n<h3>Como utilizar o sistema de Cotas na Universidade?<\/h3>\n<p>Voc\u00ea pode utilizar o sistema de cotas para ingressar em uma universidade federal cumprindo os requisitos estabelecidos pela lei.<\/p>\n<p>Voc\u00ea dever\u00e1 especificar no momento da inscri\u00e7\u00e3o para o vestibular que deseja concorrer a uma vaga por cota. Ao prestar o vestibular, e passar, o estudante dever\u00e1 entregar todos os documentos solicitados pela institui\u00e7\u00e3o. Isso serve para comprovar o cumprimento dos crit\u00e9rios estabelecidos por lei. Normalmente os documentos s\u00e3o: hist\u00f3rico escolar, certificado de conclus\u00e3o do ensino m\u00e9dio, comprovante de resid\u00eancia, contracheque, entre outros.<\/p>\n<h2>Resultado e futuro da Lei<\/h2>\n<p>A Lei de Cotas surgiu com a necessidade de democratizar o ensino superior, deixando-o mais plural. Al\u00e9m disso, os efeitos da lei poderiam diminuir a desigualdade social do pa\u00eds.<\/p>\n<p>J\u00e1 \u00e9 poss\u00edvel notar os resultados da lei, principalmente na quest\u00e3o racial. Segundo o Censo do Ensino Superior, feito pelo Instituto Nacional de Estudos e Pesquisas Educacionais An\u00edsio Teixeira (Inep), o percentual de pretos, pardos e ind\u00edgenas matriculados no ensino superior em 2011 era de 11%. J\u00e1 em 2016 o n\u00famero subiu para 30%. Se comparado os anos de 2012 a 2016, o n\u00famero pretos, pardos e ind\u00edgenas subiu 39%.<\/p>\n<p>A pesquisa tamb\u00e9m diz que, universidades mais seletivas e que possu\u00edam um patamar mais baixo de inclus\u00e3o social, foram as que tiveram o maior impacto positivo com as cotas no per\u00edodo analisado:<\/p>\n<ul>\n<li>Na Universidade Federal do Cear\u00e1 (UFC), o n\u00famero de pretos, pardos e ind\u00edgenas cresceu 135%;<\/li>\n<li>A Universidade Federal de Santa Catarina (UFSC) teve um crescimento de 120% de pretos, pardos e ind\u00edgenas;<\/li>\n<li>J\u00e1 a Universidade de Bras\u00edlia (UnB) teve um crescimento de 85% de pretos, pardos e ind\u00edgenas, no per\u00edodo.<\/li>\n<\/ul>\n<h3>Cotas raciais e cotas para baixa renda<\/h3>\n<p>Os n\u00fameros tamb\u00e9m mostram que as universidades que eram mais acess\u00edveis se tornaram menos inclusivas depois da lei. Foi analisado que o n\u00famero de ingresso por estudantes provenientes de escolas p\u00fablicas subiu 15% dentro do per\u00edodo de 2012 a 2016. Por\u00e9m, a maioria dos alunos matriculados j\u00e1 eram provenientes do ensino p\u00fablico (55,4%). Em 2016 o n\u00famero subiu para 63,6%. Isso quer dizer que se todos os alunos que vieram de escolas p\u00fablicas se inscreveram como cotistas, o n\u00famero de novos <a href=\"https:\/\/vaidebolsa.com.br\/5-dicas-de-como-conseguir-bolsas-de-estudo-em-escolas-particulares\/\" target=\"_blank\" rel=\"noopener\">estudantes com baixa renda<\/a> reduziu, por ficar limitado a 50%.<\/p>\n<p>Alunos de baixa renda, com renda bruta per capita igual ou inferior a 1,5 sal\u00e1rio m\u00ednimo, correspondiam a 48,2% em 2012, com um aumento de 14% em 2016, chegando em 54,8%.<\/p>\n<p>Enquanto que, como citado anteriormente, a quest\u00e3o racial obteve mais sucesso. Em 2012 havia apenas 27,7% de estudantes provenientes de escolas p\u00fablicas que se autodeclaram pretos, pardos ou ind\u00edgenas. J\u00e1 em 2016 o n\u00famero foi de 38,4%, um aumento de 39% no per\u00edodo. Alunos pretos, pardos ou ind\u00edgenas de baixa renda, com renda bruta per capita igual ou abaixo a 1,5 sal\u00e1rio m\u00ednimo, correspondiam a 24,8% em 2012, e subiram para 34% em 2016, o que representa um aumento de 37%.<\/p>\n<p>Enquanto os de escola p\u00fablica, baixa renda e ao mesmo tempo pretos, pardos e ind\u00edgenas passaram de 24,9% a 34%, num avan\u00e7o de 37%.<\/p>\n<p>Para entender um pouco mais sobre os motivos da cota de baixa renda n\u00e3o ter tido um resultado t\u00e3o expressivo no per\u00edodo de 2012 e 2016, como foi o resultado das cotas raciais \u00e9 preciso entender que:<\/p>\n<ul>\n<li>Em 2012, 82% dos brasileiros entre 18 e 24 anos possu\u00edam renda familiar per capita igual ou menor a 1,5 sal\u00e1rio m\u00ednimo. O percentual subiu para 86% em 2016, segundo a Pesquisa Nacional por Amostra de Domic\u00edlios (Pnad);<\/li>\n<li>70% dos alunos matriculados no ensino superior de institui\u00e7\u00f5es federais, faziam parte do quadro acima. Enquanto que em 2016 o n\u00famero subiu para 74%.<\/li>\n<\/ul>\n<h3>O futuro da Lei de Cotas<\/h3>\n<p>A Lei de Cotas ser\u00e1 revisada em 2022, e os especialistas j\u00e1 apontam muitas melhorias que podem ser feitas, como por exemplo:<\/p>\n<ul>\n<li>Diminuir a renda per capita para estudantes de baixa renda. Dessa forma, estudantes com renda mais baixa poderiam ter mais oportunidades;<\/li>\n<li>N\u00e3o precisar escolher entre o vestibular para ampla concorr\u00eancia ou sistema de cotas. A forma atual do sistema faz com que se crie uma grande concorr\u00eancia dentro do pr\u00f3prio universo de cotas. Este problema se torna muito percept\u00edvel quando se analisa a nota de corte de estudantes do sistema de cotas. Pois em alguns casos a nota \u00e9 maior do que o sistema de ampla concorr\u00eancia. Uma solu\u00e7\u00e3o seria adotar apenas uma lista, onde os estudantes seriam ranqueados por ordem de nota . Posteriormente seriam analisados os crit\u00e9rios de cumprimento de cotas, dentro do universo das vagas dispon\u00edveis. Se necess\u00e1rios, os \u00faltimos colocados poderiam ser substitu\u00eddos por cotistas, at\u00e9 que o n\u00famero de alunos se adequasse ao solicitado por lei;<\/li>\n<li>Outra sugest\u00e3o de especialistas \u00e9 que as cotas raciais n\u00e3o sigam o resultado do \u00faltimo Censo, pois ele pode estar defasado. O ideal seria fazer uma proje\u00e7\u00e3o com os \u00faltimos resultados, para ter uma porcentagem de alunos pretos, pardos e ind\u00edgenas mais adequada \u00e0 realidade.<\/li>\n<\/ul>\n<p>A revis\u00e3o das lei de cotas na universidade acontecer\u00e1 em 2022 porque \u00e9 quando a lei completa 10 anos, vale destacar que isso ocorrer\u00e1 no \u00faltimo ano do atual governo, Jair Bolsonaro, e ano eleitoral. Isso significa que a avalia\u00e7\u00e3o pode ganhar um peso ainda maior em \u00e2mbito nacional. Por\u00e9m, especialistas dizem que n\u00e3o est\u00e1 sendo feito um acompanhamento eficiente da Lei de Cotas pelo governo, o que pode preocupar os estudantes e a popula\u00e7\u00e3o em geral que precisa do aux\u00edlio das cotas para ingressar no ensino superior.<\/p>\n<p>Acompanhe mais not\u00edcias sobre Vestibular e Ensino Superior no Blog <a href=\"https:\/\/vaidebolsa.com.br\/\" target=\"_blank\" rel=\"noopener\">Vai de Bolsa<\/a>.<\/p>\n","protected":false},"excerpt":{"rendered":"<p>O sistema de cotas na universidade foi criado com o intuito de democratizar as oportunidades de estudo nas universidades p\u00fablicas do Brasil, diminuindo ent\u00e3o a desigualdade social. A lei n\u00ba12.711 foi sancionada em agosto de 2012 e come\u00e7ou a ser implementada de forma gradual a partir de 2013, mas ainda gera muitas d\u00favidas. A lei [&hellip;]<\/p>\n","protected":false},"author":67,"featured_media":0,"comment_status":"open","ping_status":"open","sticky":false,"template":"","format":"standard","meta":{"om_disable_all_campaigns":false,"site-sidebar-layout":"default","site-content-layout":"","ast-site-content-layout":"","site-content-style":"default","site-sidebar-style":"default","ast-global-header-display":"","ast-banner-title-visibility":"","ast-main-header-display":"","ast-hfb-above-header-display":"","ast-hfb-below-header-display":"","ast-hfb-mobile-header-display":"","site-post-title":"","ast-breadcrumbs-content":"","ast-featured-img":"","footer-sml-layout":"","theme-transparent-header-meta":"","adv-header-id-meta":"","stick-header-meta":"","header-above-stick-meta":"","header-main-stick-meta":"","header-below-stick-meta":"","astra-migrate-meta-layouts":"default","ast-page-background-enabled":"default","ast-page-background-meta":{"desktop":{"background-color":"var(--ast-global-color-4)","background-image":"","background-repeat":"repeat","background-position":"center center","background-size":"auto","background-attachment":"scroll","background-type":"","background-media":"","overlay-type":"","overlay-color":"","overlay-opacity":"","overlay-gradient":""},"tablet":{"background-color":"","background-image":"","background-repeat":"repeat","background-position":"center center","background-size":"auto","background-attachment":"scroll","background-type":"","background-media":"","overlay-type":"","overlay-color":"","overlay-opacity":"","overlay-gradient":""},"mobile":{"background-color":"","background-image":"","background-repeat":"repeat","background-position":"center center","background-size":"auto","background-attachment":"scroll","background-type":"","background-media":"","overlay-type":"","overlay-color":"","overlay-opacity":"","overlay-gradient":""}},"ast-content-background-meta":{"desktop":{"background-color":"var(--ast-global-color-5)","background-image":"","background-repeat":"repeat","background-position":"center center","background-size":"auto","background-attachment":"scroll","background-type":"","background-media":"","overlay-type":"","overlay-color":"","overlay-opacity":"","overlay-gradient":""},"tablet":{"background-color":"var(--ast-global-color-5)","background-image":"","background-repeat":"repeat","background-position":"center center","background-size":"auto","background-attachment":"scroll","background-type":"","background-media":"","overlay-type":"","overlay-color":"","overlay-opacity":"","overlay-gradient":""},"mobile":{"background-color":"var(--ast-global-color-5)","background-image":"","background-repeat":"repeat","background-position":"center center","background-size":"auto","background-attachment":"scroll","background-type":"","background-media":"","overlay-type":"","overlay-color":"","overlay-opacity":"","overlay-gradient":""}},"_themeisle_gutenberg_block_has_review":false,"footnotes":""},"categories":[151970],"tags":[],"class_list":["post-1366","post","type-post","status-publish","format-standard","hentry","category-universidades"],"yoast_head":"<!-- This site is optimized with the Yoast SEO plugin v23.4 - https:\/\/yoast.com\/wordpress\/plugins\/seo\/ -->\n<title>Lei de cotas na universidade: o que mudou nos primeiros 7 anos<\/title>\n<meta name=\"description\" content=\"Confira um balan\u00e7o dos primeiros sete anos de implanta\u00e7\u00e3o da Lei de Cotas na universidade federal. Entenda como funciona o sistema e quem pode utiliz\u00e1-lo.\" \/>\n<meta name=\"robots\" content=\"index, follow, max-snippet:-1, max-image-preview:large, max-video-preview:-1\" \/>\n<link rel=\"canonical\" href=\"https:\/\/vaidebolsa.com.br\/blog\/universidades\/cotas-na-universidade\/\" \/>\n<meta property=\"og:locale\" content=\"pt_BR\" \/>\n<meta property=\"og:type\" content=\"article\" \/>\n<meta property=\"og:title\" content=\"Lei de cotas na universidade: o que mudou nos primeiros 7 anos\" \/>\n<meta property=\"og:description\" content=\"Confira um balan\u00e7o dos primeiros sete anos de implanta\u00e7\u00e3o da Lei de Cotas na universidade federal. Entenda como funciona o sistema e quem pode utiliz\u00e1-lo.\" \/>\n<meta property=\"og:url\" content=\"https:\/\/vaidebolsa.com.br\/blog\/universidades\/cotas-na-universidade\/\" \/>\n<meta property=\"og:site_name\" content=\"Vai de Bolsa\" \/>\n<meta property=\"article:publisher\" content=\"https:\/\/www.facebook.com\/vdbeducacional\" \/>\n<meta property=\"article:published_time\" content=\"2019-09-30T15:08:05+00:00\" \/>\n<meta property=\"article:modified_time\" content=\"2023-08-14T18:58:58+00:00\" \/>\n<meta name=\"author\" content=\"Natalia Pereira\" \/>\n<meta name=\"twitter:card\" content=\"summary_large_image\" \/>\n<meta name=\"twitter:label1\" content=\"Escrito por\" \/>\n\t<meta name=\"twitter:data1\" content=\"Natalia Pereira\" \/>\n\t<meta name=\"twitter:label2\" content=\"Est. tempo de leitura\" \/>\n\t<meta name=\"twitter:data2\" content=\"7 minutos\" \/>\n<script type=\"application\/ld+json\" class=\"yoast-schema-graph\">{\"@context\":\"https:\/\/schema.org\",\"@graph\":[{\"@type\":\"Article\",\"@id\":\"https:\/\/vaidebolsa.com.br\/blog\/universidades\/cotas-na-universidade\/#article\",\"isPartOf\":{\"@id\":\"https:\/\/vaidebolsa.com.br\/blog\/universidades\/cotas-na-universidade\/\"},\"author\":{\"name\":\"Natalia Pereira\",\"@id\":\"https:\/\/vaidebolsa.com.br\/blog\/#\/schema\/person\/66c9e3f3a84ba9e04deec23f2938a105\"},\"headline\":\"Lei de cotas na universidade: o que mudou nos primeiros 7 anos de implanta\u00e7\u00e3o\",\"datePublished\":\"2019-09-30T15:08:05+00:00\",\"dateModified\":\"2023-08-14T18:58:58+00:00\",\"mainEntityOfPage\":{\"@id\":\"https:\/\/vaidebolsa.com.br\/blog\/universidades\/cotas-na-universidade\/\"},\"wordCount\":1388,\"commentCount\":0,\"publisher\":{\"@id\":\"https:\/\/vaidebolsa.com.br\/blog\/#organization\"},\"articleSection\":[\"Universidades\"],\"inLanguage\":\"pt-BR\",\"potentialAction\":[{\"@type\":\"CommentAction\",\"name\":\"Comment\",\"target\":[\"https:\/\/vaidebolsa.com.br\/blog\/universidades\/cotas-na-universidade\/#respond\"]}]},{\"@type\":\"WebPage\",\"@id\":\"https:\/\/vaidebolsa.com.br\/blog\/universidades\/cotas-na-universidade\/\",\"url\":\"https:\/\/vaidebolsa.com.br\/blog\/universidades\/cotas-na-universidade\/\",\"name\":\"Lei de cotas na universidade: o que mudou nos primeiros 7 anos\",\"isPartOf\":{\"@id\":\"https:\/\/vaidebolsa.com.br\/blog\/#website\"},\"datePublished\":\"2019-09-30T15:08:05+00:00\",\"dateModified\":\"2023-08-14T18:58:58+00:00\",\"description\":\"Confira um balan\u00e7o dos primeiros sete anos de implanta\u00e7\u00e3o da Lei de Cotas na universidade federal. Entenda como funciona o sistema e quem pode utiliz\u00e1-lo.\",\"breadcrumb\":{\"@id\":\"https:\/\/vaidebolsa.com.br\/blog\/universidades\/cotas-na-universidade\/#breadcrumb\"},\"inLanguage\":\"pt-BR\",\"potentialAction\":[{\"@type\":\"ReadAction\",\"target\":[\"https:\/\/vaidebolsa.com.br\/blog\/universidades\/cotas-na-universidade\/\"]}]},{\"@type\":\"BreadcrumbList\",\"@id\":\"https:\/\/vaidebolsa.com.br\/blog\/universidades\/cotas-na-universidade\/#breadcrumb\",\"itemListElement\":[{\"@type\":\"ListItem\",\"position\":1,\"name\":\"Home\",\"item\":\"https:\/\/vaidebolsa.com.br\/blog\/\"},{\"@type\":\"ListItem\",\"position\":2,\"name\":\"Lei de cotas na universidade: o que mudou nos primeiros 7 anos de implanta\u00e7\u00e3o\"}]},{\"@type\":\"WebSite\",\"@id\":\"https:\/\/vaidebolsa.com.br\/blog\/#website\",\"url\":\"https:\/\/vaidebolsa.com.br\/blog\/\",\"name\":\"Vai de Bolsa\",\"description\":\"Vai de Bolsa: Bolsas de Estudo com at\u00e9 70% de Desconto!\",\"publisher\":{\"@id\":\"https:\/\/vaidebolsa.com.br\/blog\/#organization\"},\"potentialAction\":[{\"@type\":\"SearchAction\",\"target\":{\"@type\":\"EntryPoint\",\"urlTemplate\":\"https:\/\/vaidebolsa.com.br\/blog\/?s={search_term_string}\"},\"query-input\":{\"@type\":\"PropertyValueSpecification\",\"valueRequired\":true,\"valueName\":\"search_term_string\"}}],\"inLanguage\":\"pt-BR\"},{\"@type\":\"Organization\",\"@id\":\"https:\/\/vaidebolsa.com.br\/blog\/#organization\",\"name\":\"Vai de Bolsa\",\"url\":\"https:\/\/vaidebolsa.com.br\/blog\/\",\"logo\":{\"@type\":\"ImageObject\",\"inLanguage\":\"pt-BR\",\"@id\":\"https:\/\/vaidebolsa.com.br\/blog\/#\/schema\/logo\/image\/\",\"url\":\"https:\/\/vaidebolsa.com.br\/blog\/wp-content\/uploads\/2022\/03\/Logo-Vai-de-Bolsa-cor-e1648649224262.png\",\"contentUrl\":\"https:\/\/vaidebolsa.com.br\/blog\/wp-content\/uploads\/2022\/03\/Logo-Vai-de-Bolsa-cor-e1648649224262.png\",\"width\":180,\"height\":90,\"caption\":\"Vai de Bolsa\"},\"image\":{\"@id\":\"https:\/\/vaidebolsa.com.br\/blog\/#\/schema\/logo\/image\/\"},\"sameAs\":[\"https:\/\/www.facebook.com\/vdbeducacional\",\"https:\/\/www.instagram.com\/vaidebolsa_\/\"]},{\"@type\":\"Person\",\"@id\":\"https:\/\/vaidebolsa.com.br\/blog\/#\/schema\/person\/66c9e3f3a84ba9e04deec23f2938a105\",\"name\":\"Natalia Pereira\",\"image\":{\"@type\":\"ImageObject\",\"inLanguage\":\"pt-BR\",\"@id\":\"https:\/\/vaidebolsa.com.br\/blog\/#\/schema\/person\/image\/\",\"url\":\"http:\/\/0.gravatar.com\/avatar\/f1ab57fb53849c617df1cb34eb8ae2d8?s=96&d=mm&r=g\",\"contentUrl\":\"http:\/\/0.gravatar.com\/avatar\/f1ab57fb53849c617df1cb34eb8ae2d8?s=96&d=mm&r=g\",\"caption\":\"Natalia Pereira\"},\"description\":\"Formada em Publicidade e Propaganda com bolsa de estudos, Nat\u00e1lia Pereira passou por todos os dilemas que envolvem a vida de um jovem que est\u00e1 prestes a sair do ensino m\u00e9dio e se depara com o desafio de entrar em uma boa faculdade pagando pouco. Hoje, aos 23 anos, atua como Analista de Marketing e escreve sobre educa\u00e7\u00e3o no Vai de Bolsa.\",\"url\":\"https:\/\/vaidebolsa.com.br\/blog\/author\/natalia\/\"}]}<\/script>\n<!-- \/ Yoast SEO plugin. -->","yoast_head_json":{"title":"Lei de cotas na universidade: o que mudou nos primeiros 7 anos","description":"Confira um balan\u00e7o dos primeiros sete anos de implanta\u00e7\u00e3o da Lei de Cotas na universidade federal. Entenda como funciona o sistema e quem pode utiliz\u00e1-lo.","robots":{"index":"index","follow":"follow","max-snippet":"max-snippet:-1","max-image-preview":"max-image-preview:large","max-video-preview":"max-video-preview:-1"},"canonical":"https:\/\/vaidebolsa.com.br\/blog\/universidades\/cotas-na-universidade\/","og_locale":"pt_BR","og_type":"article","og_title":"Lei de cotas na universidade: o que mudou nos primeiros 7 anos","og_description":"Confira um balan\u00e7o dos primeiros sete anos de implanta\u00e7\u00e3o da Lei de Cotas na universidade federal. Entenda como funciona o sistema e quem pode utiliz\u00e1-lo.","og_url":"https:\/\/vaidebolsa.com.br\/blog\/universidades\/cotas-na-universidade\/","og_site_name":"Vai de Bolsa","article_publisher":"https:\/\/www.facebook.com\/vdbeducacional","article_published_time":"2019-09-30T15:08:05+00:00","article_modified_time":"2023-08-14T18:58:58+00:00","author":"Natalia Pereira","twitter_card":"summary_large_image","twitter_misc":{"Escrito por":"Natalia Pereira","Est. tempo de leitura":"7 minutos"},"schema":{"@context":"https:\/\/schema.org","@graph":[{"@type":"Article","@id":"https:\/\/vaidebolsa.com.br\/blog\/universidades\/cotas-na-universidade\/#article","isPartOf":{"@id":"https:\/\/vaidebolsa.com.br\/blog\/universidades\/cotas-na-universidade\/"},"author":{"name":"Natalia Pereira","@id":"https:\/\/vaidebolsa.com.br\/blog\/#\/schema\/person\/66c9e3f3a84ba9e04deec23f2938a105"},"headline":"Lei de cotas na universidade: o que mudou nos primeiros 7 anos de implanta\u00e7\u00e3o","datePublished":"2019-09-30T15:08:05+00:00","dateModified":"2023-08-14T18:58:58+00:00","mainEntityOfPage":{"@id":"https:\/\/vaidebolsa.com.br\/blog\/universidades\/cotas-na-universidade\/"},"wordCount":1388,"commentCount":0,"publisher":{"@id":"https:\/\/vaidebolsa.com.br\/blog\/#organization"},"articleSection":["Universidades"],"inLanguage":"pt-BR","potentialAction":[{"@type":"CommentAction","name":"Comment","target":["https:\/\/vaidebolsa.com.br\/blog\/universidades\/cotas-na-universidade\/#respond"]}]},{"@type":"WebPage","@id":"https:\/\/vaidebolsa.com.br\/blog\/universidades\/cotas-na-universidade\/","url":"https:\/\/vaidebolsa.com.br\/blog\/universidades\/cotas-na-universidade\/","name":"Lei de cotas na universidade: o que mudou nos primeiros 7 anos","isPartOf":{"@id":"https:\/\/vaidebolsa.com.br\/blog\/#website"},"datePublished":"2019-09-30T15:08:05+00:00","dateModified":"2023-08-14T18:58:58+00:00","description":"Confira um balan\u00e7o dos primeiros sete anos de implanta\u00e7\u00e3o da Lei de Cotas na universidade federal. Entenda como funciona o sistema e quem pode utiliz\u00e1-lo.","breadcrumb":{"@id":"https:\/\/vaidebolsa.com.br\/blog\/universidades\/cotas-na-universidade\/#breadcrumb"},"inLanguage":"pt-BR","potentialAction":[{"@type":"ReadAction","target":["https:\/\/vaidebolsa.com.br\/blog\/universidades\/cotas-na-universidade\/"]}]},{"@type":"BreadcrumbList","@id":"https:\/\/vaidebolsa.com.br\/blog\/universidades\/cotas-na-universidade\/#breadcrumb","itemListElement":[{"@type":"ListItem","position":1,"name":"Home","item":"https:\/\/vaidebolsa.com.br\/blog\/"},{"@type":"ListItem","position":2,"name":"Lei de cotas na universidade: o que mudou nos primeiros 7 anos de implanta\u00e7\u00e3o"}]},{"@type":"WebSite","@id":"https:\/\/vaidebolsa.com.br\/blog\/#website","url":"https:\/\/vaidebolsa.com.br\/blog\/","name":"Vai de Bolsa","description":"Vai de Bolsa: Bolsas de Estudo com at\u00e9 70% de Desconto!","publisher":{"@id":"https:\/\/vaidebolsa.com.br\/blog\/#organization"},"potentialAction":[{"@type":"SearchAction","target":{"@type":"EntryPoint","urlTemplate":"https:\/\/vaidebolsa.com.br\/blog\/?s={search_term_string}"},"query-input":{"@type":"PropertyValueSpecification","valueRequired":true,"valueName":"search_term_string"}}],"inLanguage":"pt-BR"},{"@type":"Organization","@id":"https:\/\/vaidebolsa.com.br\/blog\/#organization","name":"Vai de Bolsa","url":"https:\/\/vaidebolsa.com.br\/blog\/","logo":{"@type":"ImageObject","inLanguage":"pt-BR","@id":"https:\/\/vaidebolsa.com.br\/blog\/#\/schema\/logo\/image\/","url":"https:\/\/vaidebolsa.com.br\/blog\/wp-content\/uploads\/2022\/03\/Logo-Vai-de-Bolsa-cor-e1648649224262.png","contentUrl":"https:\/\/vaidebolsa.com.br\/blog\/wp-content\/uploads\/2022\/03\/Logo-Vai-de-Bolsa-cor-e1648649224262.png","width":180,"height":90,"caption":"Vai de Bolsa"},"image":{"@id":"https:\/\/vaidebolsa.com.br\/blog\/#\/schema\/logo\/image\/"},"sameAs":["https:\/\/www.facebook.com\/vdbeducacional","https:\/\/www.instagram.com\/vaidebolsa_\/"]},{"@type":"Person","@id":"https:\/\/vaidebolsa.com.br\/blog\/#\/schema\/person\/66c9e3f3a84ba9e04deec23f2938a105","name":"Natalia Pereira","image":{"@type":"ImageObject","inLanguage":"pt-BR","@id":"https:\/\/vaidebolsa.com.br\/blog\/#\/schema\/person\/image\/","url":"http:\/\/0.gravatar.com\/avatar\/f1ab57fb53849c617df1cb34eb8ae2d8?s=96&d=mm&r=g","contentUrl":"http:\/\/0.gravatar.com\/avatar\/f1ab57fb53849c617df1cb34eb8ae2d8?s=96&d=mm&r=g","caption":"Natalia Pereira"},"description":"Formada em Publicidade e Propaganda com bolsa de estudos, Nat\u00e1lia Pereira passou por todos os dilemas que envolvem a vida de um jovem que est\u00e1 prestes a sair do ensino m\u00e9dio e se depara com o desafio de entrar em uma boa faculdade pagando pouco. Hoje, aos 23 anos, atua como Analista de Marketing e escreve sobre educa\u00e7\u00e3o no Vai de Bolsa.","url":"https:\/\/vaidebolsa.com.br\/blog\/author\/natalia\/"}]}},"_links":{"self":[{"href":"https:\/\/vaidebolsa.com.br\/blog\/wp-json\/wp\/v2\/posts\/1366"}],"collection":[{"href":"https:\/\/vaidebolsa.com.br\/blog\/wp-json\/wp\/v2\/posts"}],"about":[{"href":"https:\/\/vaidebolsa.com.br\/blog\/wp-json\/wp\/v2\/types\/post"}],"author":[{"embeddable":true,"href":"https:\/\/vaidebolsa.com.br\/blog\/wp-json\/wp\/v2\/users\/67"}],"replies":[{"embeddable":true,"href":"https:\/\/vaidebolsa.com.br\/blog\/wp-json\/wp\/v2\/comments?post=1366"}],"version-history":[{"count":1,"href":"https:\/\/vaidebolsa.com.br\/blog\/wp-json\/wp\/v2\/posts\/1366\/revisions"}],"predecessor-version":[{"id":17181322203,"href":"https:\/\/vaidebolsa.com.br\/blog\/wp-json\/wp\/v2\/posts\/1366\/revisions\/17181322203"}],"wp:attachment":[{"href":"https:\/\/vaidebolsa.com.br\/blog\/wp-json\/wp\/v2\/media?parent=1366"}],"wp:term":[{"taxonomy":"category","embeddable":true,"href":"https:\/\/vaidebolsa.com.br\/blog\/wp-json\/wp\/v2\/categories?post=1366"},{"taxonomy":"post_tag","embeddable":true,"href":"https:\/\/vaidebolsa.com.br\/blog\/wp-json\/wp\/v2\/tags?post=1366"}],"curies":[{"name":"wp","href":"https:\/\/api.w.org\/{rel}","templated":true}]}}