{"id":1890,"date":"2019-10-13T22:42:53","date_gmt":"2019-10-14T01:42:53","guid":{"rendered":"https:\/\/vaidebolsa.com.br\/?p=1890"},"modified":"2023-10-10T11:22:42","modified_gmt":"2023-10-10T14:22:42","slug":"renda-familiar-dos-estudantes","status":"publish","type":"post","link":"https:\/\/vaidebolsa.com.br\/blog\/universidades\/renda-familiar-dos-estudantes\/","title":{"rendered":"Renda familiar de 70% dos estudantes de universidades federais \u00e9 baixa"},"content":{"rendered":"<p><!DOCTYPE html PUBLIC \"-\/\/W3C\/\/DTD HTML 4.0 Transitional\/\/EN\" \"http:\/\/www.w3.org\/TR\/REC-html40\/loose.dtd\"><br \/>\n<?xml encoding=\"utf-8\" ?><html><body><\/p>\n<p>Em conversas e discuss&otilde;es sobre o ensino superior no Brasil, &eacute; comum surgir sempre os mesmos t&oacute;picos. Como por exemplo: cotas, comportamentos, vestibular e depress&atilde;o. Eventualmente, outro tema pol&ecirc;mico que costuma aparecer &eacute; referente a renda familiar dos estudantes do Brasil.<\/p>\n<p>Isso porque muitas pessoas acreditam que os estudantes de universidades federais possuem uma boa condi&ccedil;&atilde;o financeira.&nbsp;Ent&atilde;o, poderiam custear, do pr&oacute;prio bolso, uma faculdade particular.<\/p>\n<p>Dessa forma, estes estudantes estariam utilizando vagas p&uacute;blicas que poderiam ser destinadas a pessoas de baixa renda. E ent&atilde;o, ser&aacute; que essa informa&ccedil;&atilde;o &eacute; verdadeira? Entenda mais sobre a renda familiar dos estudantes do Brasil.\n<\/p>\n<h2>Perfil socioecon&ocirc;mico dos estudantes das universidades federais<\/h2>\n<p>Em 2018 foi realizada a quinta edi&ccedil;&atilde;o da <a href=\"https:\/\/www.andifes.org.br\/dois-tercos-dos-universitarios-das-federais-tem-renda-familiar-de-15-salario-minimo\/\" target=\"_blank\" rel=\"noopener noreferrer\">Pesquisa do Perfil Socioecon&ocirc;mico<\/a> dos Estudantes das Universidades Federais do Brasil. A pesquisa &eacute; realizada pela Associa&ccedil;&atilde;o Nacional dos Dirigentes das Institui&ccedil;&otilde;es Federais de Ensino Superior (Andifes) em parceria com o F&oacute;rum Nacional de Pr&oacute;-Reitores de Assist&ecirc;ncia Estudantil (Fonaprace).<\/p>\n<p>De fato, o resultado acaba com o mito de que os estudantes possuem condi&ccedil;&atilde;o financeira para bancar o pr&oacute;prio estudo. Segundo a pesquisa, cerca de 70% dos estudantes de universidades federais brasileiras s&atilde;o de baixa renda.<\/p>\n<p>Isso significa que estes estudantes possuem uma renda familiar per capita de at&eacute; 1,5 sal&aacute;rio m&iacute;nimo por m&ecirc;s.<\/p>\n<p>Al&eacute;m disso, os universit&aacute;rios com uma renda familiar per capita acima de 10 sal&aacute;rios m&iacute;nimos s&atilde;o exce&ccedil;&atilde;o. Ou seja, somados eles n&atilde;o chegam a 1% do p&uacute;blico total das universidades federais.<\/p>\n<p>Outro fato importante citado na pesquisa &eacute; que, al&eacute;m de n&atilde;o possuir condi&ccedil;&otilde;es financeiras para pagar os estudos em uma universidade particular, os alunos de baixa renda das universidades brasileiras, ainda precisam de aux&iacute;lio financeiro para conseguir se sustentar durante o per&iacute;odo letivo.<\/p>\n<p>Estes estudantes que necessitam de aux&iacute;lio financeiro para alimenta&ccedil;&atilde;o e transporte representam 30%, e a grande maioria recebe aux&iacute;lio para alimenta&ccedil;&atilde;o.<\/p>\n<p>Sendo assim &#8220;os dados desmistificam qualquer tipo de informa&ccedil;&atilde;o que as universidades hoje s&atilde;o majoritariamente da elite econ&ocirc;mica, que poderia sustentar parte dos gastos das institui&ccedil;&otilde;es&#8221;, segundo Reinaldo Centoducatte, presidente da Andifes.<\/p>\n<p>Gustavo Balduino, secret&aacute;rio executivo da Andifes, complementa que o resultado da pesquisa, e seus insumos, ajudam a aumentar a efici&ecirc;ncia da gest&atilde;o dos recursos p&uacute;blicos destinados &agrave;s universidades federais.<\/p>\n<h2>Pol&iacute;ticas sociais contribu&iacute;ram para este n&uacute;mero<\/h2>\n<p>S&oacute; foi poss&iacute;vel chegar a dois ter&ccedil;os de universit&aacute;rios provenientes de baixa renda nas universidades federais gra&ccedil;as a pol&iacute;ticas sociais.<\/p>\n<p>A inclus&atilde;o de jovens com esse perfil se deu pela massifica&ccedil;&atilde;o dos processos seletivos, como por exemplo o Enem, pela cria&ccedil;&atilde;o de mais de 300 campi no interior do Brasil e pela <a href=\"https:\/\/vaidebolsa.com.br\/cotas-na-universidade\/\" target=\"_blank\" rel=\"noopener noreferrer\">Lei de Cotas<\/a>, que foi criada em 2013.<\/p>\n<p>Entenda abaixo um pouco mais sobre as pol&iacute;ticas sociais adotadas no ensino superior brasileiro.<\/p>\n<h3>A hist&oacute;ria do Enem<\/h3>\n<p>O Enem foi criado em 1999, seu intuito era avaliar os conhecimentos dos estudantes do &uacute;ltimo ano do ensino m&eacute;dio. A participa&ccedil;&atilde;o no exame era volunt&aacute;ria e recebeu cerca de 157 mil inscri&ccedil;&otilde;es.<\/p>\n<p>Alguns anos depois, em 2001, foi decretado que estudantes de escolas p&uacute;blicas teriam a isen&ccedil;&atilde;o da taxa da inscri&ccedil;&atilde;o. Sendo assim, o n&uacute;mero de participantes cresceu. Foram mais de 1,6 milh&atilde;o de estudantes inscritos no exame do Enem naquele ano.<\/p>\n<p>Em 2004 foi lan&ccedil;ado o <a href=\"https:\/\/vaidebolsa.com.br\/prouni\/\" target=\"_blank\" rel=\"noopener noreferrer\">Programa Universidade para Todos<\/a> (ProUni) e a nota do Enem passou a ser um dos crit&eacute;rios para os estudantes concorrerem a bolsas do programa. Foram 1,5 inscritos no exame nesse ano.<\/p>\n<p>A grande mudan&ccedil;a, que reflete ainda hoje nos n&uacute;meros que vemos acima, foi a cria&ccedil;&atilde;o do&nbsp;<span style=\"font-size: 1rem;\"><a href=\"https:\/\/vaidebolsa.com.br\/sisu\/\" target=\"_blank\" rel=\"noopener noreferrer\">Sistema de Sele&ccedil;&atilde;o Unificada<\/a> (Sisu), criado em 2009 pelo Minist&eacute;rio da Educa&ccedil;&atilde;o. Foram mais de 4,1 milh&otilde;es de inscritos no<\/span><span style=\"font-size: 1rem;\">&nbsp;<\/span><span style=\"font-size: 1rem;\">exame naquele ano. <\/span><\/p>\n<p><span style=\"font-size: 1rem;\">Outra mudan&ccedil;a que aconteceu, foi a ado&ccedil;&atilde;o da Teoria de Resposta ao Item (TRI) ao exame. <\/span><\/p>\n<p><span style=\"font-size: 1rem;\">Com esta metodologia, al&eacute;m de estimar as dificuldades dos itens e a profici&ecirc;ncia dos estudantes, &eacute; poss&iacute;vel que os itens de diferentes edi&ccedil;&otilde;es da prova sejam posicionados em uma mesma escala. Entenda tudo sobre a TRI do Enem, <\/span><a style=\"background-color: #efefef; font-size: 1rem;\" href=\"https:\/\/vaidebolsa.com.br\/como-funciona-a-tri-do-enem\/\" target=\"_blank\" rel=\"noopener noreferrer\">acessando aqui.<\/a><\/p>\n<p>Em 2013 foram 7,1 milh&otilde;es de inscritos. Al&eacute;m do grande n&uacute;mero de inscritos, que estava em crescente, a partir deste ano, tamb&eacute;m foi poss&iacute;vel utilizar a nota do exame para concorrer a bolsas de estudos do Programa Ci&ecirc;ncia Sem Fronteiras.<\/p>\n<p>O recorde de inscritos no exame aconteceu em 2014, quando as inscri&ccedil;&otilde;es chegaram a 8,7 milh&otilde;es. Ap&oacute;s isso a quantidade de inscritos foi:<\/p>\n<ul>\n<li><strong>2015 &#8211;<\/strong> 7,7 milh&otilde;es;<\/li>\n<li><strong>2016 &#8211;<\/strong> 8,6 milh&otilde;es;<\/li>\n<li><strong>2017 &#8211;<\/strong> 6,7 milh&otilde;es;<\/li>\n<li><strong>2018 &#8211;<\/strong> 5,5 milh&otilde;es;<\/li>\n<li><strong>2019 &#8211;<\/strong> 5 milh&otilde;es.<\/li>\n<\/ul>\n<h4>As mudan&ccedil;as do Exame<\/h4>\n<p><span style=\"font-family: -apple-system, BlinkMacSystemFont, 'Segoe UI', Roboto, 'Helvetica Neue', Arial, sans-serif; font-size: 1rem;\">Algumas mudan&ccedil;as est&atilde;o acontecendo no ensino brasileiro, como por exemplo a cria&ccedil;&atilde;o do Novo Ensino M&eacute;dio. Com todas as mudan&ccedil;as no ensino, atreladas ao mundo conectado em que vivemos, o Enem tamb&eacute;m ser&aacute; adaptado. <\/span><\/p>\n<p><span style=\"font-family: -apple-system, BlinkMacSystemFont, 'Segoe UI', Roboto, 'Helvetica Neue', Arial, sans-serif; font-size: 1rem;\">Ainda n&atilde;o est&aacute; claro quais <a href=\"https:\/\/vaidebolsa.com.br\/enem\/\" target=\"_blank\" rel=\"noopener noreferrer\">mudan&ccedil;as o Enem<\/a> ir&aacute; sofrer, em resultado ao novo ensino m&eacute;dio, por&eacute;m, sabe-se que uma nova <a href=\"https:\/\/vaidebolsa.com.br\/enem-digital\/\" target=\"_blank\" rel=\"noopener noreferrer\">modalidade digital<\/a> do exame estar&aacute; em fase de testes &agrave; partir de 2020.<\/span><\/p>\n<p>Nota-se que o n&uacute;mero de inscritos no Enem caiu drasticamente nos &uacute;ltimos anos. Por&eacute;m, s<span style=\"font-family: -apple-system, BlinkMacSystemFont, 'Segoe UI', Roboto, 'Helvetica Neue', Arial, sans-serif; font-size: 1rem;\">egundo o Ministro da Educa&ccedil;&atilde;o Abraham Weintraub,&nbsp;<\/span>este n&uacute;mero n&atilde;o deve ser uma preocupa&ccedil;&atilde;o. Segundo o ministro, na realidade&nbsp;<span style=\"font-family: -apple-system, BlinkMacSystemFont, 'Segoe UI', Roboto, 'Helvetica Neue', Arial, sans-serif; font-size: 1rem;\">&#8220;isso confirma o sucesso das mudan&ccedil;as adotadas pelo Minist&eacute;rio da Educa&ccedil;&atilde;o e pelo Inep desde 2016 para promover a inscri&ccedil;&atilde;o consciente e evitar a absten&ccedil;&otilde;es e desperd&iacute;cio da verba p&uacute;blica&#8221;. <\/span><\/p>\n<p><span style=\"font-family: -apple-system, BlinkMacSystemFont, 'Segoe UI', Roboto, 'Helvetica Neue', Arial, sans-serif; font-size: 1rem;\">O n&uacute;mero de participantes, segundo o Minist&eacute;rio da Educa&ccedil;&atilde;o (MEC) &eacute; pr&oacute;ximo de 4,2 milh&otilde;es.&nbsp;<\/span><\/p>\n<h5>O sistema de Cotas<\/h5>\n<p>A Lei de Cotas (lei n&ordm;12.711) passou a vigorar em Agosto de 2012. Seu intuito &eacute; democratizar o estudo nas universidades federais do Brasil.<\/p>\n<p>Atualmente, 50% das vagas s&atilde;o destinados &agrave; alunos que fizeram todo o ensino m&eacute;dio em escola p&uacute;blica. Dentro das cotas, ainda existem uma subdivis&atilde;o:<\/p>\n<ul>\n<li>25% das vagas s&atilde;o destinadas &agrave; alunos de baixa renda, oriundos de escola p&uacute;blica, que possuam renda familiar per capita de at&eacute; 1,5 sal&aacute;rio m&iacute;nimo por m&ecirc;s;<\/li>\n<li>25% das vagas s&atilde;o para alunos oriundos de escola p&uacute;blica, que possuam renda familiar per capita superior &agrave; 1,5 sal&aacute;rio m&iacute;nimo por m&ecirc;s.<\/li>\n<\/ul>\n<p>Al&eacute;m disso, ainda existem as cotas raciais. Segundo a lei, a porcentagem de alunos pretos, pardos e ind&iacute;genas nas universidades deve ser equivalente &agrave; propor&ccedil;&atilde;o do Estado em que a institui&ccedil;&atilde;o se encontra, seguindo os dados do levantamento realizado pelo Instituto Brasileiro de Geografia e Estat&iacute;stica (IBGE).<\/p>\n<p>A lei de cotas garantiu o ingresso de 32% dos estudantes, das 63 universidades federais do Brasil nos &uacute;ltimos anos.<\/p>\n<p>Dentro do universo de 70,2% de estudantes de baixa renda, apontados pela pesquisa do Andifes, mais de 51% dos estudantes de autodeclaram negros. Vale ressaltar que esse n&uacute;mero triplicou desde o ano de 2003.<\/p>\n<p>Ainda segundo o Andifes, o aumento de alunos de baixa renda e alunos que se autodeclaram negros dentro das universidades federais foi proveniente da lei de cotas.<\/p>\n<p>Acompanhe mais not&iacute;cias como essa sobre renda familiar dos estudantes no <a href=\"https:\/\/vaidebolsa.com.br\/\" target=\"_blank\" rel=\"noopener noreferrer\">Blog Vai de Bolsa<\/a>!<\/body><\/html><\/p>\n","protected":false},"excerpt":{"rendered":"<p>Em conversas e discuss&otilde;es sobre o ensino superior no Brasil, &eacute; comum surgir sempre os mesmos t&oacute;picos. Como por exemplo: cotas, comportamentos, vestibular e depress&atilde;o. Eventualmente, outro tema pol&ecirc;mico que costuma aparecer &eacute; referente a renda familiar dos estudantes do Brasil. Isso porque muitas pessoas acreditam que os estudantes de universidades federais possuem uma boa [&hellip;]<\/p>\n","protected":false},"author":67,"featured_media":0,"comment_status":"open","ping_status":"open","sticky":false,"template":"","format":"standard","meta":{"om_disable_all_campaigns":false,"site-sidebar-layout":"default","site-content-layout":"","ast-site-content-layout":"","site-content-style":"default","site-sidebar-style":"default","ast-global-header-display":"","ast-banner-title-visibility":"","ast-main-header-display":"","ast-hfb-above-header-display":"","ast-hfb-below-header-display":"","ast-hfb-mobile-header-display":"","site-post-title":"","ast-breadcrumbs-content":"","ast-featured-img":"","footer-sml-layout":"","theme-transparent-header-meta":"","adv-header-id-meta":"","stick-header-meta":"","header-above-stick-meta":"","header-main-stick-meta":"","header-below-stick-meta":"","astra-migrate-meta-layouts":"default","ast-page-background-enabled":"default","ast-page-background-meta":{"desktop":{"background-color":"var(--ast-global-color-4)","background-image":"","background-repeat":"repeat","background-position":"center center","background-size":"auto","background-attachment":"scroll","background-type":"","background-media":"","overlay-type":"","overlay-color":"","overlay-opacity":"","overlay-gradient":""},"tablet":{"background-color":"","background-image":"","background-repeat":"repeat","background-position":"center center","background-size":"auto","background-attachment":"scroll","background-type":"","background-media":"","overlay-type":"","overlay-color":"","overlay-opacity":"","overlay-gradient":""},"mobile":{"background-color":"","background-image":"","background-repeat":"repeat","background-position":"center center","background-size":"auto","background-attachment":"scroll","background-type":"","background-media":"","overlay-type":"","overlay-color":"","overlay-opacity":"","overlay-gradient":""}},"ast-content-background-meta":{"desktop":{"background-color":"var(--ast-global-color-5)","background-image":"","background-repeat":"repeat","background-position":"center center","background-size":"auto","background-attachment":"scroll","background-type":"","background-media":"","overlay-type":"","overlay-color":"","overlay-opacity":"","overlay-gradient":""},"tablet":{"background-color":"var(--ast-global-color-5)","background-image":"","background-repeat":"repeat","background-position":"center center","background-size":"auto","background-attachment":"scroll","background-type":"","background-media":"","overlay-type":"","overlay-color":"","overlay-opacity":"","overlay-gradient":""},"mobile":{"background-color":"var(--ast-global-color-5)","background-image":"","background-repeat":"repeat","background-position":"center center","background-size":"auto","background-attachment":"scroll","background-type":"","background-media":"","overlay-type":"","overlay-color":"","overlay-opacity":"","overlay-gradient":""}},"_themeisle_gutenberg_block_has_review":false,"footnotes":""},"categories":[151978,151970],"tags":[],"class_list":["post-1890","post","type-post","status-publish","format-standard","hentry","category-noticias","category-universidades"],"yoast_head":"<!-- This site is optimized with the Yoast SEO plugin v23.4 - https:\/\/yoast.com\/wordpress\/plugins\/seo\/ -->\n<title>Renda familiar dos estudantes: 70% nas federais \u00e9 baixa renda<\/title>\n<meta name=\"description\" content=\"Resultado de pesquisa sobre renda familiar dos estudantes acaba com o mito de que eles possuem condi\u00e7\u00e3o financeira para bancar o pr\u00f3prio estudo.\" \/>\n<meta name=\"robots\" content=\"index, follow, max-snippet:-1, max-image-preview:large, max-video-preview:-1\" \/>\n<link rel=\"canonical\" href=\"https:\/\/vaidebolsa.com.br\/blog\/universidades\/renda-familiar-dos-estudantes\/\" \/>\n<meta property=\"og:locale\" content=\"pt_BR\" \/>\n<meta property=\"og:type\" content=\"article\" \/>\n<meta property=\"og:title\" content=\"Renda familiar dos estudantes: 70% nas federais \u00e9 baixa renda\" \/>\n<meta property=\"og:description\" content=\"Resultado de pesquisa sobre renda familiar dos estudantes acaba com o mito de que eles possuem condi\u00e7\u00e3o financeira para bancar o pr\u00f3prio estudo.\" \/>\n<meta property=\"og:url\" content=\"https:\/\/vaidebolsa.com.br\/blog\/universidades\/renda-familiar-dos-estudantes\/\" \/>\n<meta property=\"og:site_name\" content=\"Vai de Bolsa\" \/>\n<meta property=\"article:publisher\" content=\"https:\/\/www.facebook.com\/vdbeducacional\" \/>\n<meta property=\"article:published_time\" content=\"2019-10-14T01:42:53+00:00\" \/>\n<meta property=\"article:modified_time\" content=\"2023-10-10T14:22:42+00:00\" \/>\n<meta name=\"author\" content=\"Natalia Pereira\" \/>\n<meta name=\"twitter:card\" content=\"summary_large_image\" \/>\n<meta name=\"twitter:label1\" content=\"Escrito por\" \/>\n\t<meta name=\"twitter:data1\" content=\"Natalia Pereira\" \/>\n\t<meta name=\"twitter:label2\" content=\"Est. tempo de leitura\" \/>\n\t<meta name=\"twitter:data2\" content=\"7 minutos\" \/>\n<script type=\"application\/ld+json\" class=\"yoast-schema-graph\">{\"@context\":\"https:\/\/schema.org\",\"@graph\":[{\"@type\":\"Article\",\"@id\":\"https:\/\/vaidebolsa.com.br\/blog\/universidades\/renda-familiar-dos-estudantes\/#article\",\"isPartOf\":{\"@id\":\"https:\/\/vaidebolsa.com.br\/blog\/universidades\/renda-familiar-dos-estudantes\/\"},\"author\":{\"name\":\"Natalia Pereira\",\"@id\":\"https:\/\/vaidebolsa.com.br\/blog\/#\/schema\/person\/66c9e3f3a84ba9e04deec23f2938a105\"},\"headline\":\"Renda familiar de 70% dos estudantes de universidades federais \u00e9 baixa\",\"datePublished\":\"2019-10-14T01:42:53+00:00\",\"dateModified\":\"2023-10-10T14:22:42+00:00\",\"mainEntityOfPage\":{\"@id\":\"https:\/\/vaidebolsa.com.br\/blog\/universidades\/renda-familiar-dos-estudantes\/\"},\"wordCount\":1448,\"commentCount\":0,\"publisher\":{\"@id\":\"https:\/\/vaidebolsa.com.br\/blog\/#organization\"},\"articleSection\":[\"Not\u00edcias\",\"Universidades\"],\"inLanguage\":\"pt-BR\",\"potentialAction\":[{\"@type\":\"CommentAction\",\"name\":\"Comment\",\"target\":[\"https:\/\/vaidebolsa.com.br\/blog\/universidades\/renda-familiar-dos-estudantes\/#respond\"]}]},{\"@type\":\"WebPage\",\"@id\":\"https:\/\/vaidebolsa.com.br\/blog\/universidades\/renda-familiar-dos-estudantes\/\",\"url\":\"https:\/\/vaidebolsa.com.br\/blog\/universidades\/renda-familiar-dos-estudantes\/\",\"name\":\"Renda familiar dos estudantes: 70% nas federais \u00e9 baixa renda\",\"isPartOf\":{\"@id\":\"https:\/\/vaidebolsa.com.br\/blog\/#website\"},\"datePublished\":\"2019-10-14T01:42:53+00:00\",\"dateModified\":\"2023-10-10T14:22:42+00:00\",\"description\":\"Resultado de pesquisa sobre renda familiar dos estudantes acaba com o mito de que eles possuem condi\u00e7\u00e3o financeira para bancar o pr\u00f3prio estudo.\",\"breadcrumb\":{\"@id\":\"https:\/\/vaidebolsa.com.br\/blog\/universidades\/renda-familiar-dos-estudantes\/#breadcrumb\"},\"inLanguage\":\"pt-BR\",\"potentialAction\":[{\"@type\":\"ReadAction\",\"target\":[\"https:\/\/vaidebolsa.com.br\/blog\/universidades\/renda-familiar-dos-estudantes\/\"]}]},{\"@type\":\"BreadcrumbList\",\"@id\":\"https:\/\/vaidebolsa.com.br\/blog\/universidades\/renda-familiar-dos-estudantes\/#breadcrumb\",\"itemListElement\":[{\"@type\":\"ListItem\",\"position\":1,\"name\":\"Home\",\"item\":\"https:\/\/vaidebolsa.com.br\/blog\/\"},{\"@type\":\"ListItem\",\"position\":2,\"name\":\"Renda familiar de 70% dos estudantes de universidades federais \u00e9 baixa\"}]},{\"@type\":\"WebSite\",\"@id\":\"https:\/\/vaidebolsa.com.br\/blog\/#website\",\"url\":\"https:\/\/vaidebolsa.com.br\/blog\/\",\"name\":\"Vai de Bolsa\",\"description\":\"Vai de Bolsa: Bolsas de Estudo com at\u00e9 70% de Desconto!\",\"publisher\":{\"@id\":\"https:\/\/vaidebolsa.com.br\/blog\/#organization\"},\"potentialAction\":[{\"@type\":\"SearchAction\",\"target\":{\"@type\":\"EntryPoint\",\"urlTemplate\":\"https:\/\/vaidebolsa.com.br\/blog\/?s={search_term_string}\"},\"query-input\":{\"@type\":\"PropertyValueSpecification\",\"valueRequired\":true,\"valueName\":\"search_term_string\"}}],\"inLanguage\":\"pt-BR\"},{\"@type\":\"Organization\",\"@id\":\"https:\/\/vaidebolsa.com.br\/blog\/#organization\",\"name\":\"Vai de Bolsa\",\"url\":\"https:\/\/vaidebolsa.com.br\/blog\/\",\"logo\":{\"@type\":\"ImageObject\",\"inLanguage\":\"pt-BR\",\"@id\":\"https:\/\/vaidebolsa.com.br\/blog\/#\/schema\/logo\/image\/\",\"url\":\"https:\/\/vaidebolsa.com.br\/blog\/wp-content\/uploads\/2022\/03\/Logo-Vai-de-Bolsa-cor-e1648649224262.png\",\"contentUrl\":\"https:\/\/vaidebolsa.com.br\/blog\/wp-content\/uploads\/2022\/03\/Logo-Vai-de-Bolsa-cor-e1648649224262.png\",\"width\":180,\"height\":90,\"caption\":\"Vai de Bolsa\"},\"image\":{\"@id\":\"https:\/\/vaidebolsa.com.br\/blog\/#\/schema\/logo\/image\/\"},\"sameAs\":[\"https:\/\/www.facebook.com\/vdbeducacional\",\"https:\/\/www.instagram.com\/vaidebolsa_\/\"]},{\"@type\":\"Person\",\"@id\":\"https:\/\/vaidebolsa.com.br\/blog\/#\/schema\/person\/66c9e3f3a84ba9e04deec23f2938a105\",\"name\":\"Natalia Pereira\",\"image\":{\"@type\":\"ImageObject\",\"inLanguage\":\"pt-BR\",\"@id\":\"https:\/\/vaidebolsa.com.br\/blog\/#\/schema\/person\/image\/\",\"url\":\"http:\/\/0.gravatar.com\/avatar\/f1ab57fb53849c617df1cb34eb8ae2d8?s=96&d=mm&r=g\",\"contentUrl\":\"http:\/\/0.gravatar.com\/avatar\/f1ab57fb53849c617df1cb34eb8ae2d8?s=96&d=mm&r=g\",\"caption\":\"Natalia Pereira\"},\"description\":\"Formada em Publicidade e Propaganda com bolsa de estudos, Nat\u00e1lia Pereira passou por todos os dilemas que envolvem a vida de um jovem que est\u00e1 prestes a sair do ensino m\u00e9dio e se depara com o desafio de entrar em uma boa faculdade pagando pouco. Hoje, aos 23 anos, atua como Analista de Marketing e escreve sobre educa\u00e7\u00e3o no Vai de Bolsa.\",\"url\":\"https:\/\/vaidebolsa.com.br\/blog\/author\/natalia\/\"}]}<\/script>\n<!-- \/ Yoast SEO plugin. -->","yoast_head_json":{"title":"Renda familiar dos estudantes: 70% nas federais \u00e9 baixa renda","description":"Resultado de pesquisa sobre renda familiar dos estudantes acaba com o mito de que eles possuem condi\u00e7\u00e3o financeira para bancar o pr\u00f3prio estudo.","robots":{"index":"index","follow":"follow","max-snippet":"max-snippet:-1","max-image-preview":"max-image-preview:large","max-video-preview":"max-video-preview:-1"},"canonical":"https:\/\/vaidebolsa.com.br\/blog\/universidades\/renda-familiar-dos-estudantes\/","og_locale":"pt_BR","og_type":"article","og_title":"Renda familiar dos estudantes: 70% nas federais \u00e9 baixa renda","og_description":"Resultado de pesquisa sobre renda familiar dos estudantes acaba com o mito de que eles possuem condi\u00e7\u00e3o financeira para bancar o pr\u00f3prio estudo.","og_url":"https:\/\/vaidebolsa.com.br\/blog\/universidades\/renda-familiar-dos-estudantes\/","og_site_name":"Vai de Bolsa","article_publisher":"https:\/\/www.facebook.com\/vdbeducacional","article_published_time":"2019-10-14T01:42:53+00:00","article_modified_time":"2023-10-10T14:22:42+00:00","author":"Natalia Pereira","twitter_card":"summary_large_image","twitter_misc":{"Escrito por":"Natalia Pereira","Est. tempo de leitura":"7 minutos"},"schema":{"@context":"https:\/\/schema.org","@graph":[{"@type":"Article","@id":"https:\/\/vaidebolsa.com.br\/blog\/universidades\/renda-familiar-dos-estudantes\/#article","isPartOf":{"@id":"https:\/\/vaidebolsa.com.br\/blog\/universidades\/renda-familiar-dos-estudantes\/"},"author":{"name":"Natalia Pereira","@id":"https:\/\/vaidebolsa.com.br\/blog\/#\/schema\/person\/66c9e3f3a84ba9e04deec23f2938a105"},"headline":"Renda familiar de 70% dos estudantes de universidades federais \u00e9 baixa","datePublished":"2019-10-14T01:42:53+00:00","dateModified":"2023-10-10T14:22:42+00:00","mainEntityOfPage":{"@id":"https:\/\/vaidebolsa.com.br\/blog\/universidades\/renda-familiar-dos-estudantes\/"},"wordCount":1448,"commentCount":0,"publisher":{"@id":"https:\/\/vaidebolsa.com.br\/blog\/#organization"},"articleSection":["Not\u00edcias","Universidades"],"inLanguage":"pt-BR","potentialAction":[{"@type":"CommentAction","name":"Comment","target":["https:\/\/vaidebolsa.com.br\/blog\/universidades\/renda-familiar-dos-estudantes\/#respond"]}]},{"@type":"WebPage","@id":"https:\/\/vaidebolsa.com.br\/blog\/universidades\/renda-familiar-dos-estudantes\/","url":"https:\/\/vaidebolsa.com.br\/blog\/universidades\/renda-familiar-dos-estudantes\/","name":"Renda familiar dos estudantes: 70% nas federais \u00e9 baixa renda","isPartOf":{"@id":"https:\/\/vaidebolsa.com.br\/blog\/#website"},"datePublished":"2019-10-14T01:42:53+00:00","dateModified":"2023-10-10T14:22:42+00:00","description":"Resultado de pesquisa sobre renda familiar dos estudantes acaba com o mito de que eles possuem condi\u00e7\u00e3o financeira para bancar o pr\u00f3prio estudo.","breadcrumb":{"@id":"https:\/\/vaidebolsa.com.br\/blog\/universidades\/renda-familiar-dos-estudantes\/#breadcrumb"},"inLanguage":"pt-BR","potentialAction":[{"@type":"ReadAction","target":["https:\/\/vaidebolsa.com.br\/blog\/universidades\/renda-familiar-dos-estudantes\/"]}]},{"@type":"BreadcrumbList","@id":"https:\/\/vaidebolsa.com.br\/blog\/universidades\/renda-familiar-dos-estudantes\/#breadcrumb","itemListElement":[{"@type":"ListItem","position":1,"name":"Home","item":"https:\/\/vaidebolsa.com.br\/blog\/"},{"@type":"ListItem","position":2,"name":"Renda familiar de 70% dos estudantes de universidades federais \u00e9 baixa"}]},{"@type":"WebSite","@id":"https:\/\/vaidebolsa.com.br\/blog\/#website","url":"https:\/\/vaidebolsa.com.br\/blog\/","name":"Vai de Bolsa","description":"Vai de Bolsa: Bolsas de Estudo com at\u00e9 70% de Desconto!","publisher":{"@id":"https:\/\/vaidebolsa.com.br\/blog\/#organization"},"potentialAction":[{"@type":"SearchAction","target":{"@type":"EntryPoint","urlTemplate":"https:\/\/vaidebolsa.com.br\/blog\/?s={search_term_string}"},"query-input":{"@type":"PropertyValueSpecification","valueRequired":true,"valueName":"search_term_string"}}],"inLanguage":"pt-BR"},{"@type":"Organization","@id":"https:\/\/vaidebolsa.com.br\/blog\/#organization","name":"Vai de Bolsa","url":"https:\/\/vaidebolsa.com.br\/blog\/","logo":{"@type":"ImageObject","inLanguage":"pt-BR","@id":"https:\/\/vaidebolsa.com.br\/blog\/#\/schema\/logo\/image\/","url":"https:\/\/vaidebolsa.com.br\/blog\/wp-content\/uploads\/2022\/03\/Logo-Vai-de-Bolsa-cor-e1648649224262.png","contentUrl":"https:\/\/vaidebolsa.com.br\/blog\/wp-content\/uploads\/2022\/03\/Logo-Vai-de-Bolsa-cor-e1648649224262.png","width":180,"height":90,"caption":"Vai de Bolsa"},"image":{"@id":"https:\/\/vaidebolsa.com.br\/blog\/#\/schema\/logo\/image\/"},"sameAs":["https:\/\/www.facebook.com\/vdbeducacional","https:\/\/www.instagram.com\/vaidebolsa_\/"]},{"@type":"Person","@id":"https:\/\/vaidebolsa.com.br\/blog\/#\/schema\/person\/66c9e3f3a84ba9e04deec23f2938a105","name":"Natalia Pereira","image":{"@type":"ImageObject","inLanguage":"pt-BR","@id":"https:\/\/vaidebolsa.com.br\/blog\/#\/schema\/person\/image\/","url":"http:\/\/0.gravatar.com\/avatar\/f1ab57fb53849c617df1cb34eb8ae2d8?s=96&d=mm&r=g","contentUrl":"http:\/\/0.gravatar.com\/avatar\/f1ab57fb53849c617df1cb34eb8ae2d8?s=96&d=mm&r=g","caption":"Natalia Pereira"},"description":"Formada em Publicidade e Propaganda com bolsa de estudos, Nat\u00e1lia Pereira passou por todos os dilemas que envolvem a vida de um jovem que est\u00e1 prestes a sair do ensino m\u00e9dio e se depara com o desafio de entrar em uma boa faculdade pagando pouco. Hoje, aos 23 anos, atua como Analista de Marketing e escreve sobre educa\u00e7\u00e3o no Vai de Bolsa.","url":"https:\/\/vaidebolsa.com.br\/blog\/author\/natalia\/"}]}},"_links":{"self":[{"href":"https:\/\/vaidebolsa.com.br\/blog\/wp-json\/wp\/v2\/posts\/1890"}],"collection":[{"href":"https:\/\/vaidebolsa.com.br\/blog\/wp-json\/wp\/v2\/posts"}],"about":[{"href":"https:\/\/vaidebolsa.com.br\/blog\/wp-json\/wp\/v2\/types\/post"}],"author":[{"embeddable":true,"href":"https:\/\/vaidebolsa.com.br\/blog\/wp-json\/wp\/v2\/users\/67"}],"replies":[{"embeddable":true,"href":"https:\/\/vaidebolsa.com.br\/blog\/wp-json\/wp\/v2\/comments?post=1890"}],"version-history":[{"count":2,"href":"https:\/\/vaidebolsa.com.br\/blog\/wp-json\/wp\/v2\/posts\/1890\/revisions"}],"predecessor-version":[{"id":17181323282,"href":"https:\/\/vaidebolsa.com.br\/blog\/wp-json\/wp\/v2\/posts\/1890\/revisions\/17181323282"}],"wp:attachment":[{"href":"https:\/\/vaidebolsa.com.br\/blog\/wp-json\/wp\/v2\/media?parent=1890"}],"wp:term":[{"taxonomy":"category","embeddable":true,"href":"https:\/\/vaidebolsa.com.br\/blog\/wp-json\/wp\/v2\/categories?post=1890"},{"taxonomy":"post_tag","embeddable":true,"href":"https:\/\/vaidebolsa.com.br\/blog\/wp-json\/wp\/v2\/tags?post=1890"}],"curies":[{"name":"wp","href":"https:\/\/api.w.org\/{rel}","templated":true}]}}