{"id":1908,"date":"2019-10-11T14:36:55","date_gmt":"2019-10-11T17:36:55","guid":{"rendered":"https:\/\/vaidebolsa.com.br\/?p=1908"},"modified":"2023-10-10T11:23:08","modified_gmt":"2023-10-10T14:23:08","slug":"calendario-de-vestibulares-2020","status":"publish","type":"post","link":"https:\/\/vaidebolsa.com.br\/blog\/vestibulares\/calendario-de-vestibulares-2020\/","title":{"rendered":"Calend\u00e1rio de Vestibulares 2020"},"content":{"rendered":"<p><!DOCTYPE html PUBLIC \"-\/\/W3C\/\/DTD HTML 4.0 Transitional\/\/EN\" \"http:\/\/www.w3.org\/TR\/REC-html40\/loose.dtd\"><br \/>\n<?xml encoding=\"utf-8\" ?><html><body><\/p>\n<p>Escolher o curso e depois a faculdade para estudar &eacute; s&oacute; o primeiro desafio da vida profissional. &Eacute; preciso se dedicar bastante para conquistar uma vaga, principalmente em universidades p&uacute;blicas. Al&eacute;m disso, existem in&uacute;meras datas, prazos e documentos. Por isso, separamos aqui um calend&aacute;rio de vestibulares 2020. Ele vai apoiar voc&ecirc; nessa organiza&ccedil;&atilde;o inicial.<\/p>\n<p>Saiba primeiro, que muitas universidades usam apenas o Enem (Exame Nacional do Ensino M&eacute;dio) como resultado para liberar uma vaga. Ent&atilde;o, assim que voc&ecirc; escolher o seu curso e a sua faculdade pesquise sobre isso.<\/p>\n<p>Depois, leve em considera&ccedil;&atilde;o que se voc&ecirc; quer acessar uma gradua&ccedil;&atilde;o no ano de 2020, a inscri&ccedil;&atilde;o para o vestibular acontece muito antes. Cuidado para n&atilde;o perder o prazo.\n<\/p>\n<h2>Data dos vestibulares<\/h2>\n<p>&Eacute; claro que para come&ccedil;ar na carreira dos sonhos, para muitos estudantes, n&atilde;o existe limite geogr&aacute;fico. Mas aqui separamos o calend&aacute;rio de vestibulares 2020 das regi&otilde;es sul e sudeste do pa&iacute;s.<\/p>\n<p>Ent&atilde;o, voc&ecirc; vai conferir datas de inscri&ccedil;&atilde;o para buscar mais informa&ccedil;&otilde;es e n&atilde;o perder o prazo. Vale a pena fica atento:<\/p>\n<h5>Regi&atilde;o sul<\/h5>\n<ul>\n<li>PUC\/RS &#8211; 16\/9 at&eacute; 16\/10\/2019<\/li>\n<li>UFSC &#8211; 11\/09 at&eacute; 14\/10\/2019<\/li>\n<li>UEPG &#8211; 01\/09 at&eacute; 15\/10\/2019<\/li>\n<li>UDESC &#8211; 19\/08 at&eacute; 07\/10\/2019<\/li>\n<li>UENP &#8211; 09\/8 at&eacute; 06\/10\/2019<\/li>\n<\/ul>\n<h5>Regi&atilde;o sudeste<\/h5>\n<ul>\n<li>UNICAMP &#8211; 21\/11 at&eacute; 10\/01\/2020<\/li>\n<li>UERJ &#8211; 21\/09 at&eacute; 14\/10\/2019<\/li>\n<li>IFNMG &#8211; 201\/09 at&eacute; 21\/10\/2019<\/li>\n<li>CEDERJ &#8211; 17\/09 at&eacute; 24\/10\/2019<\/li>\n<li>UNESP &#8211; 09\/09 at&eacute; 07\/10\/2019<\/li>\n<\/ul>\n<h2>Nota de corte para entrar no vestibular<\/h2>\n<p>J&aacute; que voc&ecirc; est&aacute; nessa empreitada para descobrir todo o calend&aacute;rio de vestibulares 2020, vamos entender melhor como funciona a<a href=\"https:\/\/vaidebolsa.com.br\/nota-de-corte-enem\/\" target=\"_blank\" rel=\"noopener\"> nota de corte<\/a>. Considerando o resultado do seu Enem, voc&ecirc; pode acessar muitas universidades, pelo menos, as p&uacute;blicas. Com essa nota do Enem, &eacute; poss&iacute;vel fazer inscri&ccedil;&atilde;o no Sisu.<\/p>\n<p>O <a href=\"https:\/\/vaidebolsa.com.br\/sisu\/\" target=\"_blank\" rel=\"noopener\">Sisu<\/a> &eacute; o sistema informatizado do Minist&eacute;rio da Educa&ccedil;&atilde;o por meio do qual institui&ccedil;&otilde;es p&uacute;blicas de ensino superior oferecem vagas a candidatos participantes do Enem. S&oacute; que para conquistar uma dessas vagas, &eacute; preciso ter uma nota m&iacute;nima. A chamada nota de corte.<\/p>\n<p>As notas servem apenas como indicativo para os candidatos de como est&aacute; a concorr&ecirc;ncia naquele curso e modalidade durante o per&iacute;odo de inscri&ccedil;&otilde;es.<\/p>\n<p>Ou seja, uma m&eacute;dia das notas de todos os candidatos de um determinado curso. Os que tiverem notas mais altas ficam com as vagas.<\/p>\n<p>A nota de corte ent&atilde;o &eacute; a m&eacute;dia das notas mais altas considerando uma base para que voc&ecirc; consiga uma oportunidade de acesso.<\/p>\n<p>Em 2019, por exemplo, o MEC passou a processar e <a href=\"https:\/\/vaidebolsa.com.br\/cursos-menos-concorridos\/\" target=\"_blank\" rel=\"noopener\">divulgar as notas de corte em v&aacute;rios momentos durante os dias<\/a>.<\/p>\n<h2>Vestibular de medicina<\/h2>\n<p>Entre os cursos mais concorridos, est&aacute; o de<a href=\"https:\/\/g1.globo.com\/educacao\/guia-de-carreiras\/noticia\/2019\/01\/24\/notas-de-corte-para-medicina-no-sisu-2019-variam-entre-56977-e-90205.ghtml\" target=\"_blank\" rel=\"noopener\"> medicina<\/a>. O calend&aacute;rio de vestibulares 2020 para esse curso est&aacute; no in&iacute;cio desse texto.<\/p>\n<p>Aqui, n&oacute;s vamos falar dos dados divulgados na imprensa com base nas informa&ccedil;&otilde;es divulgadas pelo Minist&eacute;rio da Educa&ccedil;&atilde;o no site do Sisu. Em 2019, 63 das 129 institui&ccedil;&otilde;es participantes do Sisu ofereceram cursos de medicina.<\/p>\n<p>O importante &eacute; que entre os interessados em concorrer a uma vaga em medicina, a nota de corte foi entre 569,77 e 902,05.<\/p>\n<p>No total, o Sisu 2019 ofereceu 4.647 vagas em medicina no primeiro semestre. Em geral, para medicina as notas de corte mais altas foram registradas nas disputas de ampla concorr&ecirc;ncia, quando n&atilde;o existe nenhum requisito de participa&ccedil;&atilde;o al&eacute;m de notas m&iacute;nimas definidas pela institui&ccedil;&atilde;o.<\/p>\n<p>Das 28 notas de corte maiores que 800, sete s&atilde;o de concorr&ecirc;ncias com algum tipo de a&ccedil;&atilde;o afirmativa, como a cota racial ou a reserva de vagas para estudantes da rede p&uacute;blica.<\/p>\n<h4><a href=\"https:\/\/portal.estacio.br\/medicina\" target=\"_blank\" rel=\"noopener\">Sobre o curso de medicina<\/a><strong>&nbsp;<\/strong><\/h4>\n<p>O estudante de medicina adquire conhecimentos fundamentais nas &aacute;reas de cirurgia, ginecologia e obstetr&iacute;cia e pediatria. Al&eacute;m de cl&iacute;nica m&eacute;dica e sa&uacute;de coletiva, tornando-se competente para prestar assist&ecirc;ncia m&eacute;dica de qualidade.<\/p>\n<p>Pode atuar na promo&ccedil;&atilde;o da sa&uacute;de, na preven&ccedil;&atilde;o das doen&ccedil;as e na recupera&ccedil;&atilde;o e reabilita&ccedil;&atilde;o dos doentes. Sua forma&ccedil;&atilde;o contempla o exerc&iacute;cio profissional dentro de princ&iacute;pios &eacute;ticos e humanistas bem estabelecidos e lhe propicia as habilidades de comunica&ccedil;&atilde;o, lideran&ccedil;a e trabalho em equipe.<\/p>\n<p>O m&eacute;dico pode trabalhar em postos de sa&uacute;de; cl&iacute;nicas e hospitais, privados e p&uacute;blicos; centros de pesquisa; laborat&oacute;rios; consult&oacute;rio pr&oacute;prio ou de terceiros; magist&eacute;rio.<\/p>\n<h5>Disciplinas<\/h5>\n<p>&#8211; Ambiente e Sa&uacute;de;<br \/>\n&#8211; Bases Moleculares dos Sistemas Org&acirc;nicos;<br \/>\n&#8211; Biomorfologia;<br \/>\n&#8211; Orienta&ccedil;&atilde;o Psicopedag&oacute;gica;<br \/>\n&#8211; Sa&uacute;de da Fam&iacute;lia;<br \/>\n&#8211; Semin&aacute;rio Integrado;<br \/>\n&#8211; Sistemas Org&acirc;nicos Integrados;<br \/>\n&#8211; Aspectos Legais da Pr&aacute;tica M&eacute;dica;<br \/>\n&#8211; Sa&uacute;de do Idoso;<br \/>\n&#8211; Sa&uacute;de da Fam&iacute;lia;<br \/>\n&#8211; Imagenologia;<br \/>\n&#8211; Doen&ccedil;as Infecciosas e Parasit&aacute;rias;<br \/>\n&#8211; Emerg&ecirc;ncias M&eacute;dicas;<br \/>\n&#8211; Semin&aacute;rio Integrado;<br \/>\n&#8211; Oncologia e Hematologia;<br \/>\n&#8211; Cuidados M&eacute;dicos em Radiopatias (Eletivas);<br \/>\n&#8211; Cuidados Paliativos (Eletivas).<\/p>\n<h2>Vestibular de direito<\/h2>\n<p>O curso de gradua&ccedil;&atilde;o em <a href=\"https:\/\/blogdoenem.com.br\/notas-de-corte-sisu-direito\/\" target=\"_blank\" rel=\"noopener\">Direito<\/a> &eacute; tradicionalmente concorrido, por ser considerada uma carreira de prest&iacute;gio. Quem se forma abre portas para fazer os concursos p&uacute;blicos mais cobi&ccedil;ados: juiz; promotor, advogado da Uni&atilde;o, delegado da Pol&iacute;cia Federal; delegado da Pol&iacute;cia Civil.<\/p>\n<p>A maior nota de corte, em 2019, da ampla concorr&ecirc;ncia ficou com a Universidade Federal do Sul e Sudeste do Par&aacute; (UNIFESSPA), com 866,35 pontos. A menor nota de corte para Direito ficou com a Universidade Estadual do Piau&iacute; (UESPI), com 692,83 pontos. Ou seja, uma diferen&ccedil;a muito grande!<\/p>\n<p>A maior nota de corte Sisu 2018 para o curso de gradua&ccedil;&atilde;o em Direito tamb&eacute;m ocorreu na Universidade Federal do Sul e Sudeste do Par&aacute; (UNIFESSPA), no campus de Marab&aacute;, com 851,09 pontos. Em segundo lugar, ficou a Universidade Federal do Par&aacute; (UFPA), no campus de Bel&eacute;m, com 836,35 pontos. Em seguida, aparece a Universidade Federal do Rio Grande do Norte, em Caic&oacute;, com 818,99 pontos.<\/p>\n<p>Al&eacute;m do calend&aacute;rio de vestibulares 2020, voc&ecirc; precisa entender melhor sobre o curso que quer prestar.<\/p>\n<p>Por isso, saiba que o curso de Direito tem como eixo principal o estudo e sistematiza&ccedil;&atilde;o de processos para alcance das normas constitucionais. Com dura&ccedil;&atilde;o m&iacute;nima de cinco anos (10 semestres), os alunos recebem forma&ccedil;&atilde;o t&eacute;cnica e humanista atrav&eacute;s de disciplinas que fundamentam as &aacute;reas do Direito. Como o Civil, Tribut&aacute;rio, Ambiental, Penal, Trabalhista, entre outras.<\/p>\n<p>O profissional graduado em Direito recebe o t&iacute;tulo de bacharel, e j&aacute; pode atuar no setor p&uacute;blico, atrav&eacute;s de concursos, atuando como: Defensor P&uacute;blico, Delegado de Pol&iacute;cia, Procurador da Rep&uacute;blica, Promotor de Justi&ccedil;a etc.<\/p>\n<h6>Disciplinas<\/h6>\n<p>&#8211; fundamentos antropol&oacute;gicos e sociol&oacute;gicos;<\/p>\n<p>&#8211; hist&oacute;ria do direito brasileiro;<\/p>\n<p>&#8211; introdu&ccedil;&atilde;o ao estudo do direito;<\/p>\n<p>&#8211; l&iacute;ngua portuguesa;<\/p>\n<p>&#8211; psicologia aplicada ao direito;<\/p>\n<p>&#8211; direito civil;<\/p>\n<p>&#8211; direito constitucional;<\/p>\n<p>&#8211; direito penal;<\/p>\n<p>&#8211; direito processual civil;<\/p>\n<p>&#8211; direito processual do trabalho;<\/p>\n<p>&#8211; pr&aacute;tica simulada do trabalho;<\/p>\n<p>&#8211; direito administrativo;<\/p>\n<p>&#8211; direito da crian&ccedil;a e do adolescente;<\/p>\n<p>&#8211; direito internacional p&uacute;blico;<\/p>\n<p>&#8211; direito tribut&aacute;rio.<\/p>\n<h2>Vestibular de Administra&ccedil;&atilde;o<\/h2>\n<p>J&aacute; que voc&ecirc; conseguiu acesso ao calend&aacute;rio de vestibulares 2020, saiba como fica o curso de <a href=\"https:\/\/beduka.com\/blog\/dicas\/cursos\/nota-de-corte-para-administracao\/\" target=\"_blank\" rel=\"noopener\">Administra&ccedil;&atilde;o<\/a>. Ele &eacute; um dos mais procurados pelos estudantes. Por isso, tamb&eacute;m exige mais dedica&ccedil;&atilde;o. Em S&atilde;o Jo&atilde;o do Piau&iacute; tivemos a menor nota de corte para Administra&ccedil;&atilde;o. Na IFPI (Instituto Federal do Piau&iacute;) ela foi de 570.33 em 2019, na modalidade Ampla Concorr&ecirc;ncia.<\/p>\n<p>J&aacute; em Diamantino, no Mato Grosso a menor nota de corte foi de 583.11 na UNEMAT (Universidade Estadual do Mato Grosso). Esta nota tamb&eacute;m &eacute; de 2019 e na modalidade Ampla Concorr&ecirc;ncia.<\/p>\n<p>Considerando a maior nota de corte para Administra&ccedil;&atilde;o foi de 782.1. Essa nota foi registrada na UFPA (Universidade Federal no Par&aacute;), na cidade de Bel&eacute;m em 2019, na modalidade de Ampla Concorr&ecirc;ncia. &nbsp;Agora pegando uma institui&ccedil;&atilde;o estadual como exemplo, temos em Ribeir&atilde;o Preto &ndash; SP a USP (Universidade de S&atilde;o Paulo). L&aacute; a maior nota de corte foi de 771.1, nota registrada em 2019, na modalidade Ampla Concorr&ecirc;ncia.<\/p>\n<h4><a href=\"https:\/\/portal.estacio.br\/graduacao\/administra%C3%A7%C3%A3o-bacharelado\" target=\"_blank\" rel=\"noopener\">Sobre o curso de administra&ccedil;&atilde;o <\/a><\/h4>\n<p>A gradua&ccedil;&atilde;o em Administra&ccedil;&atilde;o privilegia o desenvolvimento de um profissional empreendedor, conectado com as demandas do mercado, integrando academia e empresariado. O profissional poder&aacute; empreender seu pr&oacute;prio neg&oacute;cio, bem como atuar em institui&ccedil;&otilde;es p&uacute;blicas e privadas, consultorias e organiza&ccedil;&otilde;es n&atilde;o-governamentais. Em geral, atua com planejamento e gest&atilde;o estrat&eacute;gica de neg&oacute;cios, administra&ccedil;&atilde;o financeira e or&ccedil;ament&aacute;ria e gest&atilde;o de pessoas, assumindo cargos de lideran&ccedil;a, assessoria, consultoria, entre outras posi&ccedil;&otilde;es.<\/p>\n<h6>Disciplinas<\/h6>\n<p>&#8211; economia empresarial;<\/p>\n<p>&#8211; fundamentos das ci&ecirc;ncias sociais;<\/p>\n<p>&#8211; fundamentos de matem&aacute;tica;<\/p>\n<p>&#8211; introdu&ccedil;&atilde;o &agrave; contabilidade;<\/p>\n<p>&#8211; l&iacute;ngua portuguesa;<\/p>\n<p>&#8211; princ&iacute;pios de gest&atilde;o;<\/p>\n<p>&#8211; an&aacute;lise das demonstra&ccedil;&otilde;es financeiras;<\/p>\n<p>&#8211; an&aacute;lise de mercados e proje&ccedil;&atilde;o de cen&aacute;rios;<\/p>\n<p>&#8211; contabilidade gerencial;<\/p>\n<p>&#8211; gest&atilde;o de custos log&iacute;sticos;<\/p>\n<p>&#8211; gest&atilde;o estrat&eacute;gica de pessoas;<\/p>\n<p>&#8211; governan&ccedil;a corporativa, risco e compliance;<\/p>\n<p>&#8211; hist&oacute;ria dos povos ind&iacute;genas e afro-descendentes;<\/p>\n<p>&#8211; m&eacute;todos quantitativos;<\/p>\n<p>&#8211; t&eacute;cnicas de negocia&ccedil;&atilde;o.<\/p>\n<p>Gostou das informa&ccedil;&otilde;es sobre o calend&aacute;rio de vestibulares 2020? Tem mais conte&uacute;do &agrave; disposi&ccedil;&atilde;o no blog do Vai de Bolsa. Comece uma carreira de sucesso agora mesmo.<\/body><\/html><\/p>\n","protected":false},"excerpt":{"rendered":"<p>Escolher o curso e depois a faculdade para estudar &eacute; s&oacute; o primeiro desafio da vida profissional. &Eacute; preciso se dedicar bastante para conquistar uma vaga, principalmente em universidades p&uacute;blicas. Al&eacute;m disso, existem in&uacute;meras datas, prazos e documentos. Por isso, separamos aqui um calend&aacute;rio de vestibulares 2020. Ele vai apoiar voc&ecirc; nessa organiza&ccedil;&atilde;o inicial. Saiba [&hellip;]<\/p>\n","protected":false},"author":67,"featured_media":0,"comment_status":"open","ping_status":"open","sticky":false,"template":"","format":"standard","meta":{"om_disable_all_campaigns":false,"site-sidebar-layout":"default","site-content-layout":"","ast-site-content-layout":"","site-content-style":"default","site-sidebar-style":"default","ast-global-header-display":"","ast-banner-title-visibility":"","ast-main-header-display":"","ast-hfb-above-header-display":"","ast-hfb-below-header-display":"","ast-hfb-mobile-header-display":"","site-post-title":"","ast-breadcrumbs-content":"","ast-featured-img":"","footer-sml-layout":"","theme-transparent-header-meta":"","adv-header-id-meta":"","stick-header-meta":"","header-above-stick-meta":"","header-main-stick-meta":"","header-below-stick-meta":"","astra-migrate-meta-layouts":"default","ast-page-background-enabled":"default","ast-page-background-meta":{"desktop":{"background-color":"var(--ast-global-color-4)","background-image":"","background-repeat":"repeat","background-position":"center center","background-size":"auto","background-attachment":"scroll","background-type":"","background-media":"","overlay-type":"","overlay-color":"","overlay-opacity":"","overlay-gradient":""},"tablet":{"background-color":"","background-image":"","background-repeat":"repeat","background-position":"center center","background-size":"auto","background-attachment":"scroll","background-type":"","background-media":"","overlay-type":"","overlay-color":"","overlay-opacity":"","overlay-gradient":""},"mobile":{"background-color":"","background-image":"","background-repeat":"repeat","background-position":"center center","background-size":"auto","background-attachment":"scroll","background-type":"","background-media":"","overlay-type":"","overlay-color":"","overlay-opacity":"","overlay-gradient":""}},"ast-content-background-meta":{"desktop":{"background-color":"var(--ast-global-color-5)","background-image":"","background-repeat":"repeat","background-position":"center center","background-size":"auto","background-attachment":"scroll","background-type":"","background-media":"","overlay-type":"","overlay-color":"","overlay-opacity":"","overlay-gradient":""},"tablet":{"background-color":"var(--ast-global-color-5)","background-image":"","background-repeat":"repeat","background-position":"center center","background-size":"auto","background-attachment":"scroll","background-type":"","background-media":"","overlay-type":"","overlay-color":"","overlay-opacity":"","overlay-gradient":""},"mobile":{"background-color":"var(--ast-global-color-5)","background-image":"","background-repeat":"repeat","background-position":"center center","background-size":"auto","background-attachment":"scroll","background-type":"","background-media":"","overlay-type":"","overlay-color":"","overlay-opacity":"","overlay-gradient":""}},"_themeisle_gutenberg_block_has_review":false,"footnotes":""},"categories":[52],"tags":[],"class_list":["post-1908","post","type-post","status-publish","format-standard","hentry","category-vestibulares"],"yoast_head":"<!-- This site is optimized with the Yoast SEO plugin v23.4 - https:\/\/yoast.com\/wordpress\/plugins\/seo\/ -->\n<title>Calend\u00e1rio de Vestibulares 2020 - Vai de Bolsa<\/title>\n<meta name=\"description\" content=\"Voc\u00ea vai encontrar uma lista com o calend\u00e1rio de vestibulares 2020 das principais institui\u00e7\u00f5es, al\u00e9m de informa\u00e7\u00f5es sobre a concorr\u00eancia.\" \/>\n<meta name=\"robots\" content=\"index, follow, max-snippet:-1, max-image-preview:large, max-video-preview:-1\" \/>\n<link rel=\"canonical\" href=\"https:\/\/shared-php.server.vaidebolsa.com.br\/blog\/vestibulares\/calendario-de-vestibulares-2020\/\" \/>\n<meta property=\"og:locale\" content=\"pt_BR\" \/>\n<meta property=\"og:type\" content=\"article\" \/>\n<meta property=\"og:title\" content=\"Calend\u00e1rio de Vestibulares 2020 - Vai de Bolsa\" \/>\n<meta property=\"og:description\" content=\"Voc\u00ea vai encontrar uma lista com o calend\u00e1rio de vestibulares 2020 das principais institui\u00e7\u00f5es, al\u00e9m de informa\u00e7\u00f5es sobre a concorr\u00eancia.\" \/>\n<meta property=\"og:url\" content=\"https:\/\/shared-php.server.vaidebolsa.com.br\/blog\/vestibulares\/calendario-de-vestibulares-2020\/\" \/>\n<meta property=\"og:site_name\" content=\"Vai de Bolsa\" \/>\n<meta property=\"article:publisher\" content=\"https:\/\/www.facebook.com\/vdbeducacional\" \/>\n<meta property=\"article:published_time\" content=\"2019-10-11T17:36:55+00:00\" \/>\n<meta property=\"article:modified_time\" content=\"2023-10-10T14:23:08+00:00\" \/>\n<meta name=\"author\" content=\"Natalia Pereira\" \/>\n<meta name=\"twitter:card\" content=\"summary_large_image\" \/>\n<meta name=\"twitter:label1\" content=\"Escrito por\" \/>\n\t<meta name=\"twitter:data1\" content=\"Natalia Pereira\" \/>\n\t<meta name=\"twitter:label2\" content=\"Est. tempo de leitura\" \/>\n\t<meta name=\"twitter:data2\" content=\"8 minutos\" \/>\n<script type=\"application\/ld+json\" class=\"yoast-schema-graph\">{\"@context\":\"https:\/\/schema.org\",\"@graph\":[{\"@type\":\"Article\",\"@id\":\"https:\/\/shared-php.server.vaidebolsa.com.br\/blog\/vestibulares\/calendario-de-vestibulares-2020\/#article\",\"isPartOf\":{\"@id\":\"https:\/\/shared-php.server.vaidebolsa.com.br\/blog\/vestibulares\/calendario-de-vestibulares-2020\/\"},\"author\":{\"name\":\"Natalia Pereira\",\"@id\":\"https:\/\/vaidebolsa.com.br\/blog\/#\/schema\/person\/66c9e3f3a84ba9e04deec23f2938a105\"},\"headline\":\"Calend\u00e1rio de Vestibulares 2020\",\"datePublished\":\"2019-10-11T17:36:55+00:00\",\"dateModified\":\"2023-10-10T14:23:08+00:00\",\"mainEntityOfPage\":{\"@id\":\"https:\/\/shared-php.server.vaidebolsa.com.br\/blog\/vestibulares\/calendario-de-vestibulares-2020\/\"},\"wordCount\":1852,\"commentCount\":0,\"publisher\":{\"@id\":\"https:\/\/vaidebolsa.com.br\/blog\/#organization\"},\"articleSection\":[\"Vestibulares\"],\"inLanguage\":\"pt-BR\",\"potentialAction\":[{\"@type\":\"CommentAction\",\"name\":\"Comment\",\"target\":[\"https:\/\/shared-php.server.vaidebolsa.com.br\/blog\/vestibulares\/calendario-de-vestibulares-2020\/#respond\"]}]},{\"@type\":\"WebPage\",\"@id\":\"https:\/\/shared-php.server.vaidebolsa.com.br\/blog\/vestibulares\/calendario-de-vestibulares-2020\/\",\"url\":\"https:\/\/shared-php.server.vaidebolsa.com.br\/blog\/vestibulares\/calendario-de-vestibulares-2020\/\",\"name\":\"Calend\u00e1rio de Vestibulares 2020 - Vai de Bolsa\",\"isPartOf\":{\"@id\":\"https:\/\/vaidebolsa.com.br\/blog\/#website\"},\"datePublished\":\"2019-10-11T17:36:55+00:00\",\"dateModified\":\"2023-10-10T14:23:08+00:00\",\"description\":\"Voc\u00ea vai encontrar uma lista com o calend\u00e1rio de vestibulares 2020 das principais institui\u00e7\u00f5es, al\u00e9m de informa\u00e7\u00f5es sobre a concorr\u00eancia.\",\"breadcrumb\":{\"@id\":\"https:\/\/shared-php.server.vaidebolsa.com.br\/blog\/vestibulares\/calendario-de-vestibulares-2020\/#breadcrumb\"},\"inLanguage\":\"pt-BR\",\"potentialAction\":[{\"@type\":\"ReadAction\",\"target\":[\"https:\/\/shared-php.server.vaidebolsa.com.br\/blog\/vestibulares\/calendario-de-vestibulares-2020\/\"]}]},{\"@type\":\"BreadcrumbList\",\"@id\":\"https:\/\/shared-php.server.vaidebolsa.com.br\/blog\/vestibulares\/calendario-de-vestibulares-2020\/#breadcrumb\",\"itemListElement\":[{\"@type\":\"ListItem\",\"position\":1,\"name\":\"Home\",\"item\":\"https:\/\/vaidebolsa.com.br\/blog\/\"},{\"@type\":\"ListItem\",\"position\":2,\"name\":\"Calend\u00e1rio de Vestibulares 2020\"}]},{\"@type\":\"WebSite\",\"@id\":\"https:\/\/vaidebolsa.com.br\/blog\/#website\",\"url\":\"https:\/\/vaidebolsa.com.br\/blog\/\",\"name\":\"Vai de Bolsa\",\"description\":\"Vai de Bolsa: Bolsas de Estudo com at\u00e9 70% de Desconto!\",\"publisher\":{\"@id\":\"https:\/\/vaidebolsa.com.br\/blog\/#organization\"},\"potentialAction\":[{\"@type\":\"SearchAction\",\"target\":{\"@type\":\"EntryPoint\",\"urlTemplate\":\"https:\/\/vaidebolsa.com.br\/blog\/?s={search_term_string}\"},\"query-input\":{\"@type\":\"PropertyValueSpecification\",\"valueRequired\":true,\"valueName\":\"search_term_string\"}}],\"inLanguage\":\"pt-BR\"},{\"@type\":\"Organization\",\"@id\":\"https:\/\/vaidebolsa.com.br\/blog\/#organization\",\"name\":\"Vai de Bolsa\",\"url\":\"https:\/\/vaidebolsa.com.br\/blog\/\",\"logo\":{\"@type\":\"ImageObject\",\"inLanguage\":\"pt-BR\",\"@id\":\"https:\/\/vaidebolsa.com.br\/blog\/#\/schema\/logo\/image\/\",\"url\":\"https:\/\/vaidebolsa.com.br\/blog\/wp-content\/uploads\/2022\/03\/Logo-Vai-de-Bolsa-cor-e1648649224262.png\",\"contentUrl\":\"https:\/\/vaidebolsa.com.br\/blog\/wp-content\/uploads\/2022\/03\/Logo-Vai-de-Bolsa-cor-e1648649224262.png\",\"width\":180,\"height\":90,\"caption\":\"Vai de Bolsa\"},\"image\":{\"@id\":\"https:\/\/vaidebolsa.com.br\/blog\/#\/schema\/logo\/image\/\"},\"sameAs\":[\"https:\/\/www.facebook.com\/vdbeducacional\",\"https:\/\/www.instagram.com\/vaidebolsa_\/\"]},{\"@type\":\"Person\",\"@id\":\"https:\/\/vaidebolsa.com.br\/blog\/#\/schema\/person\/66c9e3f3a84ba9e04deec23f2938a105\",\"name\":\"Natalia Pereira\",\"image\":{\"@type\":\"ImageObject\",\"inLanguage\":\"pt-BR\",\"@id\":\"https:\/\/vaidebolsa.com.br\/blog\/#\/schema\/person\/image\/\",\"url\":\"http:\/\/0.gravatar.com\/avatar\/f1ab57fb53849c617df1cb34eb8ae2d8?s=96&d=mm&r=g\",\"contentUrl\":\"http:\/\/0.gravatar.com\/avatar\/f1ab57fb53849c617df1cb34eb8ae2d8?s=96&d=mm&r=g\",\"caption\":\"Natalia Pereira\"},\"description\":\"Formada em Publicidade e Propaganda com bolsa de estudos, Nat\u00e1lia Pereira passou por todos os dilemas que envolvem a vida de um jovem que est\u00e1 prestes a sair do ensino m\u00e9dio e se depara com o desafio de entrar em uma boa faculdade pagando pouco. Hoje, aos 23 anos, atua como Analista de Marketing e escreve sobre educa\u00e7\u00e3o no Vai de Bolsa.\",\"url\":\"https:\/\/vaidebolsa.com.br\/blog\/author\/natalia\/\"}]}<\/script>\n<!-- \/ Yoast SEO plugin. -->","yoast_head_json":{"title":"Calend\u00e1rio de Vestibulares 2020 - Vai de Bolsa","description":"Voc\u00ea vai encontrar uma lista com o calend\u00e1rio de vestibulares 2020 das principais institui\u00e7\u00f5es, al\u00e9m de informa\u00e7\u00f5es sobre a concorr\u00eancia.","robots":{"index":"index","follow":"follow","max-snippet":"max-snippet:-1","max-image-preview":"max-image-preview:large","max-video-preview":"max-video-preview:-1"},"canonical":"https:\/\/shared-php.server.vaidebolsa.com.br\/blog\/vestibulares\/calendario-de-vestibulares-2020\/","og_locale":"pt_BR","og_type":"article","og_title":"Calend\u00e1rio de Vestibulares 2020 - Vai de Bolsa","og_description":"Voc\u00ea vai encontrar uma lista com o calend\u00e1rio de vestibulares 2020 das principais institui\u00e7\u00f5es, al\u00e9m de informa\u00e7\u00f5es sobre a concorr\u00eancia.","og_url":"https:\/\/shared-php.server.vaidebolsa.com.br\/blog\/vestibulares\/calendario-de-vestibulares-2020\/","og_site_name":"Vai de Bolsa","article_publisher":"https:\/\/www.facebook.com\/vdbeducacional","article_published_time":"2019-10-11T17:36:55+00:00","article_modified_time":"2023-10-10T14:23:08+00:00","author":"Natalia Pereira","twitter_card":"summary_large_image","twitter_misc":{"Escrito por":"Natalia Pereira","Est. tempo de leitura":"8 minutos"},"schema":{"@context":"https:\/\/schema.org","@graph":[{"@type":"Article","@id":"https:\/\/shared-php.server.vaidebolsa.com.br\/blog\/vestibulares\/calendario-de-vestibulares-2020\/#article","isPartOf":{"@id":"https:\/\/shared-php.server.vaidebolsa.com.br\/blog\/vestibulares\/calendario-de-vestibulares-2020\/"},"author":{"name":"Natalia Pereira","@id":"https:\/\/vaidebolsa.com.br\/blog\/#\/schema\/person\/66c9e3f3a84ba9e04deec23f2938a105"},"headline":"Calend\u00e1rio de Vestibulares 2020","datePublished":"2019-10-11T17:36:55+00:00","dateModified":"2023-10-10T14:23:08+00:00","mainEntityOfPage":{"@id":"https:\/\/shared-php.server.vaidebolsa.com.br\/blog\/vestibulares\/calendario-de-vestibulares-2020\/"},"wordCount":1852,"commentCount":0,"publisher":{"@id":"https:\/\/vaidebolsa.com.br\/blog\/#organization"},"articleSection":["Vestibulares"],"inLanguage":"pt-BR","potentialAction":[{"@type":"CommentAction","name":"Comment","target":["https:\/\/shared-php.server.vaidebolsa.com.br\/blog\/vestibulares\/calendario-de-vestibulares-2020\/#respond"]}]},{"@type":"WebPage","@id":"https:\/\/shared-php.server.vaidebolsa.com.br\/blog\/vestibulares\/calendario-de-vestibulares-2020\/","url":"https:\/\/shared-php.server.vaidebolsa.com.br\/blog\/vestibulares\/calendario-de-vestibulares-2020\/","name":"Calend\u00e1rio de Vestibulares 2020 - Vai de Bolsa","isPartOf":{"@id":"https:\/\/vaidebolsa.com.br\/blog\/#website"},"datePublished":"2019-10-11T17:36:55+00:00","dateModified":"2023-10-10T14:23:08+00:00","description":"Voc\u00ea vai encontrar uma lista com o calend\u00e1rio de vestibulares 2020 das principais institui\u00e7\u00f5es, al\u00e9m de informa\u00e7\u00f5es sobre a concorr\u00eancia.","breadcrumb":{"@id":"https:\/\/shared-php.server.vaidebolsa.com.br\/blog\/vestibulares\/calendario-de-vestibulares-2020\/#breadcrumb"},"inLanguage":"pt-BR","potentialAction":[{"@type":"ReadAction","target":["https:\/\/shared-php.server.vaidebolsa.com.br\/blog\/vestibulares\/calendario-de-vestibulares-2020\/"]}]},{"@type":"BreadcrumbList","@id":"https:\/\/shared-php.server.vaidebolsa.com.br\/blog\/vestibulares\/calendario-de-vestibulares-2020\/#breadcrumb","itemListElement":[{"@type":"ListItem","position":1,"name":"Home","item":"https:\/\/vaidebolsa.com.br\/blog\/"},{"@type":"ListItem","position":2,"name":"Calend\u00e1rio de Vestibulares 2020"}]},{"@type":"WebSite","@id":"https:\/\/vaidebolsa.com.br\/blog\/#website","url":"https:\/\/vaidebolsa.com.br\/blog\/","name":"Vai de Bolsa","description":"Vai de Bolsa: Bolsas de Estudo com at\u00e9 70% de Desconto!","publisher":{"@id":"https:\/\/vaidebolsa.com.br\/blog\/#organization"},"potentialAction":[{"@type":"SearchAction","target":{"@type":"EntryPoint","urlTemplate":"https:\/\/vaidebolsa.com.br\/blog\/?s={search_term_string}"},"query-input":{"@type":"PropertyValueSpecification","valueRequired":true,"valueName":"search_term_string"}}],"inLanguage":"pt-BR"},{"@type":"Organization","@id":"https:\/\/vaidebolsa.com.br\/blog\/#organization","name":"Vai de Bolsa","url":"https:\/\/vaidebolsa.com.br\/blog\/","logo":{"@type":"ImageObject","inLanguage":"pt-BR","@id":"https:\/\/vaidebolsa.com.br\/blog\/#\/schema\/logo\/image\/","url":"https:\/\/vaidebolsa.com.br\/blog\/wp-content\/uploads\/2022\/03\/Logo-Vai-de-Bolsa-cor-e1648649224262.png","contentUrl":"https:\/\/vaidebolsa.com.br\/blog\/wp-content\/uploads\/2022\/03\/Logo-Vai-de-Bolsa-cor-e1648649224262.png","width":180,"height":90,"caption":"Vai de Bolsa"},"image":{"@id":"https:\/\/vaidebolsa.com.br\/blog\/#\/schema\/logo\/image\/"},"sameAs":["https:\/\/www.facebook.com\/vdbeducacional","https:\/\/www.instagram.com\/vaidebolsa_\/"]},{"@type":"Person","@id":"https:\/\/vaidebolsa.com.br\/blog\/#\/schema\/person\/66c9e3f3a84ba9e04deec23f2938a105","name":"Natalia Pereira","image":{"@type":"ImageObject","inLanguage":"pt-BR","@id":"https:\/\/vaidebolsa.com.br\/blog\/#\/schema\/person\/image\/","url":"http:\/\/0.gravatar.com\/avatar\/f1ab57fb53849c617df1cb34eb8ae2d8?s=96&d=mm&r=g","contentUrl":"http:\/\/0.gravatar.com\/avatar\/f1ab57fb53849c617df1cb34eb8ae2d8?s=96&d=mm&r=g","caption":"Natalia Pereira"},"description":"Formada em Publicidade e Propaganda com bolsa de estudos, Nat\u00e1lia Pereira passou por todos os dilemas que envolvem a vida de um jovem que est\u00e1 prestes a sair do ensino m\u00e9dio e se depara com o desafio de entrar em uma boa faculdade pagando pouco. Hoje, aos 23 anos, atua como Analista de Marketing e escreve sobre educa\u00e7\u00e3o no Vai de Bolsa.","url":"https:\/\/vaidebolsa.com.br\/blog\/author\/natalia\/"}]}},"_links":{"self":[{"href":"https:\/\/vaidebolsa.com.br\/blog\/wp-json\/wp\/v2\/posts\/1908"}],"collection":[{"href":"https:\/\/vaidebolsa.com.br\/blog\/wp-json\/wp\/v2\/posts"}],"about":[{"href":"https:\/\/vaidebolsa.com.br\/blog\/wp-json\/wp\/v2\/types\/post"}],"author":[{"embeddable":true,"href":"https:\/\/vaidebolsa.com.br\/blog\/wp-json\/wp\/v2\/users\/67"}],"replies":[{"embeddable":true,"href":"https:\/\/vaidebolsa.com.br\/blog\/wp-json\/wp\/v2\/comments?post=1908"}],"version-history":[{"count":3,"href":"https:\/\/vaidebolsa.com.br\/blog\/wp-json\/wp\/v2\/posts\/1908\/revisions"}],"predecessor-version":[{"id":17181323301,"href":"https:\/\/vaidebolsa.com.br\/blog\/wp-json\/wp\/v2\/posts\/1908\/revisions\/17181323301"}],"wp:attachment":[{"href":"https:\/\/vaidebolsa.com.br\/blog\/wp-json\/wp\/v2\/media?parent=1908"}],"wp:term":[{"taxonomy":"category","embeddable":true,"href":"https:\/\/vaidebolsa.com.br\/blog\/wp-json\/wp\/v2\/categories?post=1908"},{"taxonomy":"post_tag","embeddable":true,"href":"https:\/\/vaidebolsa.com.br\/blog\/wp-json\/wp\/v2\/tags?post=1908"}],"curies":[{"name":"wp","href":"https:\/\/api.w.org\/{rel}","templated":true}]}}