{"id":21604,"date":"2021-10-15T17:35:00","date_gmt":"2021-10-15T20:35:00","guid":{"rendered":"https:\/\/vaidebolsa.com.br\/?p=21604"},"modified":"2023-08-14T15:55:00","modified_gmt":"2023-08-14T18:55:00","slug":"ensino-presencial","status":"publish","type":"post","link":"https:\/\/vaidebolsa.com.br\/blog\/graduacao\/ensino-presencial\/","title":{"rendered":"Quando deve voltar o ensino presencial no Brasil?"},"content":{"rendered":"\n<p>As aulas presenciais no Brasil foram suspensas quando o v\u00edrus Covid19 passou a se alastrar pelo pa\u00eds. Foi uma conduta assertiva, na tentativa de frear a taxa de cont\u00e1gio do novo Coronav\u00edrus. Entretanto, apesar de extremamente necess\u00e1rio, o cancelamento do ensino presencial no Brasil trouxe algumas dificuldades aos estudantes. Principalmente aos mais novos, que sentem dificuldade em aprender os conte\u00fados de forma eficaz, sem a presen\u00e7a de um professor na sala de aula.<\/p>\n\n\n\n<p>Por isso, a maioria das fam\u00edlias aguarda ansiosamente pelo momento em que as aulas voltar\u00e3o a serem presenciais. A principal d\u00favida por parte da comunidade escolar \u00e9 se isso ocorrer\u00e1 ainda em 2021 ou quando ocorrer\u00e1. Como havia muita especula\u00e7\u00e3o em rela\u00e7\u00e3o ao assunto, o Conselho Nacional de Educa\u00e7\u00e3o se pronunciou, apresentando diretrizes e orienta\u00e7\u00f5es para a retomada do ensino presencial. Continue a leitura e veja quais s\u00e3o as perspectivas para os anos de 2021 e 2022 em rela\u00e7\u00e3o ao tema.<\/p>\n\n\n\n<p><strong>Saiba mais:<\/strong> <a href=\"https:\/\/vaidebolsa.com.br\/vagas-no-ensino-superior-a-distancia-superam-o-presencial\/\" target=\"_blank\" rel=\"noreferrer noopener\">Vagas no ensino superior a dist\u00e2ncia superam a modalidade presencial<\/a><\/p>\n\n\n\n<h2 class=\"wp-block-heading\">Ensino presencial na educa\u00e7\u00e3o b\u00e1sica<\/h2>\n\n\n\n<p>A educa\u00e7\u00e3o b\u00e1sica \u00e9 formada pelos tr\u00eas pilares: educa\u00e7\u00e3o infantil, ensino fundamental e ensino m\u00e9dio. Este setor \u00e9 um dos que mais sente a falta da educa\u00e7\u00e3o presencial. Afinal, s\u00e3o crian\u00e7as e est\u00e3o em fase de crescimento e forma\u00e7\u00e3o da personalidade. Nesta fase, al\u00e9m do conte\u00fado escolar, os estudantes aprendem tamb\u00e9m sobre a conviv\u00eancia em grupo. Por isso, se beneficiariam se o retorno ocorresse ainda este ano.<\/p>\n\n\n\n<p>Entretanto, como a vacina\u00e7\u00e3o ainda n\u00e3o chegou nesta faixa et\u00e1ria, a previs\u00e3o \u00e9 que o ensino continue sendo remoto para as crian\u00e7as dos grupos de risco. Ou seja, ainda n\u00e3o haver\u00e1 a obrigatoriedade de ensino presencial no ano de 2021. Apesar disso, o ensino fundamental e m\u00e9dio dever\u00e3o cumprir a carga hor\u00e1ria m\u00ednima de 800 horas anuais, sendo poss\u00edvel o uso do ano posterior complementa\u00e7\u00e3o desta carga hor\u00e1ria. As atividades a dist\u00e2ncia tamb\u00e9m podem entrar na contagem destas horas.<\/p>\n\n\n\n<h2 class=\"wp-block-heading\">Ensino presencial na educa\u00e7\u00e3o especial<\/h2>\n\n\n\n<p>Com a retomada gradual do ensino presencial haver\u00e3o muitos desafios para todas as crian\u00e7as nesta adapta\u00e7\u00e3o. Na educa\u00e7\u00e3o especial esse desafio \u00e9 ainda maior! Por isso, apesar de ainda n\u00e3o ser obrigat\u00f3rio o retorno das crian\u00e7as at\u00edpicas ao ensino presencial, elas podem ir retornando aos poucos, caso n\u00e3o haja risco \u00e0 sa\u00fade. <\/p>\n\n\n\n<p>Esse retorno antes da obrigatoriedade pode auxiliar na readapta\u00e7\u00e3o e facilitar esse processo para as crian\u00e7as e para a fam\u00edlia. Nesta fase \u00e9 muito importante que as fam\u00edlias e a escola estejam alinhadas e preparadas para dar todo o suporte que estas crian\u00e7as precisar\u00e3o.<\/p>\n\n\n\n<p>Entretanto, vale salientar que n\u00e3o h\u00e1 obrigatoriedade de retorno presencial em 2021. Principalmente se h\u00e1 algum risco de sa\u00fade \u00e0 crian\u00e7a ou \u00e0 alguma pessoa de sua fam\u00edlia. Nestes casos, o mais prudente \u00e9 aguardar at\u00e9 que a campanha de vacina\u00e7\u00e3o avance mais.<\/p>\n\n\n\n<h2 class=\"wp-block-heading\">Ensino presencial em cursos superiores<\/h2>\n\n\n\n<p>\u00c9 bastante improv\u00e1vel que o retorno integral ao ensino presencial no ensino superior ocorre antes de 2022. Isso porque ainda n\u00e3o h\u00e1 as condi\u00e7\u00f5es sanit\u00e1rias necess\u00e1rias para o retorno seguro das atividades. Assim como o ensino b\u00e1sico, aqui tamb\u00e9m haver\u00e1 retorno gradual. No segundo semestre de 2021 retornar\u00e3o \u00e0s atividades presenciais as turmas com previs\u00e3o de formatura e os cursos que possu\u00edrem a necessidade de aulas pr\u00e1ticas. <\/p>\n\n\n\n<p>Como o Conselho Nacional de Educa\u00e7\u00e3o n\u00e3o determinou a exig\u00eancia de uma carga hor\u00e1ria m\u00ednima de trabalhos acad\u00eamicos presenciais, as universidades e institui\u00e7\u00f5es de ensino superior podem optar por continuar no ensino a dist\u00e2ncia . Apesar de n\u00e3o haver um consenso entre tais institui\u00e7\u00f5es e nem entre os estados do Brasil, a maioria das institui\u00e7\u00f5es deve retornar as aulas pelo p\u00fablico priorit\u00e1rio, tais como os cursos da \u00e1rea da sa\u00fade e os demais que precisam de aulas pr\u00e1ticas.<\/p>\n\n\n\n<h2 class=\"wp-block-heading\"><strong>Segundo semestre ser\u00e1 de ensino h\u00edbrido<\/strong><\/h2>\n\n\n\n<p>Apesar das expectativas de retorno das aulas presenciais ainda em 2021, isso n\u00e3o ocorrer\u00e1 na maioria das escolas do pa\u00eds. Por conta do ritmo lento da vacina\u00e7\u00e3o, o ensino presencial deve retornar somente no pr\u00f3ximo ano. Porque a\u00ed a vacina\u00e7\u00e3o j\u00e1 ter\u00e1 atingido um n\u00famero maior de pessoas e a pandemia estar\u00e1 mais pr\u00f3ximas de estar sob controle. <\/p>\n\n\n\n<p>Portanto, o ensino no segundo semestre de 2021 ser\u00e1 h\u00edbrido. Isso quer dizer que uma parte dos alunos estudar\u00e1 presencialmente e a outra parte assistir\u00e1 \u00e0s aulas de forma virtual.  Os alunos que optarem por n\u00e3o comparecer \u00e0s aulas presenciais n\u00e3o ser\u00e3o penalizados. Entretanto, eles devem compensar assistindo \u00e0s aulas de forma digital e fazendo as atividades propostas.<\/p>\n\n\n\n<h2 class=\"wp-block-heading\">Tend\u00eancia para os pr\u00f3ximos anos<\/h2>\n\n\n\n<p>J\u00e1 para 2022 ainda n\u00e3o h\u00e1 previs\u00e3o de como ser\u00e1, pois o retorno depende de fatores como ritmo de vacina\u00e7\u00e3o e condi\u00e7\u00f5es sanit\u00e1rias adequadas. H\u00e1, inclusive, institui\u00e7\u00f5es tentando regularizar o ensino h\u00edbrido e torn\u00e1-lo o &#8220;novo normal&#8221;. Ainda n\u00e3o sabemos como ser\u00e1 o pr\u00f3ximo ano, mas sabemos que a pandemia acelerou as novas <a href=\"https:\/\/vaidebolsa.com.br\/revolucao-educacional\/\" target=\"_blank\" rel=\"noreferrer noopener\">tend\u00eancias de ensino<\/a> do mundo todo. Continue acompanhando <a href=\"https:\/\/vaidebolsa.com.br\/blog\/\" target=\"_blank\" rel=\"noreferrer noopener\">nosso blog<\/a> e fique por dentro de todas as tend\u00eancias e novidades da \u00e1rea educacional.<\/p>\n","protected":false},"excerpt":{"rendered":"<p>As aulas presenciais no Brasil foram suspensas quando o v\u00edrus Covid19 passou a se alastrar pelo pa\u00eds. Foi uma conduta assertiva, na tentativa de frear a taxa de cont\u00e1gio do novo Coronav\u00edrus. Entretanto, apesar de extremamente necess\u00e1rio, o cancelamento do ensino presencial no Brasil trouxe algumas dificuldades aos estudantes. Principalmente aos mais novos, que sentem [&hellip;]<\/p>\n","protected":false},"author":67,"featured_media":0,"comment_status":"open","ping_status":"open","sticky":false,"template":"","format":"standard","meta":{"om_disable_all_campaigns":false,"site-sidebar-layout":"default","site-content-layout":"","ast-site-content-layout":"","site-content-style":"default","site-sidebar-style":"default","ast-global-header-display":"","ast-banner-title-visibility":"","ast-main-header-display":"","ast-hfb-above-header-display":"","ast-hfb-below-header-display":"","ast-hfb-mobile-header-display":"","site-post-title":"","ast-breadcrumbs-content":"","ast-featured-img":"","footer-sml-layout":"","theme-transparent-header-meta":"","adv-header-id-meta":"","stick-header-meta":"","header-above-stick-meta":"","header-main-stick-meta":"","header-below-stick-meta":"","astra-migrate-meta-layouts":"default","ast-page-background-enabled":"default","ast-page-background-meta":{"desktop":{"background-color":"var(--ast-global-color-4)","background-image":"","background-repeat":"repeat","background-position":"center center","background-size":"auto","background-attachment":"scroll","background-type":"","background-media":"","overlay-type":"","overlay-color":"","overlay-opacity":"","overlay-gradient":""},"tablet":{"background-color":"","background-image":"","background-repeat":"repeat","background-position":"center center","background-size":"auto","background-attachment":"scroll","background-type":"","background-media":"","overlay-type":"","overlay-color":"","overlay-opacity":"","overlay-gradient":""},"mobile":{"background-color":"","background-image":"","background-repeat":"repeat","background-position":"center center","background-size":"auto","background-attachment":"scroll","background-type":"","background-media":"","overlay-type":"","overlay-color":"","overlay-opacity":"","overlay-gradient":""}},"ast-content-background-meta":{"desktop":{"background-color":"var(--ast-global-color-5)","background-image":"","background-repeat":"repeat","background-position":"center center","background-size":"auto","background-attachment":"scroll","background-type":"","background-media":"","overlay-type":"","overlay-color":"","overlay-opacity":"","overlay-gradient":""},"tablet":{"background-color":"var(--ast-global-color-5)","background-image":"","background-repeat":"repeat","background-position":"center center","background-size":"auto","background-attachment":"scroll","background-type":"","background-media":"","overlay-type":"","overlay-color":"","overlay-opacity":"","overlay-gradient":""},"mobile":{"background-color":"var(--ast-global-color-5)","background-image":"","background-repeat":"repeat","background-position":"center center","background-size":"auto","background-attachment":"scroll","background-type":"","background-media":"","overlay-type":"","overlay-color":"","overlay-opacity":"","overlay-gradient":""}},"_themeisle_gutenberg_block_has_review":false,"footnotes":""},"categories":[49],"tags":[],"class_list":["post-21604","post","type-post","status-publish","format-standard","hentry","category-graduacao"],"yoast_head":"<!-- This site is optimized with the Yoast SEO plugin v23.4 - https:\/\/yoast.com\/wordpress\/plugins\/seo\/ -->\n<title>Quando deve voltar o ensino presencial no Brasil?<\/title>\n<meta name=\"description\" content=\"Ap\u00f3s meses de distanciamento social, quando \u00e9 que o ensino presencial deve voltar no Brasil? Descubra qual a tend\u00eancia para os pr\u00f3ximos meses.\" \/>\n<meta name=\"robots\" content=\"index, follow, max-snippet:-1, max-image-preview:large, max-video-preview:-1\" \/>\n<link rel=\"canonical\" href=\"https:\/\/vaidebolsa.com.br\/blog\/graduacao\/ensino-presencial\/\" \/>\n<meta property=\"og:locale\" content=\"pt_BR\" \/>\n<meta property=\"og:type\" content=\"article\" \/>\n<meta property=\"og:title\" content=\"Quando deve voltar o ensino presencial no Brasil?\" \/>\n<meta property=\"og:description\" content=\"Ap\u00f3s meses de distanciamento social, quando \u00e9 que o ensino presencial deve voltar no Brasil? Descubra qual a tend\u00eancia para os pr\u00f3ximos meses.\" \/>\n<meta property=\"og:url\" content=\"https:\/\/vaidebolsa.com.br\/blog\/graduacao\/ensino-presencial\/\" \/>\n<meta property=\"og:site_name\" content=\"Vai de Bolsa\" \/>\n<meta property=\"article:publisher\" content=\"https:\/\/www.facebook.com\/vdbeducacional\" \/>\n<meta property=\"article:published_time\" content=\"2021-10-15T20:35:00+00:00\" \/>\n<meta property=\"article:modified_time\" content=\"2023-08-14T18:55:00+00:00\" \/>\n<meta name=\"author\" content=\"Natalia Pereira\" \/>\n<meta name=\"twitter:card\" content=\"summary_large_image\" \/>\n<meta name=\"twitter:label1\" content=\"Escrito por\" \/>\n\t<meta name=\"twitter:data1\" content=\"Natalia Pereira\" \/>\n\t<meta name=\"twitter:label2\" content=\"Est. tempo de leitura\" \/>\n\t<meta name=\"twitter:data2\" content=\"4 minutos\" \/>\n<script type=\"application\/ld+json\" class=\"yoast-schema-graph\">{\"@context\":\"https:\/\/schema.org\",\"@graph\":[{\"@type\":\"Article\",\"@id\":\"https:\/\/vaidebolsa.com.br\/blog\/graduacao\/ensino-presencial\/#article\",\"isPartOf\":{\"@id\":\"https:\/\/vaidebolsa.com.br\/blog\/graduacao\/ensino-presencial\/\"},\"author\":{\"name\":\"Natalia Pereira\",\"@id\":\"https:\/\/vaidebolsa.com.br\/blog\/#\/schema\/person\/66c9e3f3a84ba9e04deec23f2938a105\"},\"headline\":\"Quando deve voltar o ensino presencial no Brasil?\",\"datePublished\":\"2021-10-15T20:35:00+00:00\",\"dateModified\":\"2023-08-14T18:55:00+00:00\",\"mainEntityOfPage\":{\"@id\":\"https:\/\/vaidebolsa.com.br\/blog\/graduacao\/ensino-presencial\/\"},\"wordCount\":921,\"commentCount\":0,\"publisher\":{\"@id\":\"https:\/\/vaidebolsa.com.br\/blog\/#organization\"},\"articleSection\":[\"Gradua\u00e7\u00e3o\"],\"inLanguage\":\"pt-BR\",\"potentialAction\":[{\"@type\":\"CommentAction\",\"name\":\"Comment\",\"target\":[\"https:\/\/vaidebolsa.com.br\/blog\/graduacao\/ensino-presencial\/#respond\"]}]},{\"@type\":\"WebPage\",\"@id\":\"https:\/\/vaidebolsa.com.br\/blog\/graduacao\/ensino-presencial\/\",\"url\":\"https:\/\/vaidebolsa.com.br\/blog\/graduacao\/ensino-presencial\/\",\"name\":\"Quando deve voltar o ensino presencial no Brasil?\",\"isPartOf\":{\"@id\":\"https:\/\/vaidebolsa.com.br\/blog\/#website\"},\"datePublished\":\"2021-10-15T20:35:00+00:00\",\"dateModified\":\"2023-08-14T18:55:00+00:00\",\"description\":\"Ap\u00f3s meses de distanciamento social, quando \u00e9 que o ensino presencial deve voltar no Brasil? Descubra qual a tend\u00eancia para os pr\u00f3ximos meses.\",\"breadcrumb\":{\"@id\":\"https:\/\/vaidebolsa.com.br\/blog\/graduacao\/ensino-presencial\/#breadcrumb\"},\"inLanguage\":\"pt-BR\",\"potentialAction\":[{\"@type\":\"ReadAction\",\"target\":[\"https:\/\/vaidebolsa.com.br\/blog\/graduacao\/ensino-presencial\/\"]}]},{\"@type\":\"BreadcrumbList\",\"@id\":\"https:\/\/vaidebolsa.com.br\/blog\/graduacao\/ensino-presencial\/#breadcrumb\",\"itemListElement\":[{\"@type\":\"ListItem\",\"position\":1,\"name\":\"Home\",\"item\":\"https:\/\/vaidebolsa.com.br\/blog\/\"},{\"@type\":\"ListItem\",\"position\":2,\"name\":\"Quando deve voltar o ensino presencial no Brasil?\"}]},{\"@type\":\"WebSite\",\"@id\":\"https:\/\/vaidebolsa.com.br\/blog\/#website\",\"url\":\"https:\/\/vaidebolsa.com.br\/blog\/\",\"name\":\"Vai de Bolsa\",\"description\":\"Vai de Bolsa: Bolsas de Estudo com at\u00e9 70% de Desconto!\",\"publisher\":{\"@id\":\"https:\/\/vaidebolsa.com.br\/blog\/#organization\"},\"potentialAction\":[{\"@type\":\"SearchAction\",\"target\":{\"@type\":\"EntryPoint\",\"urlTemplate\":\"https:\/\/vaidebolsa.com.br\/blog\/?s={search_term_string}\"},\"query-input\":{\"@type\":\"PropertyValueSpecification\",\"valueRequired\":true,\"valueName\":\"search_term_string\"}}],\"inLanguage\":\"pt-BR\"},{\"@type\":\"Organization\",\"@id\":\"https:\/\/vaidebolsa.com.br\/blog\/#organization\",\"name\":\"Vai de Bolsa\",\"url\":\"https:\/\/vaidebolsa.com.br\/blog\/\",\"logo\":{\"@type\":\"ImageObject\",\"inLanguage\":\"pt-BR\",\"@id\":\"https:\/\/vaidebolsa.com.br\/blog\/#\/schema\/logo\/image\/\",\"url\":\"https:\/\/vaidebolsa.com.br\/blog\/wp-content\/uploads\/2022\/03\/Logo-Vai-de-Bolsa-cor-e1648649224262.png\",\"contentUrl\":\"https:\/\/vaidebolsa.com.br\/blog\/wp-content\/uploads\/2022\/03\/Logo-Vai-de-Bolsa-cor-e1648649224262.png\",\"width\":180,\"height\":90,\"caption\":\"Vai de Bolsa\"},\"image\":{\"@id\":\"https:\/\/vaidebolsa.com.br\/blog\/#\/schema\/logo\/image\/\"},\"sameAs\":[\"https:\/\/www.facebook.com\/vdbeducacional\",\"https:\/\/www.instagram.com\/vaidebolsa_\/\"]},{\"@type\":\"Person\",\"@id\":\"https:\/\/vaidebolsa.com.br\/blog\/#\/schema\/person\/66c9e3f3a84ba9e04deec23f2938a105\",\"name\":\"Natalia Pereira\",\"image\":{\"@type\":\"ImageObject\",\"inLanguage\":\"pt-BR\",\"@id\":\"https:\/\/vaidebolsa.com.br\/blog\/#\/schema\/person\/image\/\",\"url\":\"http:\/\/0.gravatar.com\/avatar\/f1ab57fb53849c617df1cb34eb8ae2d8?s=96&d=mm&r=g\",\"contentUrl\":\"http:\/\/0.gravatar.com\/avatar\/f1ab57fb53849c617df1cb34eb8ae2d8?s=96&d=mm&r=g\",\"caption\":\"Natalia Pereira\"},\"description\":\"Formada em Publicidade e Propaganda com bolsa de estudos, Nat\u00e1lia Pereira passou por todos os dilemas que envolvem a vida de um jovem que est\u00e1 prestes a sair do ensino m\u00e9dio e se depara com o desafio de entrar em uma boa faculdade pagando pouco. Hoje, aos 23 anos, atua como Analista de Marketing e escreve sobre educa\u00e7\u00e3o no Vai de Bolsa.\",\"url\":\"https:\/\/vaidebolsa.com.br\/blog\/author\/natalia\/\"}]}<\/script>\n<!-- \/ Yoast SEO plugin. -->","yoast_head_json":{"title":"Quando deve voltar o ensino presencial no Brasil?","description":"Ap\u00f3s meses de distanciamento social, quando \u00e9 que o ensino presencial deve voltar no Brasil? Descubra qual a tend\u00eancia para os pr\u00f3ximos meses.","robots":{"index":"index","follow":"follow","max-snippet":"max-snippet:-1","max-image-preview":"max-image-preview:large","max-video-preview":"max-video-preview:-1"},"canonical":"https:\/\/vaidebolsa.com.br\/blog\/graduacao\/ensino-presencial\/","og_locale":"pt_BR","og_type":"article","og_title":"Quando deve voltar o ensino presencial no Brasil?","og_description":"Ap\u00f3s meses de distanciamento social, quando \u00e9 que o ensino presencial deve voltar no Brasil? Descubra qual a tend\u00eancia para os pr\u00f3ximos meses.","og_url":"https:\/\/vaidebolsa.com.br\/blog\/graduacao\/ensino-presencial\/","og_site_name":"Vai de Bolsa","article_publisher":"https:\/\/www.facebook.com\/vdbeducacional","article_published_time":"2021-10-15T20:35:00+00:00","article_modified_time":"2023-08-14T18:55:00+00:00","author":"Natalia Pereira","twitter_card":"summary_large_image","twitter_misc":{"Escrito por":"Natalia Pereira","Est. tempo de leitura":"4 minutos"},"schema":{"@context":"https:\/\/schema.org","@graph":[{"@type":"Article","@id":"https:\/\/vaidebolsa.com.br\/blog\/graduacao\/ensino-presencial\/#article","isPartOf":{"@id":"https:\/\/vaidebolsa.com.br\/blog\/graduacao\/ensino-presencial\/"},"author":{"name":"Natalia Pereira","@id":"https:\/\/vaidebolsa.com.br\/blog\/#\/schema\/person\/66c9e3f3a84ba9e04deec23f2938a105"},"headline":"Quando deve voltar o ensino presencial no Brasil?","datePublished":"2021-10-15T20:35:00+00:00","dateModified":"2023-08-14T18:55:00+00:00","mainEntityOfPage":{"@id":"https:\/\/vaidebolsa.com.br\/blog\/graduacao\/ensino-presencial\/"},"wordCount":921,"commentCount":0,"publisher":{"@id":"https:\/\/vaidebolsa.com.br\/blog\/#organization"},"articleSection":["Gradua\u00e7\u00e3o"],"inLanguage":"pt-BR","potentialAction":[{"@type":"CommentAction","name":"Comment","target":["https:\/\/vaidebolsa.com.br\/blog\/graduacao\/ensino-presencial\/#respond"]}]},{"@type":"WebPage","@id":"https:\/\/vaidebolsa.com.br\/blog\/graduacao\/ensino-presencial\/","url":"https:\/\/vaidebolsa.com.br\/blog\/graduacao\/ensino-presencial\/","name":"Quando deve voltar o ensino presencial no Brasil?","isPartOf":{"@id":"https:\/\/vaidebolsa.com.br\/blog\/#website"},"datePublished":"2021-10-15T20:35:00+00:00","dateModified":"2023-08-14T18:55:00+00:00","description":"Ap\u00f3s meses de distanciamento social, quando \u00e9 que o ensino presencial deve voltar no Brasil? Descubra qual a tend\u00eancia para os pr\u00f3ximos meses.","breadcrumb":{"@id":"https:\/\/vaidebolsa.com.br\/blog\/graduacao\/ensino-presencial\/#breadcrumb"},"inLanguage":"pt-BR","potentialAction":[{"@type":"ReadAction","target":["https:\/\/vaidebolsa.com.br\/blog\/graduacao\/ensino-presencial\/"]}]},{"@type":"BreadcrumbList","@id":"https:\/\/vaidebolsa.com.br\/blog\/graduacao\/ensino-presencial\/#breadcrumb","itemListElement":[{"@type":"ListItem","position":1,"name":"Home","item":"https:\/\/vaidebolsa.com.br\/blog\/"},{"@type":"ListItem","position":2,"name":"Quando deve voltar o ensino presencial no Brasil?"}]},{"@type":"WebSite","@id":"https:\/\/vaidebolsa.com.br\/blog\/#website","url":"https:\/\/vaidebolsa.com.br\/blog\/","name":"Vai de Bolsa","description":"Vai de Bolsa: Bolsas de Estudo com at\u00e9 70% de Desconto!","publisher":{"@id":"https:\/\/vaidebolsa.com.br\/blog\/#organization"},"potentialAction":[{"@type":"SearchAction","target":{"@type":"EntryPoint","urlTemplate":"https:\/\/vaidebolsa.com.br\/blog\/?s={search_term_string}"},"query-input":{"@type":"PropertyValueSpecification","valueRequired":true,"valueName":"search_term_string"}}],"inLanguage":"pt-BR"},{"@type":"Organization","@id":"https:\/\/vaidebolsa.com.br\/blog\/#organization","name":"Vai de Bolsa","url":"https:\/\/vaidebolsa.com.br\/blog\/","logo":{"@type":"ImageObject","inLanguage":"pt-BR","@id":"https:\/\/vaidebolsa.com.br\/blog\/#\/schema\/logo\/image\/","url":"https:\/\/vaidebolsa.com.br\/blog\/wp-content\/uploads\/2022\/03\/Logo-Vai-de-Bolsa-cor-e1648649224262.png","contentUrl":"https:\/\/vaidebolsa.com.br\/blog\/wp-content\/uploads\/2022\/03\/Logo-Vai-de-Bolsa-cor-e1648649224262.png","width":180,"height":90,"caption":"Vai de Bolsa"},"image":{"@id":"https:\/\/vaidebolsa.com.br\/blog\/#\/schema\/logo\/image\/"},"sameAs":["https:\/\/www.facebook.com\/vdbeducacional","https:\/\/www.instagram.com\/vaidebolsa_\/"]},{"@type":"Person","@id":"https:\/\/vaidebolsa.com.br\/blog\/#\/schema\/person\/66c9e3f3a84ba9e04deec23f2938a105","name":"Natalia Pereira","image":{"@type":"ImageObject","inLanguage":"pt-BR","@id":"https:\/\/vaidebolsa.com.br\/blog\/#\/schema\/person\/image\/","url":"http:\/\/0.gravatar.com\/avatar\/f1ab57fb53849c617df1cb34eb8ae2d8?s=96&d=mm&r=g","contentUrl":"http:\/\/0.gravatar.com\/avatar\/f1ab57fb53849c617df1cb34eb8ae2d8?s=96&d=mm&r=g","caption":"Natalia Pereira"},"description":"Formada em Publicidade e Propaganda com bolsa de estudos, Nat\u00e1lia Pereira passou por todos os dilemas que envolvem a vida de um jovem que est\u00e1 prestes a sair do ensino m\u00e9dio e se depara com o desafio de entrar em uma boa faculdade pagando pouco. Hoje, aos 23 anos, atua como Analista de Marketing e escreve sobre educa\u00e7\u00e3o no Vai de Bolsa.","url":"https:\/\/vaidebolsa.com.br\/blog\/author\/natalia\/"}]}},"_links":{"self":[{"href":"https:\/\/vaidebolsa.com.br\/blog\/wp-json\/wp\/v2\/posts\/21604"}],"collection":[{"href":"https:\/\/vaidebolsa.com.br\/blog\/wp-json\/wp\/v2\/posts"}],"about":[{"href":"https:\/\/vaidebolsa.com.br\/blog\/wp-json\/wp\/v2\/types\/post"}],"author":[{"embeddable":true,"href":"https:\/\/vaidebolsa.com.br\/blog\/wp-json\/wp\/v2\/users\/67"}],"replies":[{"embeddable":true,"href":"https:\/\/vaidebolsa.com.br\/blog\/wp-json\/wp\/v2\/comments?post=21604"}],"version-history":[{"count":1,"href":"https:\/\/vaidebolsa.com.br\/blog\/wp-json\/wp\/v2\/posts\/21604\/revisions"}],"predecessor-version":[{"id":17181322126,"href":"https:\/\/vaidebolsa.com.br\/blog\/wp-json\/wp\/v2\/posts\/21604\/revisions\/17181322126"}],"wp:attachment":[{"href":"https:\/\/vaidebolsa.com.br\/blog\/wp-json\/wp\/v2\/media?parent=21604"}],"wp:term":[{"taxonomy":"category","embeddable":true,"href":"https:\/\/vaidebolsa.com.br\/blog\/wp-json\/wp\/v2\/categories?post=21604"},{"taxonomy":"post_tag","embeddable":true,"href":"https:\/\/vaidebolsa.com.br\/blog\/wp-json\/wp\/v2\/tags?post=21604"}],"curies":[{"name":"wp","href":"https:\/\/api.w.org\/{rel}","templated":true}]}}