{"id":2312,"date":"2019-10-19T10:04:54","date_gmt":"2019-10-19T13:04:54","guid":{"rendered":"https:\/\/vaidebolsa.com.br\/?p=2312"},"modified":"2023-08-14T15:40:46","modified_gmt":"2023-08-14T18:40:46","slug":"cursos-para-quem-e-criativo","status":"publish","type":"post","link":"https:\/\/vaidebolsa.com.br\/blog\/graduacao\/cursos-para-quem-e-criativo\/","title":{"rendered":"Os 5 melhores cursos para quem \u00e9 criativo"},"content":{"rendered":"<p>Quase todo mundo j\u00e1 sabe que a tecnologia vai dominar o mercado profissional. \u00c9 preciso estar capacitado para acompanhar a evolu\u00e7\u00e3o e atuar em carreiras que ainda nem existem. No entanto, o que nem todos se deram conta \u00e9 que o profissional com habilidades criativas ser\u00e1 indispens\u00e1vel. Ent\u00e3o, investir em cursos para quem \u00e9 criativo \u00e9 uma maneira de se destacar da multid\u00e3o e garantir a empregabilidade.<\/p>\n<p>Ser capaz de criar, produzir o novo, inventar, reinventar, analisar e propor solu\u00e7\u00f5es ser\u00e1 o diferencial para o futuro. Caso contr\u00e1rio, a tecnologia substituir\u00e1 a sua profiss\u00e3o. Sendo assim, separamos uma lista com os cinco melhores cursos para quem \u00e9 criativo.<\/p>\n<h2>Artista pl\u00e1stico<\/h2>\n<p>O curso de Artes Visuais \u00e9 para quem tem interesse em desenvolver e compartilhar pensamentos e atitudes criativas, inovadoras e din\u00e2micas. Essas s\u00e3o compet\u00eancias essenciais para integrar o mercado de trabalho em arte e educa\u00e7\u00e3o formal e n\u00e3o formal.<\/p>\n<p>Considerando os cursos para quem \u00e9 criativo este tem uma organiza\u00e7\u00e3o curricular ampliada, formada por um conjunto de disciplinas capazes de relacionar teoria e pr\u00e1tica expandindo a compreens\u00e3o e atua\u00e7\u00e3o do profissional na atualidade. A dura\u00e7\u00e3o \u00e9 de quatro anos. Veja as disciplinas:<\/p>\n<ul>\n<li>Filosofia da educa\u00e7\u00e3o;<\/li>\n<li>Hist\u00f3ria da educa\u00e7\u00e3o;<\/li>\n<li>L\u00edngua portuguesa;<\/li>\n<li>Linguagens da arte e regionalidades;<\/li>\n<li>Planejamento de carreira e sucesso profissional;<\/li>\n<li>Did\u00e1tica;<\/li>\n<li>Educa\u00e7\u00e3o ambiental;<\/li>\n<li>Hist\u00f3ria da arte ii: do barroco ao impressionismo;<\/li>\n<li>Museologia;<\/li>\n<li>Pol\u00edticas p\u00fablicas e org. Da educa\u00e7\u00e3o b\u00e1sica;<\/li>\n<li>Cenas brasileiras;<\/li>\n<li>Cenografia e indument\u00e1ria;<\/li>\n<li>Corpo e voz cena;<\/li>\n<li>Desenho art\u00edstico em design gr\u00e1fico;<\/li>\n<li>Economia criativa: gest\u00e3o de carreira;<\/li>\n<li>\u00c9tica, gest\u00e3o de projetos e rela\u00e7\u00f5es profissionais;<\/li>\n<li>Gest\u00e3o escolar: teoria e pr\u00e1tica;<\/li>\n<li>Hist\u00f3ria da arte brasileira ii: s\u00e9culo xx e xxi;<\/li>\n<li>Hist\u00f3ria do teatro brasileiro;<\/li>\n<li>Inform\u00e1tica aplicada \u00e0 educa\u00e7\u00e3o;<\/li>\n<li>Linguagens da atua\u00e7\u00e3o c\u00eanica;<\/li>\n<li>Literatura popular regional;<\/li>\n<li>Metodologias dos encenadores-pedagogos;<\/li>\n<li>Metodologias para o ensino do teatro;<\/li>\n<li>O ensino do teatro no ensino fundamental;<\/li>\n<li>O ensino do teatro no ensino m\u00e9dio;<\/li>\n<li>Oficina liter\u00e1ria;<\/li>\n<li>P\u00f3s modernismo e culturas h\u00edbridas;<\/li>\n<li>Teatro do oprimido;<\/li>\n<li>Teatro infanto-juvenil;<\/li>\n<li>T\u00e9cnica em palha\u00e7aria;<\/li>\n<li>T\u00e9cnicas de atua\u00e7\u00e3o.<\/li>\n<\/ul>\n<h3>Mercado de Trabalho<\/h3>\n<p>Se voc\u00ea escolher este, entre os cursos para quem \u00e9 criativo, poder\u00e1 exercer a doc\u00eancia no ensino fundamental e m\u00e9dio. Al\u00e9m de realizar a\u00e7\u00f5es educativas em espa\u00e7os culturais, museus, institutos, funda\u00e7\u00f5es e casas de cultura.<\/p>\n<p>Poder\u00e1 ainda desenvolver processos criativos: realizar projetos de oficinas e\/ou cursos de criatividade, criar e confeccionar adere\u00e7os para cen\u00e1rios, figurinos e vitrines.<\/p>\n<p>Outra \u00e1rea \u00e9 na realiza\u00e7\u00e3o de projetos-pedag\u00f3gicos e art\u00edsticos: criar e gerenciar projetos para ONGs, casas de cultura, galerias de arte, funda\u00e7\u00f5es, ateliers, cen\u00e1rios corporativos, empreendedorismo social e curadoria. O curso tem dura\u00e7\u00e3o de cinco anos.<\/p>\n<h3>Sal\u00e1rio<\/h3>\n<p>Um Artista Pl\u00e1stico ganha em m\u00e9dia R$ 2.224,13 no mercado de trabalho brasileiro para uma jornada de trabalho de 42 horas semanais de acordo o Caged do <a href=\"https:\/\/www.gov.br\/trabalho\/pt-br\">Minist\u00e9rio do Trabalho<\/a>.<\/p>\n<p>A faixa salarial do artista pl\u00e1stico fica entre R$ 1.500,00 (m\u00e9dia do piso salarial 2019 de acordos, conven\u00e7\u00f5es e diss\u00eddios) e o teto salarial de R$ 3.361,18, levando em conta profissionais com carteira assinada em regime CLT.<\/p>\n<h2>Arquiteto<\/h2>\n<p>Entre os cursos para quem \u00e9 criativo, tem ainda a <a href=\"https:\/\/vaidebolsa.com.br\/areas-de-atuacao-do-arquiteto-e-urbanista\/\" target=\"_blank\" rel=\"noopener noreferrer\">forma\u00e7\u00e3o de arquiteto<\/a>. Voc\u00ea receber\u00e1 capacita\u00e7\u00e3o para ter uma consci\u00eancia e empreendedorismo social, apto a atuar no planejamento de espa\u00e7os interiores e exteriores.<\/p>\n<p>Ter\u00e1 conte\u00fado suficiente para atuar numa escala da cidade, o urbanismo, a edifica\u00e7\u00e3o e o paisagismo. O curso prepara arquitetos e urbanistas para criar projetos que traduzam as necessidades de indiv\u00edduos, grupos sociais e comunidades nos diversos cen\u00e1rios do mundo contempor\u00e2neo.<\/p>\n<p>Os projetos s\u00e3o estruturados com base na conserva\u00e7\u00e3o e na valoriza\u00e7\u00e3o do patrim\u00f4nio constru\u00eddo. Sempre aprendendo a utilizar racionalmente, os recursos dispon\u00edveis com vistas a contribuir com proposi\u00e7\u00f5es urban\u00edstico-arquitet\u00f4nicas conscientes e comprometidas com os valores de uma sociedade mais justa e fraterna.<\/p>\n<p>Veja as disciplinas:<\/p>\n<ul>\n<li>Desenho de observa\u00e7\u00e3o;<\/li>\n<li>Introdu\u00e7\u00e3o ao projeto de arquitetura e urbanismo;<\/li>\n<li>L\u00edngua portuguesa;<\/li>\n<li>Materiais de constru\u00e7\u00e3o;<\/li>\n<li>Teoria cr\u00edtica da arquitetura;<\/li>\n<li>Artes, arq. E urbanismo: idade contempor\u00e2nea;<\/li>\n<li>Ateli\u00ea de projeto de arquitetura;<\/li>\n<li>Conforto ambiental;<\/li>\n<li>Representa\u00e7\u00e3o gr\u00e1fica;<\/li>\n<li>Urbanismo;<\/li>\n<li>Contemporaneidade em arquitetura e urbanismo;<\/li>\n<li>\u00c9tica e legisla\u00e7\u00e3o. Profissional em arquitetura e urbanismo;<\/li>\n<li>Fundamentos para o tfg;<\/li>\n<li>Gerenciamento de projetos e obras;<\/li>\n<li>T\u00f3picos em libras: surdez e inclus\u00e3o.<\/li>\n<\/ul>\n<h3>Mercado de Trabalho<\/h3>\n<p>Ele n\u00e3o est\u00e1 s\u00f3 na lista dos cursos para quem \u00e9 criativo, tem boas expectativas no mercado de trabalho. O curso de Arquitetura e Urbanismo hibridiza disciplinas das \u00e1reas de humanas e de exatas.<\/p>\n<p>O profissional atua desenvolvendo projetos na \u00e1rea de concep\u00e7\u00e3o, constru\u00e7\u00e3o, reforma e manuten\u00e7\u00e3o de edifica\u00e7\u00f5es.<\/p>\n<p>Al\u00e9m de arquitetura paisag\u00edstica, arquitetura de interiores, planejamento f\u00edsico, local, urbano e regional. Sempre na cenografia, patrim\u00f4nio cultural, no estudo da hist\u00f3ria da arquitetura e do urbanismo, e, tamb\u00e9m, como pesquisador.<\/p>\n<p>O mercado de trabalho vem demandando arquitetos e urbanistas que desempenhem a cidadania de modo consciente e cr\u00edtico. Pode atuar no planejamento de espa\u00e7os interiores e exteriores, abrangendo a escala da cidade, o urbanismo, a edifica\u00e7\u00e3o e o paisagismo.<\/p>\n<p>Por isso, veja tamb\u00e9m nosso artigo sobre <a href=\"https:\/\/vaidebolsa.com.br\/areas-de-atuacao-do-arquiteto-e-urbanista\/\" target=\"_blank\" rel=\"noopener noreferrer\">As \u00e1reas de atua\u00e7\u00e3o de um arquiteto e urbanista<\/a>.<\/p>\n<h3>Sal\u00e1rio<\/h3>\n<p>Um engenheiro arquiteto ganha em m\u00e9dia R$ 6.025,74 no mercado de trabalho brasileiro para uma jornada de trabalho de 41 horas semanais de acordo com pesquisa do Caged do Minist\u00e9rio do Trabalho.<\/p>\n<p>A faixa salarial do engenheiro arquiteto fica entre R$ 8.483,00 (m\u00e9dia do piso salarial 2019 de acordos, conven\u00e7\u00f5es e diss\u00eddios), e o teto salarial de R$ 9.106,28, levando em conta profissionais com carteira assinada em regime CLT.<\/p>\n<h2>Designer de interiores<\/h2>\n<p>Nesse curso, desde o primeiro semestre o aluno se dedica \u00e0 pr\u00e1tica projetual, aprendendo a projetar espa\u00e7os, mobili\u00e1rios e objetos. Est\u00e1 no topo da listas dos cursos para quem \u00e9 criativo. Tem dura\u00e7\u00e3o de 2 anos e meio. Lembrando que esta \u00e9 apenas uma das \u00e1reas do vasto universo do design que \u00e9 totalmente voltado para a cria\u00e7\u00e3o. Para saber mais sobre isso, <a href=\"https:\/\/vaidebolsa.com.br\/areas-do-design\/\" target=\"_blank\" rel=\"noopener noreferrer\">veja tamb\u00e9m nosso artigo sobre as principais \u00e1reas do design<\/a>.<\/p>\n<p>Veja as disciplinas:<\/p>\n<ul>\n<li>Desenho de observa\u00e7\u00e3o;<\/li>\n<li>Fundamentos do design;<\/li>\n<li>L\u00edngua portuguesa;<\/li>\n<li>Linguagem visual e percep\u00e7\u00e3o;<\/li>\n<li>Teoria e pr\u00e1tica da cor;<\/li>\n<li>Ecodesign, sustentabilidade e inova\u00e7\u00e3o;<\/li>\n<li>Ergonomia e desenho universal;<\/li>\n<li>Interiores residenciais;<\/li>\n<li>Projeto de instala\u00e7\u00f5es ef\u00eameras e cenografia;<\/li>\n<li>Representa\u00e7\u00e3o gr\u00e1fica;<\/li>\n<li>Cria\u00e7\u00e3o e desenvolvimento de mobili\u00e1rio;<\/li>\n<li>\u00c9tica, gest\u00e3o de projetos e rela\u00e7\u00f5es profissionais;<\/li>\n<li>Paisagismo e meio ambiente;<\/li>\n<li>Projeto integrado em design de interiores;<\/li>\n<li>T\u00f3picos em libras: surdez e inclus\u00e3o.<\/li>\n<\/ul>\n<h3>Mercado de Trabalho<\/h3>\n<p>Com a forma\u00e7\u00e3o \u00e9 poss\u00edvel desenvolver pesquisas de tend\u00eancias de comportamento, cores, formas, texturas, acabamentos, plantas baixas, cortes e perspectivas.<\/p>\n<p>Se voc\u00ea est\u00e1 buscando uma op\u00e7\u00e3o entre os cursos para quem \u00e9 criativo, saiba que sempre h\u00e1 vagas em empresas de design e decora\u00e7\u00e3o. Al\u00e9m de construtoras, galerias de arte, empreendimentos de lazer e comerciais, \u00f3rg\u00e3os p\u00fablicos ou at\u00e9 como aut\u00f4nomo ou empreendedor.<\/p>\n<h3>Sal\u00e1rio<\/h3>\n<p>Um Designer de Interiores ganha em m\u00e9dia R$ 2.121,19 no mercado de trabalho brasileiro para uma jornada de trabalho de 43 horas semanais, de acordo com o Caged do Minist\u00e9rio do Trabalho.<\/p>\n<p>A faixa salarial do Designer de Interiores fica entre R$ 1.500,00 (m\u00e9dia do piso salarial 2019 de acordos, conven\u00e7\u00f5es e diss\u00eddios), e o teto salarial de R$ 3.205,61, levando em conta profissionais com carteira assinada em regime CLT.<\/p>\n<h2>Publicit\u00e1rio<\/h2>\n<p>As disciplinas do curso contribuem para formar profissionais de comunica\u00e7\u00e3o publicit\u00e1ria com perfil criativo e empreendedor. Ou seja, pela descri\u00e7\u00e3o j\u00e1 d\u00e1 pra perceber que este \u00e9 mais um dos cursos para quem \u00e9 criativo.<\/p>\n<p>Voc\u00ea sair\u00e1 da faculdade com conhecimento t\u00e9cnico para atuar de forma cr\u00edtica e \u00e9tica nas diversas oportunidades proporcionadas por essa carreira. Dessa forma, estar\u00e1 apto a se moldar as constantes mudan\u00e7as tecnol\u00f3gicas exigidas pelo mercado.<\/p>\n<p>Aprender\u00e1 a fazer a idealiza\u00e7\u00e3o de campanhas de comunica\u00e7\u00e3o institucionais e publicit\u00e1rias e de mercado. A partir de t\u00e9cnicas criativas e inovadoras, para veicula\u00e7\u00e3o tanto nas m\u00eddias mais tradicionais quanto nas novas m\u00eddias digitais.<\/p>\n<p>Veja disciplinas:<\/p>\n<ul>\n<li>Comunica\u00e7\u00e3o empresarial integrada;<\/li>\n<li>Fundamentos das ci\u00eancias sociais;<\/li>\n<li>Introdu\u00e7\u00e3o \u00e0 fotografia;<\/li>\n<li>Introdu\u00e7\u00e3o \u00e0s profiss\u00f5es em comunica\u00e7\u00e3o;<\/li>\n<li>L\u00edngua portuguesa;<\/li>\n<li>Assessoria de comunica\u00e7\u00e3o;<\/li>\n<li>Comunica\u00e7\u00e3o e pol\u00edtica;<\/li>\n<li>Desenvolvimento de produtos e marcas;<\/li>\n<li>Dire\u00e7\u00e3o de arte em publicidade e propaganda;<\/li>\n<li>Economia empresarial;<\/li>\n<li>Est\u00e9tica e hist\u00f3ria da arte contempor\u00e2nea;<\/li>\n<li>Marketing para o terceiro setor;<\/li>\n<li>M\u00eddia;<\/li>\n<li>Planejamento e gest\u00e3o do processo publicit\u00e1rio;<\/li>\n<li>Reda\u00e7\u00e3o publicit\u00e1ria &#8211; m\u00eddias impressas;<\/li>\n<li>Comunica\u00e7\u00e3o comunit\u00e1ria;<\/li>\n<li>Projeto experimental- plano de neg. Em comun.;<\/li>\n<li>Publicidade e multimeios;<\/li>\n<li>T\u00f3picos em libras: surdez e inclus\u00e3o;<\/li>\n<li>T\u00f3picos especiais em comunica\u00e7\u00e3o;<\/li>\n<li>Webdesign.<\/li>\n<\/ul>\n<h3>Mercado de Trabalho<\/h3>\n<p>A publicidade n\u00e3o est\u00e1 s\u00f3 na lista dos cursos para quem \u00e9 criativo, prepara voc\u00ea para grandes oportunidades. D\u00e1 para atuar nas \u00e1reas de marketing, comunica\u00e7\u00e3o e propaganda de empresas p\u00fablicas, privadas ou de terceiro setor. Al\u00e9m de ag\u00eancias de propaganda &#8211; em todos os seus departamentos, fornecedores de produtos e servi\u00e7os em geral.<\/p>\n<p>Pode atuar na \u00e1rea da fotografia, produtoras de \u00e1udio e comerciais; empresas de eventos, promo\u00e7\u00f5es, merchandising e incentivo. Tem ainda o ramo dos fornecedores gr\u00e1ficos e correlatos e em empresas produtoras e distribuidoras de conte\u00fados digitais, entre outras.<\/p>\n<p>Existem vagas ainda nos ve\u00edculos de comunica\u00e7\u00e3o, assim como nos mercados emergentes da comunica\u00e7\u00e3o institucional e nos meios tecnol\u00f3gicos\/digitais.<\/p>\n<h3>Sal\u00e1rio<\/h3>\n<p>Um Agente Publicit\u00e1rio ganha em m\u00e9dia R$ 3.365,12 no mercado de trabalho brasileiro para uma jornada de trabalho de 42 horas semanais de acordo com o Caged do Minist\u00e9rio do Trabalho.<\/p>\n<p>A faixa salarial do agente publicit\u00e1rio fica entre R$ 1.500,00 (m\u00e9dia do piso salarial 2019 de acordos, conven\u00e7\u00f5es e diss\u00eddios) e o teto salarial de R$ 5.085,47, levando em conta profissionais com carteira assinada em regime CLT.<\/p>\n<h2>Escritor<\/h2>\n<p>Esta \u00e9 uma profiss\u00e3o que n\u00e3o exige regulamenta\u00e7\u00e3o. Sendo assim, n\u00e3o tem ainda uma forma\u00e7\u00e3o espec\u00edfica para escritor. No entanto, considerando um ranking dos cursos para quem \u00e9 criativo certamente esse seria um deles.<\/p>\n<p>Para se tornar escritor, uma boa dica \u00e9 cursar a licenciatura em Letras, L\u00edngua Portuguesa. Assim, voc\u00ea parte de uma concep\u00e7\u00e3o a um s\u00f3 tempo filos\u00f3fica e pragm\u00e1tica.<\/p>\n<p>Voc\u00ea poder\u00e1 trabalhar com o eixo estruturador da cogni\u00e7\u00e3o e da linguagem, que vem aperfei\u00e7oando-se para atender tamb\u00e9m \u00e0s necessidades do entorno social e \u00e0 diversifica\u00e7\u00e3o do mercado de trabalho.<\/p>\n<p>O curso de Licenciatura vai apresentar a voc\u00ea um processo cont\u00ednuo de reflex\u00e3o sobre o papel da linguagem, na constitui\u00e7\u00e3o do homem e da sociedade. Vejas as disciplinas:<\/p>\n<ul>\n<li>Aspectos antropol\u00f3gicos e sociologicos da educa\u00e7\u00e3o;<\/li>\n<li>Cultura, diversidade e educa\u00e7\u00e3o;<\/li>\n<li>Filosofia da educa\u00e7\u00e3o;<\/li>\n<li>Hist\u00f3ria da educa\u00e7\u00e3o;<\/li>\n<li>L\u00edngua portuguesa;<\/li>\n<li>Teoria da literatura;<\/li>\n<li>Lingu\u00edstica;<\/li>\n<li>Literatura portuguesa;<\/li>\n<li>Sintaxe do portugu\u00eas;<\/li>\n<li>Teoria da literatura;<\/li>\n<li>Teorias do discurso;<\/li>\n<li>Aspectos semiol\u00f3gicos do discurso;<\/li>\n<li>Literatura brasileira;<\/li>\n<li>Metodologia do ens. De l. Port. E suas literaturas;<\/li>\n<li>Pr\u00e1tica de pesquisa em letras;<\/li>\n<li>Sintaxe do portugu\u00eas;<\/li>\n<li>T\u00f3picos em libras: surdez e inclus\u00e3o.<\/li>\n<\/ul>\n<h3>Mercado de Trabalho<\/h3>\n<p>Os escritores profissionais podem produzir obras liter\u00e1rias (romances, contos, poesias), pe\u00e7as de teatro ou at\u00e9 mesmo roteiros para cinema e TV. Estas obras podem ser de fic\u00e7\u00e3o ou documentais (que retratam acontecimentos reais). Os escritores podem trabalhar ainda com adapta\u00e7\u00e3o de textos para diferentes formatos e tradu\u00e7\u00e3o de obras escritas em outros idiomas. Outro segmento que contrata escritores \u00e9 o de produ\u00e7\u00e3o de materiais did\u00e1ticos.<\/p>\n<h3>Sal\u00e1rio<\/h3>\n<p>Considerando que este \u00e9 mais um dos cursos para quem \u00e9 criativo, o sal\u00e1rio pode variar bastante. Um escritor de Fic\u00e7\u00e3o ganha em m\u00e9dia R$ 2.362,25 no mercado de trabalho brasileiro para uma jornada de trabalho de 43 horas semanais de acordo com o Caged.<\/p>\n<p>A faixa salarial do escritor de fic\u00e7\u00e3o fica entre R$ 1.708,00 (m\u00e9dia do piso salarial 2019 de acordos, conven\u00e7\u00f5es e diss\u00eddios), e o teto salarial de R$ 3.569,90, levando em conta profissionais com carteira assinada em regime CLT.<\/p>\n","protected":false},"excerpt":{"rendered":"<p>Quase todo mundo j\u00e1 sabe que a tecnologia vai dominar o mercado profissional. \u00c9 preciso estar capacitado para acompanhar a evolu\u00e7\u00e3o e atuar em carreiras que ainda nem existem. No entanto, o que nem todos se deram conta \u00e9 que o profissional com habilidades criativas ser\u00e1 indispens\u00e1vel. Ent\u00e3o, investir em cursos para quem \u00e9 criativo [&hellip;]<\/p>\n","protected":false},"author":67,"featured_media":0,"comment_status":"open","ping_status":"open","sticky":false,"template":"","format":"standard","meta":{"om_disable_all_campaigns":false,"site-sidebar-layout":"default","site-content-layout":"","ast-site-content-layout":"","site-content-style":"default","site-sidebar-style":"default","ast-global-header-display":"","ast-banner-title-visibility":"","ast-main-header-display":"","ast-hfb-above-header-display":"","ast-hfb-below-header-display":"","ast-hfb-mobile-header-display":"","site-post-title":"","ast-breadcrumbs-content":"","ast-featured-img":"","footer-sml-layout":"","theme-transparent-header-meta":"","adv-header-id-meta":"","stick-header-meta":"","header-above-stick-meta":"","header-main-stick-meta":"","header-below-stick-meta":"","astra-migrate-meta-layouts":"default","ast-page-background-enabled":"default","ast-page-background-meta":{"desktop":{"background-color":"var(--ast-global-color-4)","background-image":"","background-repeat":"repeat","background-position":"center center","background-size":"auto","background-attachment":"scroll","background-type":"","background-media":"","overlay-type":"","overlay-color":"","overlay-opacity":"","overlay-gradient":""},"tablet":{"background-color":"","background-image":"","background-repeat":"repeat","background-position":"center center","background-size":"auto","background-attachment":"scroll","background-type":"","background-media":"","overlay-type":"","overlay-color":"","overlay-opacity":"","overlay-gradient":""},"mobile":{"background-color":"","background-image":"","background-repeat":"repeat","background-position":"center center","background-size":"auto","background-attachment":"scroll","background-type":"","background-media":"","overlay-type":"","overlay-color":"","overlay-opacity":"","overlay-gradient":""}},"ast-content-background-meta":{"desktop":{"background-color":"var(--ast-global-color-5)","background-image":"","background-repeat":"repeat","background-position":"center center","background-size":"auto","background-attachment":"scroll","background-type":"","background-media":"","overlay-type":"","overlay-color":"","overlay-opacity":"","overlay-gradient":""},"tablet":{"background-color":"var(--ast-global-color-5)","background-image":"","background-repeat":"repeat","background-position":"center center","background-size":"auto","background-attachment":"scroll","background-type":"","background-media":"","overlay-type":"","overlay-color":"","overlay-opacity":"","overlay-gradient":""},"mobile":{"background-color":"var(--ast-global-color-5)","background-image":"","background-repeat":"repeat","background-position":"center center","background-size":"auto","background-attachment":"scroll","background-type":"","background-media":"","overlay-type":"","overlay-color":"","overlay-opacity":"","overlay-gradient":""}},"_themeisle_gutenberg_block_has_review":false,"footnotes":""},"categories":[49],"tags":[],"class_list":["post-2312","post","type-post","status-publish","format-standard","hentry","category-graduacao"],"yoast_head":"<!-- This site is optimized with the Yoast SEO plugin v23.4 - https:\/\/yoast.com\/wordpress\/plugins\/seo\/ -->\n<title>Cursos para quem \u00e9 criativo: os 5 melhores - Vai de Bolsa<\/title>\n<meta name=\"description\" content=\"Com tanta tecnologia no mercado de trabalho, saiba que sua criatividade pode ser o diferencial. Encontre uma lista completa de cursos para quem \u00e9 criativo.\" \/>\n<meta name=\"robots\" content=\"index, follow, max-snippet:-1, max-image-preview:large, max-video-preview:-1\" \/>\n<link rel=\"canonical\" href=\"https:\/\/vaidebolsa.com.br\/blog\/graduacao\/cursos-para-quem-e-criativo\/\" \/>\n<meta property=\"og:locale\" content=\"pt_BR\" \/>\n<meta property=\"og:type\" content=\"article\" \/>\n<meta property=\"og:title\" content=\"Cursos para quem \u00e9 criativo: os 5 melhores - Vai de Bolsa\" \/>\n<meta property=\"og:description\" content=\"Com tanta tecnologia no mercado de trabalho, saiba que sua criatividade pode ser o diferencial. Encontre uma lista completa de cursos para quem \u00e9 criativo.\" \/>\n<meta property=\"og:url\" content=\"https:\/\/vaidebolsa.com.br\/blog\/graduacao\/cursos-para-quem-e-criativo\/\" \/>\n<meta property=\"og:site_name\" content=\"Vai de Bolsa\" \/>\n<meta property=\"article:publisher\" content=\"https:\/\/www.facebook.com\/vdbeducacional\" \/>\n<meta property=\"article:published_time\" content=\"2019-10-19T13:04:54+00:00\" \/>\n<meta property=\"article:modified_time\" content=\"2023-08-14T18:40:46+00:00\" \/>\n<meta name=\"author\" content=\"Natalia Pereira\" \/>\n<meta name=\"twitter:card\" content=\"summary_large_image\" \/>\n<meta name=\"twitter:label1\" content=\"Escrito por\" \/>\n\t<meta name=\"twitter:data1\" content=\"Natalia Pereira\" \/>\n\t<meta name=\"twitter:label2\" content=\"Est. tempo de leitura\" \/>\n\t<meta name=\"twitter:data2\" content=\"10 minutos\" \/>\n<script type=\"application\/ld+json\" class=\"yoast-schema-graph\">{\"@context\":\"https:\/\/schema.org\",\"@graph\":[{\"@type\":\"Article\",\"@id\":\"https:\/\/vaidebolsa.com.br\/blog\/graduacao\/cursos-para-quem-e-criativo\/#article\",\"isPartOf\":{\"@id\":\"https:\/\/vaidebolsa.com.br\/blog\/graduacao\/cursos-para-quem-e-criativo\/\"},\"author\":{\"name\":\"Natalia Pereira\",\"@id\":\"https:\/\/vaidebolsa.com.br\/blog\/#\/schema\/person\/66c9e3f3a84ba9e04deec23f2938a105\"},\"headline\":\"Os 5 melhores cursos para quem \u00e9 criativo\",\"datePublished\":\"2019-10-19T13:04:54+00:00\",\"dateModified\":\"2023-08-14T18:40:46+00:00\",\"mainEntityOfPage\":{\"@id\":\"https:\/\/vaidebolsa.com.br\/blog\/graduacao\/cursos-para-quem-e-criativo\/\"},\"wordCount\":2089,\"commentCount\":0,\"publisher\":{\"@id\":\"https:\/\/vaidebolsa.com.br\/blog\/#organization\"},\"articleSection\":[\"Gradua\u00e7\u00e3o\"],\"inLanguage\":\"pt-BR\",\"potentialAction\":[{\"@type\":\"CommentAction\",\"name\":\"Comment\",\"target\":[\"https:\/\/vaidebolsa.com.br\/blog\/graduacao\/cursos-para-quem-e-criativo\/#respond\"]}]},{\"@type\":\"WebPage\",\"@id\":\"https:\/\/vaidebolsa.com.br\/blog\/graduacao\/cursos-para-quem-e-criativo\/\",\"url\":\"https:\/\/vaidebolsa.com.br\/blog\/graduacao\/cursos-para-quem-e-criativo\/\",\"name\":\"Cursos para quem \u00e9 criativo: os 5 melhores - Vai de Bolsa\",\"isPartOf\":{\"@id\":\"https:\/\/vaidebolsa.com.br\/blog\/#website\"},\"datePublished\":\"2019-10-19T13:04:54+00:00\",\"dateModified\":\"2023-08-14T18:40:46+00:00\",\"description\":\"Com tanta tecnologia no mercado de trabalho, saiba que sua criatividade pode ser o diferencial. Encontre uma lista completa de cursos para quem \u00e9 criativo.\",\"breadcrumb\":{\"@id\":\"https:\/\/vaidebolsa.com.br\/blog\/graduacao\/cursos-para-quem-e-criativo\/#breadcrumb\"},\"inLanguage\":\"pt-BR\",\"potentialAction\":[{\"@type\":\"ReadAction\",\"target\":[\"https:\/\/vaidebolsa.com.br\/blog\/graduacao\/cursos-para-quem-e-criativo\/\"]}]},{\"@type\":\"BreadcrumbList\",\"@id\":\"https:\/\/vaidebolsa.com.br\/blog\/graduacao\/cursos-para-quem-e-criativo\/#breadcrumb\",\"itemListElement\":[{\"@type\":\"ListItem\",\"position\":1,\"name\":\"Home\",\"item\":\"https:\/\/vaidebolsa.com.br\/blog\/\"},{\"@type\":\"ListItem\",\"position\":2,\"name\":\"Os 5 melhores cursos para quem \u00e9 criativo\"}]},{\"@type\":\"WebSite\",\"@id\":\"https:\/\/vaidebolsa.com.br\/blog\/#website\",\"url\":\"https:\/\/vaidebolsa.com.br\/blog\/\",\"name\":\"Vai de Bolsa\",\"description\":\"Vai de Bolsa: Bolsas de Estudo com at\u00e9 70% de Desconto!\",\"publisher\":{\"@id\":\"https:\/\/vaidebolsa.com.br\/blog\/#organization\"},\"potentialAction\":[{\"@type\":\"SearchAction\",\"target\":{\"@type\":\"EntryPoint\",\"urlTemplate\":\"https:\/\/vaidebolsa.com.br\/blog\/?s={search_term_string}\"},\"query-input\":{\"@type\":\"PropertyValueSpecification\",\"valueRequired\":true,\"valueName\":\"search_term_string\"}}],\"inLanguage\":\"pt-BR\"},{\"@type\":\"Organization\",\"@id\":\"https:\/\/vaidebolsa.com.br\/blog\/#organization\",\"name\":\"Vai de Bolsa\",\"url\":\"https:\/\/vaidebolsa.com.br\/blog\/\",\"logo\":{\"@type\":\"ImageObject\",\"inLanguage\":\"pt-BR\",\"@id\":\"https:\/\/vaidebolsa.com.br\/blog\/#\/schema\/logo\/image\/\",\"url\":\"https:\/\/vaidebolsa.com.br\/blog\/wp-content\/uploads\/2022\/03\/Logo-Vai-de-Bolsa-cor-e1648649224262.png\",\"contentUrl\":\"https:\/\/vaidebolsa.com.br\/blog\/wp-content\/uploads\/2022\/03\/Logo-Vai-de-Bolsa-cor-e1648649224262.png\",\"width\":180,\"height\":90,\"caption\":\"Vai de Bolsa\"},\"image\":{\"@id\":\"https:\/\/vaidebolsa.com.br\/blog\/#\/schema\/logo\/image\/\"},\"sameAs\":[\"https:\/\/www.facebook.com\/vdbeducacional\",\"https:\/\/www.instagram.com\/vaidebolsa_\/\"]},{\"@type\":\"Person\",\"@id\":\"https:\/\/vaidebolsa.com.br\/blog\/#\/schema\/person\/66c9e3f3a84ba9e04deec23f2938a105\",\"name\":\"Natalia Pereira\",\"image\":{\"@type\":\"ImageObject\",\"inLanguage\":\"pt-BR\",\"@id\":\"https:\/\/vaidebolsa.com.br\/blog\/#\/schema\/person\/image\/\",\"url\":\"http:\/\/0.gravatar.com\/avatar\/f1ab57fb53849c617df1cb34eb8ae2d8?s=96&d=mm&r=g\",\"contentUrl\":\"http:\/\/0.gravatar.com\/avatar\/f1ab57fb53849c617df1cb34eb8ae2d8?s=96&d=mm&r=g\",\"caption\":\"Natalia Pereira\"},\"description\":\"Formada em Publicidade e Propaganda com bolsa de estudos, Nat\u00e1lia Pereira passou por todos os dilemas que envolvem a vida de um jovem que est\u00e1 prestes a sair do ensino m\u00e9dio e se depara com o desafio de entrar em uma boa faculdade pagando pouco. Hoje, aos 23 anos, atua como Analista de Marketing e escreve sobre educa\u00e7\u00e3o no Vai de Bolsa.\",\"url\":\"https:\/\/vaidebolsa.com.br\/blog\/author\/natalia\/\"}]}<\/script>\n<!-- \/ Yoast SEO plugin. -->","yoast_head_json":{"title":"Cursos para quem \u00e9 criativo: os 5 melhores - Vai de Bolsa","description":"Com tanta tecnologia no mercado de trabalho, saiba que sua criatividade pode ser o diferencial. Encontre uma lista completa de cursos para quem \u00e9 criativo.","robots":{"index":"index","follow":"follow","max-snippet":"max-snippet:-1","max-image-preview":"max-image-preview:large","max-video-preview":"max-video-preview:-1"},"canonical":"https:\/\/vaidebolsa.com.br\/blog\/graduacao\/cursos-para-quem-e-criativo\/","og_locale":"pt_BR","og_type":"article","og_title":"Cursos para quem \u00e9 criativo: os 5 melhores - Vai de Bolsa","og_description":"Com tanta tecnologia no mercado de trabalho, saiba que sua criatividade pode ser o diferencial. Encontre uma lista completa de cursos para quem \u00e9 criativo.","og_url":"https:\/\/vaidebolsa.com.br\/blog\/graduacao\/cursos-para-quem-e-criativo\/","og_site_name":"Vai de Bolsa","article_publisher":"https:\/\/www.facebook.com\/vdbeducacional","article_published_time":"2019-10-19T13:04:54+00:00","article_modified_time":"2023-08-14T18:40:46+00:00","author":"Natalia Pereira","twitter_card":"summary_large_image","twitter_misc":{"Escrito por":"Natalia Pereira","Est. tempo de leitura":"10 minutos"},"schema":{"@context":"https:\/\/schema.org","@graph":[{"@type":"Article","@id":"https:\/\/vaidebolsa.com.br\/blog\/graduacao\/cursos-para-quem-e-criativo\/#article","isPartOf":{"@id":"https:\/\/vaidebolsa.com.br\/blog\/graduacao\/cursos-para-quem-e-criativo\/"},"author":{"name":"Natalia Pereira","@id":"https:\/\/vaidebolsa.com.br\/blog\/#\/schema\/person\/66c9e3f3a84ba9e04deec23f2938a105"},"headline":"Os 5 melhores cursos para quem \u00e9 criativo","datePublished":"2019-10-19T13:04:54+00:00","dateModified":"2023-08-14T18:40:46+00:00","mainEntityOfPage":{"@id":"https:\/\/vaidebolsa.com.br\/blog\/graduacao\/cursos-para-quem-e-criativo\/"},"wordCount":2089,"commentCount":0,"publisher":{"@id":"https:\/\/vaidebolsa.com.br\/blog\/#organization"},"articleSection":["Gradua\u00e7\u00e3o"],"inLanguage":"pt-BR","potentialAction":[{"@type":"CommentAction","name":"Comment","target":["https:\/\/vaidebolsa.com.br\/blog\/graduacao\/cursos-para-quem-e-criativo\/#respond"]}]},{"@type":"WebPage","@id":"https:\/\/vaidebolsa.com.br\/blog\/graduacao\/cursos-para-quem-e-criativo\/","url":"https:\/\/vaidebolsa.com.br\/blog\/graduacao\/cursos-para-quem-e-criativo\/","name":"Cursos para quem \u00e9 criativo: os 5 melhores - Vai de Bolsa","isPartOf":{"@id":"https:\/\/vaidebolsa.com.br\/blog\/#website"},"datePublished":"2019-10-19T13:04:54+00:00","dateModified":"2023-08-14T18:40:46+00:00","description":"Com tanta tecnologia no mercado de trabalho, saiba que sua criatividade pode ser o diferencial. Encontre uma lista completa de cursos para quem \u00e9 criativo.","breadcrumb":{"@id":"https:\/\/vaidebolsa.com.br\/blog\/graduacao\/cursos-para-quem-e-criativo\/#breadcrumb"},"inLanguage":"pt-BR","potentialAction":[{"@type":"ReadAction","target":["https:\/\/vaidebolsa.com.br\/blog\/graduacao\/cursos-para-quem-e-criativo\/"]}]},{"@type":"BreadcrumbList","@id":"https:\/\/vaidebolsa.com.br\/blog\/graduacao\/cursos-para-quem-e-criativo\/#breadcrumb","itemListElement":[{"@type":"ListItem","position":1,"name":"Home","item":"https:\/\/vaidebolsa.com.br\/blog\/"},{"@type":"ListItem","position":2,"name":"Os 5 melhores cursos para quem \u00e9 criativo"}]},{"@type":"WebSite","@id":"https:\/\/vaidebolsa.com.br\/blog\/#website","url":"https:\/\/vaidebolsa.com.br\/blog\/","name":"Vai de Bolsa","description":"Vai de Bolsa: Bolsas de Estudo com at\u00e9 70% de Desconto!","publisher":{"@id":"https:\/\/vaidebolsa.com.br\/blog\/#organization"},"potentialAction":[{"@type":"SearchAction","target":{"@type":"EntryPoint","urlTemplate":"https:\/\/vaidebolsa.com.br\/blog\/?s={search_term_string}"},"query-input":{"@type":"PropertyValueSpecification","valueRequired":true,"valueName":"search_term_string"}}],"inLanguage":"pt-BR"},{"@type":"Organization","@id":"https:\/\/vaidebolsa.com.br\/blog\/#organization","name":"Vai de Bolsa","url":"https:\/\/vaidebolsa.com.br\/blog\/","logo":{"@type":"ImageObject","inLanguage":"pt-BR","@id":"https:\/\/vaidebolsa.com.br\/blog\/#\/schema\/logo\/image\/","url":"https:\/\/vaidebolsa.com.br\/blog\/wp-content\/uploads\/2022\/03\/Logo-Vai-de-Bolsa-cor-e1648649224262.png","contentUrl":"https:\/\/vaidebolsa.com.br\/blog\/wp-content\/uploads\/2022\/03\/Logo-Vai-de-Bolsa-cor-e1648649224262.png","width":180,"height":90,"caption":"Vai de Bolsa"},"image":{"@id":"https:\/\/vaidebolsa.com.br\/blog\/#\/schema\/logo\/image\/"},"sameAs":["https:\/\/www.facebook.com\/vdbeducacional","https:\/\/www.instagram.com\/vaidebolsa_\/"]},{"@type":"Person","@id":"https:\/\/vaidebolsa.com.br\/blog\/#\/schema\/person\/66c9e3f3a84ba9e04deec23f2938a105","name":"Natalia Pereira","image":{"@type":"ImageObject","inLanguage":"pt-BR","@id":"https:\/\/vaidebolsa.com.br\/blog\/#\/schema\/person\/image\/","url":"http:\/\/0.gravatar.com\/avatar\/f1ab57fb53849c617df1cb34eb8ae2d8?s=96&d=mm&r=g","contentUrl":"http:\/\/0.gravatar.com\/avatar\/f1ab57fb53849c617df1cb34eb8ae2d8?s=96&d=mm&r=g","caption":"Natalia Pereira"},"description":"Formada em Publicidade e Propaganda com bolsa de estudos, Nat\u00e1lia Pereira passou por todos os dilemas que envolvem a vida de um jovem que est\u00e1 prestes a sair do ensino m\u00e9dio e se depara com o desafio de entrar em uma boa faculdade pagando pouco. Hoje, aos 23 anos, atua como Analista de Marketing e escreve sobre educa\u00e7\u00e3o no Vai de Bolsa.","url":"https:\/\/vaidebolsa.com.br\/blog\/author\/natalia\/"}]}},"_links":{"self":[{"href":"https:\/\/vaidebolsa.com.br\/blog\/wp-json\/wp\/v2\/posts\/2312"}],"collection":[{"href":"https:\/\/vaidebolsa.com.br\/blog\/wp-json\/wp\/v2\/posts"}],"about":[{"href":"https:\/\/vaidebolsa.com.br\/blog\/wp-json\/wp\/v2\/types\/post"}],"author":[{"embeddable":true,"href":"https:\/\/vaidebolsa.com.br\/blog\/wp-json\/wp\/v2\/users\/67"}],"replies":[{"embeddable":true,"href":"https:\/\/vaidebolsa.com.br\/blog\/wp-json\/wp\/v2\/comments?post=2312"}],"version-history":[{"count":1,"href":"https:\/\/vaidebolsa.com.br\/blog\/wp-json\/wp\/v2\/posts\/2312\/revisions"}],"predecessor-version":[{"id":17181321916,"href":"https:\/\/vaidebolsa.com.br\/blog\/wp-json\/wp\/v2\/posts\/2312\/revisions\/17181321916"}],"wp:attachment":[{"href":"https:\/\/vaidebolsa.com.br\/blog\/wp-json\/wp\/v2\/media?parent=2312"}],"wp:term":[{"taxonomy":"category","embeddable":true,"href":"https:\/\/vaidebolsa.com.br\/blog\/wp-json\/wp\/v2\/categories?post=2312"},{"taxonomy":"post_tag","embeddable":true,"href":"https:\/\/vaidebolsa.com.br\/blog\/wp-json\/wp\/v2\/tags?post=2312"}],"curies":[{"name":"wp","href":"https:\/\/api.w.org\/{rel}","templated":true}]}}