{"id":2318,"date":"2024-09-09T18:03:04","date_gmt":"2024-09-09T21:03:04","guid":{"rendered":"https:\/\/vaidebolsa.com.br\/?p=2318"},"modified":"2024-09-09T18:03:07","modified_gmt":"2024-09-09T21:03:07","slug":"filosofia","status":"publish","type":"post","link":"https:\/\/vaidebolsa.com.br\/blog\/enem\/filosofia\/","title":{"rendered":"5 assuntos de filosofia que voc\u00ea precisa saber para o Enem"},"content":{"rendered":"\n<p>Voc\u00ea sabia que precisa estudar filosofia para passar no Enem e nos vestibulares? As quest\u00f5es de filosofia aparecem junto \u00e0 prova de Ci\u00eancias Humanas e suas Tecnologias no primeiro dia de provas do Enem.<\/p>\n\n\n\n<p>Para estudar para o exame, \u00e9 necess\u00e1rio que o candidato tenha bastante habilidade em ler e interpretar textos. E para o estudo da filosofia, esses atributos s\u00e3o fundamentais. Por esse motivo \u00e9 importante que o estudante leia muito e de forma cont\u00ednua. S\u00f3 l\u00ea e interpreta bem quem tem o h\u00e1bito de leitura.<\/p>\n\n\n\n<p>Deve-se saber tamb\u00e9m que, como as quest\u00f5es do Enem s\u00e3o multidisciplinares, pode ser que seja pedido algo sobre o assunto no meio de outra mat\u00e9ria. Principalmente em se tratando de atualidade. Muitas vezes o assunto abordado \u00e9 associado com alguma quest\u00e3o filos\u00f3fica.<\/p>\n\n\n\n<p>E o que estudar sobre filosofia para o Enem? Confira a seguir os 5 principais assuntos que caem na prova de filosofia do exame!<\/p>\n\n\n\n<h2 class=\"wp-block-heading\"><strong>\u00c9tica e Justi\u00e7a<\/strong><\/h2>\n\n\n\n<div style=\"height:30px\" aria-hidden=\"true\" class=\"wp-block-spacer\"><\/div>\n\n\n\n<p>\u00c9tica \u00e9 uma \u00e1rea da filosofia voltada para a reflex\u00e3o sobre os princ\u00edpios que direcionam as a\u00e7\u00f5es, ou seja, uma discuss\u00e3o sobre a moral.<\/p>\n\n\n\n<p>\u00c9 um assunto que pode cair at\u00e9 na prova de Biologia, como por exemplo, sobre pesquisas gen\u00e9ticas. Ou pode aparecer dentro de alguma quest\u00e3o de hist\u00f3ria ou geografia, inserida em algum contexto social atual.<\/p>\n\n\n\n<p>Outros temas recorrentes s\u00e3o: senso comum, o conceito de verdade e forma\u00e7\u00e3o do indiv\u00edduo.\u00a0\u00c9tica tamb\u00e9m pode aparecer como tema de reda\u00e7\u00e3o.<\/p>\n\n\n\n<h2 class=\"wp-block-heading\"><strong>Natureza do Conhecimento<\/strong><\/h2>\n\n\n\n<div style=\"height:30px\" aria-hidden=\"true\" class=\"wp-block-spacer\"><\/div>\n\n\n\n<p>Teoria do conhecimento (ou epistemologia) \u00e9 o ramo da filosofia que estuda a capacidade humana de conhecer a realidade.<\/p>\n\n\n\n<iframe allowtransparency=\"true\" allowfullscreen=\"true\" src=\"https:\/\/vaidebolsa.com.br\/widget\/slider-institutions\" id=\"sliderInstitutions\"><\/iframe>\r\n<style>\r\n  #sliderInstitutions {\r\n    width: 100%;\r\n    height: 440px;\r\n  }\r\n<\/style>\n\n\n\n<p>Os fil\u00f3sofos desta \u00e1rea tentam compreender a origem da natureza e das mudan\u00e7as. Esses s\u00e3o temas da filosofia antiga. Nesse tema, Plat\u00e3o escreveu em seu livro A Rep\u00fablica, o <a href=\"https:\/\/brasilescola.uol.com.br\/filosofia\/mito-caverna-platao.htm\" target=\"_blank\" rel=\"noopener noreferrer\">Mito ou Alegoria da Caverna<\/a>, que \u00e9 bastante pedida na prova do Enem.<\/p>\n\n\n\n<h2 class=\"wp-block-heading\"><strong>Democracia e Cidadania<\/strong><\/h2>\n\n\n\n<div style=\"height:30px\" aria-hidden=\"true\" class=\"wp-block-spacer\"><\/div>\n\n\n\n<p>Segundo o site <a href=\"https:\/\/www.significados.com.br\/\" target=\"_blank\" rel=\"noopener noreferrer\">Significados<\/a>, cidadania \u00e9 o&nbsp;exerc\u00edcio dos direitos e deveres civis, pol\u00edticos e sociais&nbsp;estabelecidos na Constitui\u00e7\u00e3o de um pa\u00eds, por parte dos seus respectivos cidad\u00e3os (indiv\u00edduos que comp\u00f5em determinada na\u00e7\u00e3o).<\/p>\n\n\n\n<p>Implica que os direitos e deveres est\u00e3o interligados, e o respeito e cumprimento de ambos contribuem para uma sociedade mais equilibrada e justa.<\/p>\n\n\n\n<p>A democracia \u00e9 a garantia de igualdade aos indiv\u00edduos e a participa\u00e7\u00e3o nas decis\u00f5es pol\u00edticas por meio de representantes que d\u00e3o voz ao povo.\u00a0Para estudar esse tema, deve-se estudar sobre Gr\u00e9cia Antiga.<\/p>\n\n\n\n<figure class=\"wp-block-image size-large\"><a href=\"https:\/\/vaidebolsa.com.br\/blog\/wp-content\/uploads\/2019\/09\/2149320957-min.jpg\"><img fetchpriority=\"high\" decoding=\"async\" width=\"1024\" height=\"683\" src=\"https:\/\/vaidebolsa.com.br\/blog\/wp-content\/uploads\/2019\/09\/2149320957-min-1024x683.jpg\" alt=\"Saiba quais conte\u00fados voc\u00ea precisa estudar para gabaritar o caderno de filosofia Enem. Tenha dicas sobre os principais pensadores e conte\u00fados gratuitos.\" class=\"wp-image-17181325992\" srcset=\"https:\/\/vaidebolsa.com.br\/blog\/wp-content\/uploads\/2019\/09\/2149320957-min-1024x683.jpg 1024w, https:\/\/vaidebolsa.com.br\/blog\/wp-content\/uploads\/2019\/09\/2149320957-min-300x200.jpg 300w, https:\/\/vaidebolsa.com.br\/blog\/wp-content\/uploads\/2019\/09\/2149320957-min-768x512.jpg 768w, https:\/\/vaidebolsa.com.br\/blog\/wp-content\/uploads\/2019\/09\/2149320957-min-150x100.jpg 150w, https:\/\/vaidebolsa.com.br\/blog\/wp-content\/uploads\/2019\/09\/2149320957-min.jpg 1500w\" sizes=\"(max-width: 1024px) 100vw, 1024px\" \/><\/a><\/figure>\n\n\n\n<div style=\"height:30px\" aria-hidden=\"true\" class=\"wp-block-spacer\"><\/div>\n\n\n\n<h2 class=\"wp-block-heading\"><strong>Filosofia Contempor\u00e2nea<\/strong><\/h2>\n\n\n\n<div style=\"height:30px\" aria-hidden=\"true\" class=\"wp-block-spacer\"><\/div>\n\n\n\n<p>Surgiu junto com a Revolu\u00e7\u00e3o Francesa em 1789. A \u00e9poca marca a consolida\u00e7\u00e3o do capitalismo e a explora\u00e7\u00e3o do homem, causando uma grande desigualdade social.<\/p>\n\n\n\n<p>Por\u00e9m, abrange principalmente o contexto p\u00f3s Segunda Guerra Mundial. Surgiram algumas correntes nesse per\u00edodo como a <a href=\"https:\/\/brasilescola.uol.com.br\/sociologia\/a-escola-frankfurt.htm\" target=\"_blank\" rel=\"noopener noreferrer\">Escola de Frankfurt<\/a> de onde vieram fil\u00f3sofos como Jurgen Habermas e Theodor Adorno. Segundo o <a href=\"https:\/\/prouniversidade.com.br\/\" target=\"_blank\" rel=\"noopener noreferrer\">Pro Universidade<\/a>, \u201cesses pensadores d\u00e3o grande destaque a sociedade de consumo, a automatiza\u00e7\u00e3o dos meios de produ\u00e7\u00e3o, a rela\u00e7\u00e3o do humano com o tempo (tudo \u00e9 muito ef\u00eamero, feito para ser substitu\u00eddo), e como esses fatorem implicam em nosso modo de ser e, consequentemente, de agir socialmente\u201d.<\/p>\n\n\n\n<h2 class=\"wp-block-heading\"><strong>Filosofia Moderna<\/strong><\/h2>\n\n\n\n<div style=\"height:30px\" aria-hidden=\"true\" class=\"wp-block-spacer\"><\/div>\n\n\n\n<p>A filosofia moderna nasceu no s\u00e9culo XV junto com a Idade Moderna. Tem como principais vertentes o racionalismo e o empirismo.<\/p>\n\n\n\n<p>Racionalismo \u00e9 uma corrente filos\u00f3fica que atribui particular confian\u00e7a \u00e0&nbsp;raz\u00e3o&nbsp;humana, ao passo que acredita que \u00e9 dela que se obt\u00e9m os conhecimentos. J\u00e1 o empirismo, \u00e9 o contr\u00e1rio. Para o empirismo, o ponto de partida do conhecimento \u00e9 a pr\u00f3pria experi\u00eancia.<\/p>\n\n\n\n<p>O principal pensador \u00e9\u00a0Ren\u00e9 Descartes, sendo inclusive o fil\u00f3sofo que mais \u00e9 cobrado no Enem. Descartes deu in\u00edcio \u00e0 filosofia moderna quebrando os paradigmas medievais e desvinculando a filosofia da religi\u00e3o. Por esse motivo, Descartes \u00e9 considerado o pai do\u00a0racionalismo.<\/p>\n\n\n\n<p><strong>Leia tamb\u00e9m:\u00a0<\/strong><a href=\"https:\/\/vaidebolsa.com.br\/blog\/dicas-e-curiosidades\/livros-filosofia\/\" target=\"_blank\" rel=\"noreferrer noopener\">Livros de filosofia: veja 10 obras cl\u00e1ssicas para ficar por dentro do assunto<\/a><\/p>\n\n\n\n<div style=\"height:30px\" aria-hidden=\"true\" class=\"wp-block-spacer\"><\/div>\n\n\n\n<h2 class=\"wp-block-heading\"><strong>Quais os principais fil\u00f3sofos cobrados na prova do Enem?<\/strong><\/h2>\n\n\n\n<div style=\"height:30px\" aria-hidden=\"true\" class=\"wp-block-spacer\"><\/div>\n\n\n\n<p>Segundo o site <a href=\"https:\/\/www.stoodi.com.br\/\" target=\"_blank\" rel=\"noopener noreferrer\">Stoodi<\/a>, que fez uma pesquisa das provas de 2012 at\u00e9 2016, esses s\u00e3o os 15 fil\u00f3sofos que mais caem nas provas de Enem:<\/p>\n\n\n\n<h3 class=\"wp-block-heading\"><strong>Ren\u00e9 Descartes<\/strong><\/h3>\n\n\n\n<div style=\"height:30px\" aria-hidden=\"true\" class=\"wp-block-spacer\"><\/div>\n\n\n\n<p>Considerado o pai da filosofia moderna, Ren\u00e9 Descartes foi um racionalista do s\u00e9culo XVII. Criador da frase \u201cpenso, logo existo\u201d, era conhecido por seu ceticismo.<\/p>\n\n\n\n<p>Criou os est\u00e1gios da d\u00favida: d\u00favida dos sentidos (devemos duvidar de tudo que nossos sentidos nos informam), d\u00favida dos sonhos (devemos duvidar do que realmente \u00e9 realidade) e d\u00favida do G\u00eanio Maligno (Deus poderia ser um ser maligno que estaria nos enganando acerca da verdade).<\/p>\n\n\n\n<p>Sua obra mais conhecida, Discurso sobre o M\u00e9todo, foi considerada a funda\u00e7\u00e3o da filosofia moderna.<\/p>\n\n\n\n<h3 class=\"wp-block-heading\"><strong>Arist\u00f3teles<\/strong><\/h3>\n\n\n\n<div style=\"height:30px\" aria-hidden=\"true\" class=\"wp-block-spacer\"><\/div>\n\n\n\n<p>Era disc\u00edpulo de Plat\u00e3o. Realizou eventos nas mais diversas \u00e1reas como f\u00edsica, qu\u00edmica e economia.<\/p>\n\n\n\n<p>Para Arist\u00f3teles, existem dois mundos: o mundo sens\u00edvel e o mundo metaf\u00edsico (onde voc\u00ea encontrar\u00e1 a&nbsp;<a href=\"https:\/\/www.stoodi.com.br\/blog\/2018\/05\/28\/origem-da-filosofia\/\">origem<\/a>&nbsp;de todas as coisas).<\/p>\n\n\n\n<p>Sua concep\u00e7\u00e3o de \u00e9tica \u00e9 pautada pelo utilitarismo, ou seja, \u00e9 preciso encontrar uma a\u00e7\u00e3o equilibrada que seja baseada naquilo que trar\u00e1 maior felicidade.<\/p>\n\n\n\n<p><strong>Leia tamb\u00e9m<\/strong>: <a href=\"https:\/\/vaidebolsa.com.br\/blog\/enem\/correntes-filosoficas\/\" target=\"_blank\" rel=\"noreferrer noopener\">Correntes filos\u00f3ficas: veja as linhas de pensamento ao longo da hist\u00f3ria<\/a><\/p>\n\n\n\n<div style=\"height:30px\" aria-hidden=\"true\" class=\"wp-block-spacer\"><\/div>\n\n\n\n<h3 class=\"wp-block-heading\"><strong>Friedrich Nietzsche<\/strong><\/h3>\n\n\n\n<div style=\"height:30px\" aria-hidden=\"true\" class=\"wp-block-spacer\"><\/div>\n\n\n\n<p>Fez grandes cr\u00edticas ao pensamento cl\u00e1ssico de Plat\u00e3o e&nbsp;<a href=\"https:\/\/www.stoodi.com.br\/blog\/2016\/09\/22\/filosofia-tudo-sobre-socrates\/\">S\u00f3crates<\/a>, principalmente em&nbsp;rela\u00e7\u00e3o ao mundo das ideias. Defendeu que a verdade, como conceito, n\u00e3o existe.<\/p>\n\n\n\n<p>Para Nietzsche, cada um deveria criar seus valores morais. Criticava muito o cristianismo. Acreditava que o homem&nbsp;deveria ser senhor de si e livre passa fazer suas escolhas e respons\u00e1vel pelas consequ\u00eancias das mesmas.<\/p>\n\n\n\n<h3 class=\"wp-block-heading\"><strong>Nicolau Maquiavel<\/strong><\/h3>\n\n\n\n<div style=\"height:30px\" aria-hidden=\"true\" class=\"wp-block-spacer\"><\/div>\n\n\n\n<p>Segundo entrevista do professor Vin\u00edcius Figueiredo Costa para a revista <a href=\"https:\/\/revistagalileu.globo.com\/\" target=\"_blank\" rel=\"noopener noreferrer\">Galileu<\/a>, \u00e9 importante para o Enem n\u00e3o ver Maquiavel de maneira autorit\u00e1ria. \u201cA maioria das pessoas entende que ele \u00e9 um te\u00f3rico do absolutismo, mas ele \u00e9 republicano.<\/p>\n\n\n\n<p>A ideia do governo dele \u00e9 de garantir o bem comum.\u201d Sua obra mais famosa foi \u201cO Pr\u00edncipe\u201d onde mostra como um pr\u00edncipe deveria agir diante de seus subordinados.<\/p>\n\n\n\n<p>Sua frase mais famosa \u00e9 &#8220;os fins justificam os meios&#8221;.<\/p>\n\n\n\n<h3 class=\"wp-block-heading\"><strong>Immanuel Kant<\/strong><\/h3>\n\n\n\n<div style=\"height:30px\" aria-hidden=\"true\" class=\"wp-block-spacer\"><\/div>\n\n\n\n<p>Era muito interessado em estudar temas como a\u00a0epistemologia,\u00a0moral\u00a0e limites da raz\u00e3o.<\/p>\n\n\n\n<p>Uma de suas principais obras foi \u201cCr\u00edtica a Raz\u00e3o Pura\u201d. Foi o primeiro fil\u00f3sofo a solucionar o debate promovido entre racionalistas e empiristas.<\/p>\n\n\n\n<h3 class=\"wp-block-heading\"><strong>Jurgen Habermas<\/strong><\/h3>\n\n\n\n<div style=\"height:30px\" aria-hidden=\"true\" class=\"wp-block-spacer\"><\/div>\n\n\n\n<p>Fil\u00f3sofo que completou 90 anos em 2019, tem como uma de suas obras mais famosas a \u201cTeoria da A\u00e7\u00e3o Comunicativa\u201d.<\/p>\n\n\n\n<p>Seu conceito de democracia pode favorecer processos de inclus\u00e3o social desde que haja&nbsp;debate livre e racional entre cidad\u00e3os e Estado.<\/p>\n\n\n\n<figure class=\"wp-block-image size-large\"><a href=\"https:\/\/vaidebolsa.com.br\/blog\/wp-content\/uploads\/2019\/10\/11vdb-correntes-filosoficas.jpg\"><img decoding=\"async\" width=\"1024\" height=\"502\" src=\"https:\/\/vaidebolsa.com.br\/blog\/wp-content\/uploads\/2019\/10\/11vdb-correntes-filosoficas-1024x502.jpg\" alt=\"Correntes filos\u00f3ficas\" class=\"wp-image-18301\" srcset=\"https:\/\/vaidebolsa.com.br\/blog\/wp-content\/uploads\/2019\/10\/11vdb-correntes-filosoficas-1024x502.jpg 1024w, https:\/\/vaidebolsa.com.br\/blog\/wp-content\/uploads\/2019\/10\/11vdb-correntes-filosoficas-300x147.jpg 300w, https:\/\/vaidebolsa.com.br\/blog\/wp-content\/uploads\/2019\/10\/11vdb-correntes-filosoficas-768x377.jpg 768w, https:\/\/vaidebolsa.com.br\/blog\/wp-content\/uploads\/2019\/10\/11vdb-correntes-filosoficas-600x294.jpg 600w, https:\/\/vaidebolsa.com.br\/blog\/wp-content\/uploads\/2019\/10\/11vdb-correntes-filosoficas-150x74.jpg 150w, https:\/\/vaidebolsa.com.br\/blog\/wp-content\/uploads\/2019\/10\/11vdb-correntes-filosoficas.jpg 1280w\" sizes=\"(max-width: 1024px) 100vw, 1024px\" \/><\/a><\/figure>\n\n\n\n<div style=\"height:30px\" aria-hidden=\"true\" class=\"wp-block-spacer\"><\/div>\n\n\n\n<h3 class=\"wp-block-heading\"><strong>Charles de Montesquieu<\/strong><\/h3>\n\n\n\n<div style=\"height:30px\" aria-hidden=\"true\" class=\"wp-block-spacer\"><\/div>\n\n\n\n<p>Se posicionava contra o absolutismo, que era a forma de governo onde o poder se concentrava nas m\u00e3os do rei.<\/p>\n\n\n\n<p>\u00c9 um dos principais&nbsp;<a href=\"https:\/\/www.stoodi.com.br\/blog\/2018\/04\/23\/o-que-foi-o-iluminismo\/\">Iluministas, <\/a>sempre fazendo cr\u00edticas ao clero cat\u00f3lico. Defendia a democracia e o respeito \u00e0s leis. Sua mais conhecida teoria \u00e9 a da divis\u00e3o de poderes (Executivo, Legislativo e Judici\u00e1rio).<\/p>\n\n\n\n<h3 class=\"wp-block-heading\"><strong>David Hume<\/strong><\/h3>\n\n\n\n<div style=\"height:30px\" aria-hidden=\"true\" class=\"wp-block-spacer\"><\/div>\n\n\n\n<p>Famoso por seu&nbsp;ceticismo filos\u00f3fico, acreditava que deveriam ser desconsideradas&nbsp;todas as hip\u00f3teses que n\u00e3o pudessem ser comprovadas por meio das experi\u00eancias.<\/p>\n\n\n\n<p>Criticou a casualidade. Para Hume n\u00e3o existe necessariamente uma rela\u00e7\u00e3o entre acontecimentos seguidos e repetidos diversas vezes.<\/p>\n\n\n\n<h3 class=\"wp-block-heading\"><strong>\u00c9mile Durkheim<\/strong><\/h3>\n\n\n\n<div style=\"height:30px\" aria-hidden=\"true\" class=\"wp-block-spacer\"><\/div>\n\n\n\n<p>Considerado um dos pais da sociologia. Fundou a Escola Sociol\u00f3gica Francesa.<\/p>\n\n\n\n<p>Suas principais obras foram: <em>Da Divis\u00e3o do Trabalho Social,<\/em> <em>As Regras do M\u00e9todo Sociol\u00f3gico<\/em>, <em>O Suic\u00eddio<\/em> e <em>As Formas Elementares da Vida Religiosa<\/em>.<\/p>\n\n\n\n<h3 class=\"wp-block-heading\"><strong>Thomas Hobbes<\/strong><\/h3>\n\n\n\n<div style=\"height:30px\" aria-hidden=\"true\" class=\"wp-block-spacer\"><\/div>\n\n\n\n<p>Criador da frase \u201co homem \u00e9 o lobo do homem\u201d. De acordo com ele, os homens possuem uma necessidade de&nbsp;se livrar do seu \u201cestado natural\u201d&nbsp;para se perceber como indiv\u00edduos sociais.<\/p>\n\n\n\n<h3 class=\"wp-block-heading\"><strong>S\u00e9rgio Buarque de Holanda<\/strong><\/h3>\n\n\n\n<div style=\"height:30px\" aria-hidden=\"true\" class=\"wp-block-spacer\"><\/div>\n\n\n\n<p>Soci\u00f3logo brasileiro, pai do cantor Chico Buarque. Durante sua vida, desenvolveu a <a href=\"https:\/\/mundoeducacao.bol.uol.com.br\/historiadobrasil\/o-homem-cordial-na-formacao-brasil.htm\" target=\"_blank\" rel=\"noopener noreferrer\">teoria do homem cordial<\/a> \u2013 na qual resume algumas caracter\u00edsticas da sociedade brasileira.<\/p>\n\n\n\n<h3 class=\"wp-block-heading\"><strong>Max Weber<\/strong><\/h3>\n\n\n\n<div style=\"height:30px\" aria-hidden=\"true\" class=\"wp-block-spacer\"><\/div>\n\n\n\n<p>Usou conhecimentos da \u00e1rea de<a href=\"https:\/\/vaidebolsa.com.br\/\" target=\"_blank\" rel=\"noreferrer noopener\"> <strong>Direito, Filosofia,\u00a0Hist\u00f3ria\u00a0e\u00a0Sociologia<\/strong><\/a>\u00a0para estudar a sociedade. Ap\u00f3s a\u00a0<a href=\"https:\/\/www.stoodi.com.br\/blog\/2018\/07\/02\/primeira-guerra-mundial\/\">Primeira Guerra Mundial<\/a>, Weber foi conselheiro do\u00a0Tratado de Versalhes e um dos respons\u00e1veis por elaborar a Constitui\u00e7\u00e3o na Rep\u00fablica de Weimer.<\/p>\n\n\n\n<h3 class=\"wp-block-heading\"><strong>Theodor Adorno<\/strong><\/h3>\n\n\n\n<div style=\"height:30px\" aria-hidden=\"true\" class=\"wp-block-spacer\"><\/div>\n\n\n\n<p>Desenvolvia seus pensamentos com base nos conceitos filos\u00f3ficos e sociol\u00f3gicos. Escreveu livros como \u201cFilosofia Est\u00e9tica\u201d e \u201cFilosofia da M\u00fasica Moderna\u201d.<\/p>\n\n\n\n<h3 class=\"wp-block-heading\"><strong>Simone de Beauvoir<\/strong><\/h3>\n\n\n\n<div style=\"height:30px\" aria-hidden=\"true\" class=\"wp-block-spacer\"><\/div>\n\n\n\n<p>Apareceu na prova do Enem em 2015, quando foi levantada a discuss\u00e3o sobre a&nbsp;perman\u00eancia da viol\u00eancia contra a mulher no Brasil. Nesse texto, encontramos a famosa frase da fil\u00f3sofa \u201cningu\u00e9m nasce mulher, torna-se mulher\u201d. Acredita que a&nbsp;mulher n\u00e3o \u00e9 uma criatura determinada biologicamente, mas sim culturalmente e socialmente.<\/p>\n\n\n\n<h3 class=\"wp-block-heading\"><strong>Karl Marx<\/strong><\/h3>\n\n\n\n<div style=\"height:30px\" aria-hidden=\"true\" class=\"wp-block-spacer\"><\/div>\n\n\n\n<p>Um dos\u00a0te\u00f3ricos do\u00a0socialismo\u00a0mais conhecido, sendo um dos participantes da Liga dos Comunistas. Falava sobre a luta de classes, baseada nas rela\u00e7\u00f5es de produ\u00e7\u00e3o entre os propriet\u00e1rios do meio de produ\u00e7\u00e3o e os trabalhadores que aplicavam a for\u00e7a de trabalho. Um dos seus principais conceitos foi o de\u00a0\u201cmais-valia\u201d.<\/p>\n\n\n\n<p>Quer se aprofundar mais no assunto? Confira tamb\u00e9m o nosso artigo sobre <a href=\"https:\/\/vaidebolsa.com.br\/blog\/enem\/filosofia-enem\/\"><strong>os assuntos de Filosofia que mais caem no Enem.<\/strong><\/a><\/p>\n","protected":false},"excerpt":{"rendered":"<p>Voc\u00ea sabia que precisa estudar filosofia para passar no Enem e nos vestibulares? As quest\u00f5es de filosofia aparecem junto \u00e0 prova de Ci\u00eancias Humanas e suas Tecnologias no primeiro dia de provas do Enem. Para estudar para o exame, \u00e9 necess\u00e1rio que o candidato tenha bastante habilidade em ler e interpretar textos. E para o [&hellip;]<\/p>\n","protected":false},"author":67,"featured_media":17181325994,"comment_status":"open","ping_status":"open","sticky":false,"template":"","format":"standard","meta":{"om_disable_all_campaigns":false,"site-sidebar-layout":"default","site-content-layout":"","ast-site-content-layout":"default","site-content-style":"default","site-sidebar-style":"default","ast-global-header-display":"","ast-banner-title-visibility":"","ast-main-header-display":"","ast-hfb-above-header-display":"","ast-hfb-below-header-display":"","ast-hfb-mobile-header-display":"","site-post-title":"","ast-breadcrumbs-content":"","ast-featured-img":"","footer-sml-layout":"","theme-transparent-header-meta":"","adv-header-id-meta":"","stick-header-meta":"","header-above-stick-meta":"","header-main-stick-meta":"","header-below-stick-meta":"","astra-migrate-meta-layouts":"set","ast-page-background-enabled":"default","ast-page-background-meta":{"desktop":{"background-color":"var(--ast-global-color-4)","background-image":"","background-repeat":"repeat","background-position":"center center","background-size":"auto","background-attachment":"scroll","background-type":"","background-media":"","overlay-type":"","overlay-color":"","overlay-opacity":"","overlay-gradient":""},"tablet":{"background-color":"","background-image":"","background-repeat":"repeat","background-position":"center center","background-size":"auto","background-attachment":"scroll","background-type":"","background-media":"","overlay-type":"","overlay-color":"","overlay-opacity":"","overlay-gradient":""},"mobile":{"background-color":"","background-image":"","background-repeat":"repeat","background-position":"center center","background-size":"auto","background-attachment":"scroll","background-type":"","background-media":"","overlay-type":"","overlay-color":"","overlay-opacity":"","overlay-gradient":""}},"ast-content-background-meta":{"desktop":{"background-color":"var(--ast-global-color-5)","background-image":"","background-repeat":"repeat","background-position":"center center","background-size":"auto","background-attachment":"scroll","background-type":"","background-media":"","overlay-type":"","overlay-color":"","overlay-opacity":"","overlay-gradient":""},"tablet":{"background-color":"var(--ast-global-color-5)","background-image":"","background-repeat":"repeat","background-position":"center center","background-size":"auto","background-attachment":"scroll","background-type":"","background-media":"","overlay-type":"","overlay-color":"","overlay-opacity":"","overlay-gradient":""},"mobile":{"background-color":"var(--ast-global-color-5)","background-image":"","background-repeat":"repeat","background-position":"center center","background-size":"auto","background-attachment":"scroll","background-type":"","background-media":"","overlay-type":"","overlay-color":"","overlay-opacity":"","overlay-gradient":""}},"_themeisle_gutenberg_block_has_review":false,"footnotes":""},"categories":[151972,50,52],"tags":[],"class_list":["post-2318","post","type-post","status-publish","format-standard","has-post-thumbnail","hentry","category-dicas-e-curiosidades","category-enem","category-vestibulares"],"yoast_head":"<!-- This site is optimized with the Yoast SEO plugin v23.4 - https:\/\/yoast.com\/wordpress\/plugins\/seo\/ -->\n<title>Filosofia: 5 assuntos que voc\u00ea precisa saber para o Enem<\/title>\n<meta name=\"description\" content=\"Saiba quais os 5 principais assuntos de filosofia que voc\u00ea precisa estudar para a prova do Enem e quais os fil\u00f3sofos que mais aparecem na prova.\" \/>\n<meta name=\"robots\" content=\"index, follow, max-snippet:-1, max-image-preview:large, max-video-preview:-1\" \/>\n<link rel=\"canonical\" href=\"https:\/\/shared-php.server.vaidebolsa.com.br\/blog\/enem\/filosofia\/\" \/>\n<meta property=\"og:locale\" content=\"pt_BR\" \/>\n<meta property=\"og:type\" content=\"article\" \/>\n<meta property=\"og:title\" content=\"Filosofia: 5 assuntos que voc\u00ea precisa saber para o Enem\" \/>\n<meta property=\"og:description\" content=\"Saiba quais os 5 principais assuntos de filosofia que voc\u00ea precisa estudar para a prova do Enem e quais os fil\u00f3sofos que mais aparecem na prova.\" \/>\n<meta property=\"og:url\" content=\"https:\/\/shared-php.server.vaidebolsa.com.br\/blog\/enem\/filosofia\/\" \/>\n<meta property=\"og:site_name\" content=\"Vai de Bolsa\" \/>\n<meta property=\"article:publisher\" content=\"https:\/\/www.facebook.com\/vdbeducacional\" \/>\n<meta property=\"article:published_time\" content=\"2024-09-09T21:03:04+00:00\" \/>\n<meta property=\"article:modified_time\" content=\"2024-09-09T21:03:07+00:00\" \/>\n<meta property=\"og:image\" content=\"https:\/\/shared-php.server.vaidebolsa.com.br\/blog\/wp-content\/uploads\/2019\/10\/Capa-blogposts-min.webp\" \/>\n\t<meta property=\"og:image:width\" content=\"1920\" \/>\n\t<meta property=\"og:image:height\" content=\"1080\" \/>\n\t<meta property=\"og:image:type\" content=\"image\/webp\" \/>\n<meta name=\"author\" content=\"Natalia Pereira\" \/>\n<meta name=\"twitter:card\" content=\"summary_large_image\" \/>\n<meta name=\"twitter:label1\" content=\"Escrito por\" \/>\n\t<meta name=\"twitter:data1\" content=\"Natalia Pereira\" \/>\n\t<meta name=\"twitter:label2\" content=\"Est. tempo de leitura\" \/>\n\t<meta name=\"twitter:data2\" content=\"9 minutos\" \/>\n<script type=\"application\/ld+json\" class=\"yoast-schema-graph\">{\"@context\":\"https:\/\/schema.org\",\"@graph\":[{\"@type\":\"Article\",\"@id\":\"https:\/\/shared-php.server.vaidebolsa.com.br\/blog\/enem\/filosofia\/#article\",\"isPartOf\":{\"@id\":\"https:\/\/shared-php.server.vaidebolsa.com.br\/blog\/enem\/filosofia\/\"},\"author\":{\"name\":\"Natalia Pereira\",\"@id\":\"https:\/\/vaidebolsa.com.br\/blog\/#\/schema\/person\/66c9e3f3a84ba9e04deec23f2938a105\"},\"headline\":\"5 assuntos de filosofia que voc\u00ea precisa saber para o Enem\",\"datePublished\":\"2024-09-09T21:03:04+00:00\",\"dateModified\":\"2024-09-09T21:03:07+00:00\",\"mainEntityOfPage\":{\"@id\":\"https:\/\/shared-php.server.vaidebolsa.com.br\/blog\/enem\/filosofia\/\"},\"wordCount\":1569,\"commentCount\":0,\"publisher\":{\"@id\":\"https:\/\/vaidebolsa.com.br\/blog\/#organization\"},\"image\":{\"@id\":\"https:\/\/shared-php.server.vaidebolsa.com.br\/blog\/enem\/filosofia\/#primaryimage\"},\"thumbnailUrl\":\"https:\/\/vaidebolsa.com.br\/blog\/wp-content\/uploads\/2019\/10\/Capa-blogposts-min.webp\",\"articleSection\":[\"Dicas e Curiosidades\",\"ENEM\",\"Vestibulares\"],\"inLanguage\":\"pt-BR\",\"potentialAction\":[{\"@type\":\"CommentAction\",\"name\":\"Comment\",\"target\":[\"https:\/\/shared-php.server.vaidebolsa.com.br\/blog\/enem\/filosofia\/#respond\"]}]},{\"@type\":\"WebPage\",\"@id\":\"https:\/\/shared-php.server.vaidebolsa.com.br\/blog\/enem\/filosofia\/\",\"url\":\"https:\/\/shared-php.server.vaidebolsa.com.br\/blog\/enem\/filosofia\/\",\"name\":\"Filosofia: 5 assuntos que voc\u00ea precisa saber para o Enem\",\"isPartOf\":{\"@id\":\"https:\/\/vaidebolsa.com.br\/blog\/#website\"},\"primaryImageOfPage\":{\"@id\":\"https:\/\/shared-php.server.vaidebolsa.com.br\/blog\/enem\/filosofia\/#primaryimage\"},\"image\":{\"@id\":\"https:\/\/shared-php.server.vaidebolsa.com.br\/blog\/enem\/filosofia\/#primaryimage\"},\"thumbnailUrl\":\"https:\/\/vaidebolsa.com.br\/blog\/wp-content\/uploads\/2019\/10\/Capa-blogposts-min.webp\",\"datePublished\":\"2024-09-09T21:03:04+00:00\",\"dateModified\":\"2024-09-09T21:03:07+00:00\",\"description\":\"Saiba quais os 5 principais assuntos de filosofia que voc\u00ea precisa estudar para a prova do Enem e quais os fil\u00f3sofos que mais aparecem na prova.\",\"breadcrumb\":{\"@id\":\"https:\/\/shared-php.server.vaidebolsa.com.br\/blog\/enem\/filosofia\/#breadcrumb\"},\"inLanguage\":\"pt-BR\",\"potentialAction\":[{\"@type\":\"ReadAction\",\"target\":[\"https:\/\/shared-php.server.vaidebolsa.com.br\/blog\/enem\/filosofia\/\"]}]},{\"@type\":\"ImageObject\",\"inLanguage\":\"pt-BR\",\"@id\":\"https:\/\/shared-php.server.vaidebolsa.com.br\/blog\/enem\/filosofia\/#primaryimage\",\"url\":\"https:\/\/vaidebolsa.com.br\/blog\/wp-content\/uploads\/2019\/10\/Capa-blogposts-min.webp\",\"contentUrl\":\"https:\/\/vaidebolsa.com.br\/blog\/wp-content\/uploads\/2019\/10\/Capa-blogposts-min.webp\",\"width\":1920,\"height\":1080,\"caption\":\"Saiba quais os 5 principais assuntos de filosofia que voc\u00ea precisa estudar para a prova do Enem e quais os fil\u00f3sofos que mais aparecem na prova.\"},{\"@type\":\"BreadcrumbList\",\"@id\":\"https:\/\/shared-php.server.vaidebolsa.com.br\/blog\/enem\/filosofia\/#breadcrumb\",\"itemListElement\":[{\"@type\":\"ListItem\",\"position\":1,\"name\":\"Home\",\"item\":\"https:\/\/vaidebolsa.com.br\/blog\/\"},{\"@type\":\"ListItem\",\"position\":2,\"name\":\"5 assuntos de filosofia que voc\u00ea precisa saber para o Enem\"}]},{\"@type\":\"WebSite\",\"@id\":\"https:\/\/vaidebolsa.com.br\/blog\/#website\",\"url\":\"https:\/\/vaidebolsa.com.br\/blog\/\",\"name\":\"Vai de Bolsa\",\"description\":\"Vai de Bolsa: Bolsas de Estudo com at\u00e9 70% de Desconto!\",\"publisher\":{\"@id\":\"https:\/\/vaidebolsa.com.br\/blog\/#organization\"},\"potentialAction\":[{\"@type\":\"SearchAction\",\"target\":{\"@type\":\"EntryPoint\",\"urlTemplate\":\"https:\/\/vaidebolsa.com.br\/blog\/?s={search_term_string}\"},\"query-input\":{\"@type\":\"PropertyValueSpecification\",\"valueRequired\":true,\"valueName\":\"search_term_string\"}}],\"inLanguage\":\"pt-BR\"},{\"@type\":\"Organization\",\"@id\":\"https:\/\/vaidebolsa.com.br\/blog\/#organization\",\"name\":\"Vai de Bolsa\",\"url\":\"https:\/\/vaidebolsa.com.br\/blog\/\",\"logo\":{\"@type\":\"ImageObject\",\"inLanguage\":\"pt-BR\",\"@id\":\"https:\/\/vaidebolsa.com.br\/blog\/#\/schema\/logo\/image\/\",\"url\":\"https:\/\/vaidebolsa.com.br\/blog\/wp-content\/uploads\/2022\/03\/Logo-Vai-de-Bolsa-cor-e1648649224262.png\",\"contentUrl\":\"https:\/\/vaidebolsa.com.br\/blog\/wp-content\/uploads\/2022\/03\/Logo-Vai-de-Bolsa-cor-e1648649224262.png\",\"width\":180,\"height\":90,\"caption\":\"Vai de Bolsa\"},\"image\":{\"@id\":\"https:\/\/vaidebolsa.com.br\/blog\/#\/schema\/logo\/image\/\"},\"sameAs\":[\"https:\/\/www.facebook.com\/vdbeducacional\",\"https:\/\/www.instagram.com\/vaidebolsa_\/\"]},{\"@type\":\"Person\",\"@id\":\"https:\/\/vaidebolsa.com.br\/blog\/#\/schema\/person\/66c9e3f3a84ba9e04deec23f2938a105\",\"name\":\"Natalia Pereira\",\"image\":{\"@type\":\"ImageObject\",\"inLanguage\":\"pt-BR\",\"@id\":\"https:\/\/vaidebolsa.com.br\/blog\/#\/schema\/person\/image\/\",\"url\":\"http:\/\/0.gravatar.com\/avatar\/f1ab57fb53849c617df1cb34eb8ae2d8?s=96&d=mm&r=g\",\"contentUrl\":\"http:\/\/0.gravatar.com\/avatar\/f1ab57fb53849c617df1cb34eb8ae2d8?s=96&d=mm&r=g\",\"caption\":\"Natalia Pereira\"},\"description\":\"Formada em Publicidade e Propaganda com bolsa de estudos, Nat\u00e1lia Pereira passou por todos os dilemas que envolvem a vida de um jovem que est\u00e1 prestes a sair do ensino m\u00e9dio e se depara com o desafio de entrar em uma boa faculdade pagando pouco. Hoje, aos 23 anos, atua como Analista de Marketing e escreve sobre educa\u00e7\u00e3o no Vai de Bolsa.\",\"url\":\"https:\/\/vaidebolsa.com.br\/blog\/author\/natalia\/\"}]}<\/script>\n<!-- \/ Yoast SEO plugin. -->","yoast_head_json":{"title":"Filosofia: 5 assuntos que voc\u00ea precisa saber para o Enem","description":"Saiba quais os 5 principais assuntos de filosofia que voc\u00ea precisa estudar para a prova do Enem e quais os fil\u00f3sofos que mais aparecem na prova.","robots":{"index":"index","follow":"follow","max-snippet":"max-snippet:-1","max-image-preview":"max-image-preview:large","max-video-preview":"max-video-preview:-1"},"canonical":"https:\/\/shared-php.server.vaidebolsa.com.br\/blog\/enem\/filosofia\/","og_locale":"pt_BR","og_type":"article","og_title":"Filosofia: 5 assuntos que voc\u00ea precisa saber para o Enem","og_description":"Saiba quais os 5 principais assuntos de filosofia que voc\u00ea precisa estudar para a prova do Enem e quais os fil\u00f3sofos que mais aparecem na prova.","og_url":"https:\/\/shared-php.server.vaidebolsa.com.br\/blog\/enem\/filosofia\/","og_site_name":"Vai de Bolsa","article_publisher":"https:\/\/www.facebook.com\/vdbeducacional","article_published_time":"2024-09-09T21:03:04+00:00","article_modified_time":"2024-09-09T21:03:07+00:00","og_image":[{"width":1920,"height":1080,"url":"https:\/\/shared-php.server.vaidebolsa.com.br\/blog\/wp-content\/uploads\/2019\/10\/Capa-blogposts-min.webp","type":"image\/webp"}],"author":"Natalia Pereira","twitter_card":"summary_large_image","twitter_misc":{"Escrito por":"Natalia Pereira","Est. tempo de leitura":"9 minutos"},"schema":{"@context":"https:\/\/schema.org","@graph":[{"@type":"Article","@id":"https:\/\/shared-php.server.vaidebolsa.com.br\/blog\/enem\/filosofia\/#article","isPartOf":{"@id":"https:\/\/shared-php.server.vaidebolsa.com.br\/blog\/enem\/filosofia\/"},"author":{"name":"Natalia Pereira","@id":"https:\/\/vaidebolsa.com.br\/blog\/#\/schema\/person\/66c9e3f3a84ba9e04deec23f2938a105"},"headline":"5 assuntos de filosofia que voc\u00ea precisa saber para o Enem","datePublished":"2024-09-09T21:03:04+00:00","dateModified":"2024-09-09T21:03:07+00:00","mainEntityOfPage":{"@id":"https:\/\/shared-php.server.vaidebolsa.com.br\/blog\/enem\/filosofia\/"},"wordCount":1569,"commentCount":0,"publisher":{"@id":"https:\/\/vaidebolsa.com.br\/blog\/#organization"},"image":{"@id":"https:\/\/shared-php.server.vaidebolsa.com.br\/blog\/enem\/filosofia\/#primaryimage"},"thumbnailUrl":"https:\/\/vaidebolsa.com.br\/blog\/wp-content\/uploads\/2019\/10\/Capa-blogposts-min.webp","articleSection":["Dicas e Curiosidades","ENEM","Vestibulares"],"inLanguage":"pt-BR","potentialAction":[{"@type":"CommentAction","name":"Comment","target":["https:\/\/shared-php.server.vaidebolsa.com.br\/blog\/enem\/filosofia\/#respond"]}]},{"@type":"WebPage","@id":"https:\/\/shared-php.server.vaidebolsa.com.br\/blog\/enem\/filosofia\/","url":"https:\/\/shared-php.server.vaidebolsa.com.br\/blog\/enem\/filosofia\/","name":"Filosofia: 5 assuntos que voc\u00ea precisa saber para o Enem","isPartOf":{"@id":"https:\/\/vaidebolsa.com.br\/blog\/#website"},"primaryImageOfPage":{"@id":"https:\/\/shared-php.server.vaidebolsa.com.br\/blog\/enem\/filosofia\/#primaryimage"},"image":{"@id":"https:\/\/shared-php.server.vaidebolsa.com.br\/blog\/enem\/filosofia\/#primaryimage"},"thumbnailUrl":"https:\/\/vaidebolsa.com.br\/blog\/wp-content\/uploads\/2019\/10\/Capa-blogposts-min.webp","datePublished":"2024-09-09T21:03:04+00:00","dateModified":"2024-09-09T21:03:07+00:00","description":"Saiba quais os 5 principais assuntos de filosofia que voc\u00ea precisa estudar para a prova do Enem e quais os fil\u00f3sofos que mais aparecem na prova.","breadcrumb":{"@id":"https:\/\/shared-php.server.vaidebolsa.com.br\/blog\/enem\/filosofia\/#breadcrumb"},"inLanguage":"pt-BR","potentialAction":[{"@type":"ReadAction","target":["https:\/\/shared-php.server.vaidebolsa.com.br\/blog\/enem\/filosofia\/"]}]},{"@type":"ImageObject","inLanguage":"pt-BR","@id":"https:\/\/shared-php.server.vaidebolsa.com.br\/blog\/enem\/filosofia\/#primaryimage","url":"https:\/\/vaidebolsa.com.br\/blog\/wp-content\/uploads\/2019\/10\/Capa-blogposts-min.webp","contentUrl":"https:\/\/vaidebolsa.com.br\/blog\/wp-content\/uploads\/2019\/10\/Capa-blogposts-min.webp","width":1920,"height":1080,"caption":"Saiba quais os 5 principais assuntos de filosofia que voc\u00ea precisa estudar para a prova do Enem e quais os fil\u00f3sofos que mais aparecem na prova."},{"@type":"BreadcrumbList","@id":"https:\/\/shared-php.server.vaidebolsa.com.br\/blog\/enem\/filosofia\/#breadcrumb","itemListElement":[{"@type":"ListItem","position":1,"name":"Home","item":"https:\/\/vaidebolsa.com.br\/blog\/"},{"@type":"ListItem","position":2,"name":"5 assuntos de filosofia que voc\u00ea precisa saber para o Enem"}]},{"@type":"WebSite","@id":"https:\/\/vaidebolsa.com.br\/blog\/#website","url":"https:\/\/vaidebolsa.com.br\/blog\/","name":"Vai de Bolsa","description":"Vai de Bolsa: Bolsas de Estudo com at\u00e9 70% de Desconto!","publisher":{"@id":"https:\/\/vaidebolsa.com.br\/blog\/#organization"},"potentialAction":[{"@type":"SearchAction","target":{"@type":"EntryPoint","urlTemplate":"https:\/\/vaidebolsa.com.br\/blog\/?s={search_term_string}"},"query-input":{"@type":"PropertyValueSpecification","valueRequired":true,"valueName":"search_term_string"}}],"inLanguage":"pt-BR"},{"@type":"Organization","@id":"https:\/\/vaidebolsa.com.br\/blog\/#organization","name":"Vai de Bolsa","url":"https:\/\/vaidebolsa.com.br\/blog\/","logo":{"@type":"ImageObject","inLanguage":"pt-BR","@id":"https:\/\/vaidebolsa.com.br\/blog\/#\/schema\/logo\/image\/","url":"https:\/\/vaidebolsa.com.br\/blog\/wp-content\/uploads\/2022\/03\/Logo-Vai-de-Bolsa-cor-e1648649224262.png","contentUrl":"https:\/\/vaidebolsa.com.br\/blog\/wp-content\/uploads\/2022\/03\/Logo-Vai-de-Bolsa-cor-e1648649224262.png","width":180,"height":90,"caption":"Vai de Bolsa"},"image":{"@id":"https:\/\/vaidebolsa.com.br\/blog\/#\/schema\/logo\/image\/"},"sameAs":["https:\/\/www.facebook.com\/vdbeducacional","https:\/\/www.instagram.com\/vaidebolsa_\/"]},{"@type":"Person","@id":"https:\/\/vaidebolsa.com.br\/blog\/#\/schema\/person\/66c9e3f3a84ba9e04deec23f2938a105","name":"Natalia Pereira","image":{"@type":"ImageObject","inLanguage":"pt-BR","@id":"https:\/\/vaidebolsa.com.br\/blog\/#\/schema\/person\/image\/","url":"http:\/\/0.gravatar.com\/avatar\/f1ab57fb53849c617df1cb34eb8ae2d8?s=96&d=mm&r=g","contentUrl":"http:\/\/0.gravatar.com\/avatar\/f1ab57fb53849c617df1cb34eb8ae2d8?s=96&d=mm&r=g","caption":"Natalia Pereira"},"description":"Formada em Publicidade e Propaganda com bolsa de estudos, Nat\u00e1lia Pereira passou por todos os dilemas que envolvem a vida de um jovem que est\u00e1 prestes a sair do ensino m\u00e9dio e se depara com o desafio de entrar em uma boa faculdade pagando pouco. Hoje, aos 23 anos, atua como Analista de Marketing e escreve sobre educa\u00e7\u00e3o no Vai de Bolsa.","url":"https:\/\/vaidebolsa.com.br\/blog\/author\/natalia\/"}]}},"_links":{"self":[{"href":"https:\/\/vaidebolsa.com.br\/blog\/wp-json\/wp\/v2\/posts\/2318"}],"collection":[{"href":"https:\/\/vaidebolsa.com.br\/blog\/wp-json\/wp\/v2\/posts"}],"about":[{"href":"https:\/\/vaidebolsa.com.br\/blog\/wp-json\/wp\/v2\/types\/post"}],"author":[{"embeddable":true,"href":"https:\/\/vaidebolsa.com.br\/blog\/wp-json\/wp\/v2\/users\/67"}],"replies":[{"embeddable":true,"href":"https:\/\/vaidebolsa.com.br\/blog\/wp-json\/wp\/v2\/comments?post=2318"}],"version-history":[{"count":1,"href":"https:\/\/vaidebolsa.com.br\/blog\/wp-json\/wp\/v2\/posts\/2318\/revisions"}],"predecessor-version":[{"id":17181325995,"href":"https:\/\/vaidebolsa.com.br\/blog\/wp-json\/wp\/v2\/posts\/2318\/revisions\/17181325995"}],"wp:featuredmedia":[{"embeddable":true,"href":"https:\/\/vaidebolsa.com.br\/blog\/wp-json\/wp\/v2\/media\/17181325994"}],"wp:attachment":[{"href":"https:\/\/vaidebolsa.com.br\/blog\/wp-json\/wp\/v2\/media?parent=2318"}],"wp:term":[{"taxonomy":"category","embeddable":true,"href":"https:\/\/vaidebolsa.com.br\/blog\/wp-json\/wp\/v2\/categories?post=2318"},{"taxonomy":"post_tag","embeddable":true,"href":"https:\/\/vaidebolsa.com.br\/blog\/wp-json\/wp\/v2\/tags?post=2318"}],"curies":[{"name":"wp","href":"https:\/\/api.w.org\/{rel}","templated":true}]}}