{"id":2879,"date":"2019-10-24T09:12:00","date_gmt":"2019-10-24T12:12:00","guid":{"rendered":"https:\/\/vaidebolsa.com.br\/?p=2879"},"modified":"2023-08-14T15:17:03","modified_gmt":"2023-08-14T18:17:03","slug":"citacoes-enem","status":"publish","type":"post","link":"https:\/\/vaidebolsa.com.br\/blog\/enem\/citacoes-enem\/","title":{"rendered":"Cita\u00e7\u00f5es Enem: como usar e alcan\u00e7ar nota mil"},"content":{"rendered":"<p>A reda\u00e7\u00e3o do Enem \u00e9 sempre um bicho de sete cabe\u00e7as para o vestibulando, mas este artigo quer ajudar voc\u00ea, com esta sele\u00e7\u00e3o de cita\u00e7\u00f5es, a alcan\u00e7ar a nota mil.<\/p>\n<p>Trazer a frase de um autor ou escritor famoso para contextualizar a sua argumenta\u00e7\u00e3o pode aumentar a relev\u00e2ncia do seu texto ao mostrar maior propriedade e conhecimento sobre o assunto falado. Mas cuidado, pois uma frase mal contextualizada pode causar efeito reverso.<\/p>\n<p>Antes de dar uma lista de cita\u00e7\u00f5es para usar no Enem, vamos relembrar pontos importantes para voc\u00ea elaborar uma <a href=\"https:\/\/vaidebolsa.com.br\/redacao-nota-mil\/\" target=\"_blank\" rel=\"noopener noreferrer\">reda\u00e7\u00e3o nota mil<\/a>.<\/p>\n<h2>Estrutura da reda\u00e7\u00e3o Enem<\/h2>\n<p>A p\u00e1gina do Enem no site do Inep&nbsp;indica que a reda\u00e7\u00e3o exigida deve ser escrita em formato de prosa, <a href=\"https:\/\/vaidebolsa.com.br\/redacao-dissertativa\/\" target=\"_blank\" rel=\"noopener noreferrer\">dissertativo-argumentativa<\/a>, sobre um tema atual seja na \u00e1rea da ci\u00eancia, da cultura, da sociedade ou pol\u00edtica.<\/p>\n<p>Al\u00e9m da estrutura b\u00e1sica do texto, ao final o estudante deve elaborar uma proposta de interven\u00e7\u00e3o para a resolu\u00e7\u00e3o ou minimiza\u00e7\u00e3o do problema apresentado.<\/p>\n<p>TEMA&nbsp;-&gt;TESE -&gt;&nbsp;ARGUMENTOS -&gt;&nbsp;PROPOSTA DE INTERVEN\u00c7\u00c3O<\/p>\n<p>Vale lembrar que a reda\u00e7\u00e3o tem sido limitada normalmente ao m\u00ednimo de 7 linhas e m\u00e1ximo de 30.<\/p>\n<h2>Quais as compet\u00eancias avaliadas?<\/h2>\n<p>Cinco compet\u00eancias foram definidas como par\u00e2metro de avalia\u00e7\u00e3o para a elabora\u00e7\u00e3o da reda\u00e7\u00e3o:<\/p>\n<ul>\n<li>Compet\u00eancia 1 &#8211; Demonstrar dom\u00ednio da modalidade escrita formal da l\u00edngua portuguesa.<\/li>\n<li>Compet\u00eancia 2 &#8211; Compreender a proposta de reda\u00e7\u00e3o e aplicar conceitos das v\u00e1rias \u00e1reas de conhecimento para desenvolver o tema, dentro dos limites estruturais do texto dissertativo-argumentativo em prosa.<\/li>\n<li>Compet\u00eancia 3 &#8211; Selecionar, relacionar, organizar e interpretar informa\u00e7\u00f5es, fatos, opini\u00f5es e argumentos em defesa de um ponto de vista.<\/li>\n<li>Compet\u00eancia 4 &#8211; Demonstrar conhecimento dos mecanismos lingu\u00edsticos necess\u00e1rios para a constru\u00e7\u00e3o da argumenta\u00e7\u00e3o.<\/li>\n<li>Compet\u00eancia 5 &#8211; Elaborar proposta de interven\u00e7\u00e3o para o problema abordado que respeite os direitos humanos.<\/li>\n<\/ul>\n<p>Dois professores s\u00e3o respons\u00e1veis pela avalia\u00e7\u00e3o da reda\u00e7\u00e3o, e cada um deles pode atribuir 0 a 200 pontos para cada compet\u00eancia.<\/p>\n<p>Dessa forma, o aluno pode chegar a atingir mil pontos na reda\u00e7\u00e3o por professor. Ao final, \u00e9 feita uma m\u00e9dia aritm\u00e9tica a partir da quantidade total de pontos dada pelos dois professores.<\/p>\n<h3>Capacidade de argumenta\u00e7\u00e3o<\/h3>\n<p>A capacidade de argumenta\u00e7\u00e3o refere-se \u00e0 Compet\u00eancia 3 como quesito avaliativo.<\/p>\n<p>Nesse sentido, \u00e9 essencial que o candidato baseie sua reda\u00e7\u00e3o e os argumentos que comprovam sua tese a partir de fatos, dados estat\u00edsticos, experi\u00eancias comprovadas, relatos de causa-efeito, livros e cita\u00e7\u00f5es que dar\u00e3o respaldo ao assunto abordado e \u00e0 tese proposta.<\/p>\n<p>Dentre todas essas possibilidades, a import\u00e2ncia das cita\u00e7\u00f5es no Enem \u00e9 indiscut\u00edvel por ser um registro hist\u00f3rico das ideias ali descritas.<\/p>\n<p>\u00c9 importante tamb\u00e9m utilizar autores e obras de renome e que sejam refer\u00eancia em suas \u00e1reas de conhecimento, fontes confi\u00e1veis de informa\u00e7\u00e3o para que tragam embasamento id\u00f4neo e confi\u00e1vel ao texto.<\/p>\n<h2>Cita\u00e7\u00f5es Enem<\/h2>\n<p>Dessa forma, selecionamos algumas cita\u00e7\u00f5es para uso na reda\u00e7\u00e3o do Enem. Elas est\u00e3o divididas em algumas categorias b\u00e1sicas, mas h\u00e1 cita\u00e7\u00f5es que podem ser utilizadas em outros contextos tem\u00e1ticos, de acordo com a linha de argumenta\u00e7\u00e3o utilizada.<\/p>\n<p>Vamos conferir!<\/p>\n<h3>Economia<\/h3>\n<p>\u201cOs economistas tinham sobretudo a obriga\u00e7\u00e3o de n\u00e3o nos andarem a calcular infla\u00e7\u00f5es e a taxa de juro e essas coisas, mas dizerem de que maneira \u00e9 que n\u00f3s podemos fazer avan\u00e7ar a gratuidade da vida.\u201d (Agostinho Silva)<\/p>\n<p>&#8220;A economia significa o poder de repelir o sup\u00e9rfluo no presente, com o fim de assegurar um bem futuro e sobre este aspecto representa o dom\u00ednio da raz\u00e3o sobre o instinto animal.&#8221; (Thomas Atkinson)<\/p>\n<p>&#8220;O que distingue uma \u00e9poca econ\u00f4mica de outra, \u00e9 menos o que se produziu do que a forma de o produzir.&#8221; (Karl Marx)<\/p>\n<h3>Educa\u00e7\u00e3o<\/h3>\n<p>&#8220;\u00c9 no problema da educa\u00e7\u00e3o que assenta o grande segredo do aperfei\u00e7oamento da humanidade.&#8221; (Immanuel Kant)<\/p>\n<p>&#8220;Se a educa\u00e7\u00e3o sozinha n\u00e3o transforma a sociedade, sem ela tampouco a sociedade muda.&#8221; (Paulo Freire)<\/p>\n<p>&#8220;Feliz aquele que transfere o que sabe e aprende o que ensina.&#8221; (Cora Coralina)<\/p>\n<p>&#8220;A educa\u00e7\u00e3o \u00e9 a arma mais poderosa que voc\u00ea pode usar para mudar o mundo.&#8221; (Nelson Mandela)<\/p>\n<h3>Diversidade<\/h3>\n<p>&#8220;Ser livre \u00e9 conseguir flutuar entre a diversidade e a multiplicidade, sem perder a pr\u00f3pria identidade.&#8221; (Dimos Iksilara)<\/p>\n<p>&#8220;A diversidade garante que crian\u00e7as possam sonhar, sem colocar fronteiras ou barreiras para o futuro e os sonhos delas.&#8221; (Malala Yousafzai)<\/p>\n<p>&#8220;O que temos que fazer \u00e9 encontrar uma maneira de celebrar a nossa diversidade e debater nossas diferen\u00e7as sem fraturar as nossas comunidades.&#8221; (Hillary Clinton)<\/p>\n<h3>Cultura<\/h3>\n<p>&#8220;A cultura est\u00e1 acima da diferen\u00e7a da condi\u00e7\u00e3o social.&#8221; (Conf\u00facio)<\/p>\n<p>&#8220;\u00c9 preciso erguer o povo \u00e0 altura da cultura e n\u00e3o rebaixar a cultura ao n\u00edvel do povo.&#8221; (Simone de Beauvoir)<\/p>\n<p>&#8220;Cultura \u00e9 o ciclo que o indiv\u00edduo percorre para chegar ao conhecimento de si pr\u00f3prio.&#8221; (Soren Kierkegaard)<\/p>\n<h3>Direitos humanos<\/h3>\n<p>&#8220;Os direitos humanos s\u00e3o violados n\u00e3o s\u00f3 pelo terrorismo, a repress\u00e3o, os assassinatos, mas tamb\u00e9m pela exist\u00eancia de extrema pobreza e estruturas econ\u00f4micas injustas, que originam as grandes desigualdades.&#8221; (Papa Francisco)<\/p>\n<p>\u201cA ess\u00eancia dos Direitos Humanos \u00e9 o direito a ter direitos.\u201d (Hannah Arendt)<\/p>\n<p>\u201c\u00c9 uma boa coisa exigir liberdade para n\u00f3s mesmos e para aqueles que concordam conosco; mas, \u00e9 uma coisa ainda melhor e mais rara dar liberdade a outros que discordam de n\u00f3s.\u201d (Franklin Delano Roosevelt)<\/p>\n<h3>Pol\u00edtica<\/h3>\n<p>&#8220;A pol\u00edtica \u00e9 quase t\u00e3o excitante como a guerra e n\u00e3o menos perigosa. Na guerra a pessoa s\u00f3 pode ser morta uma vez, mas na pol\u00edtica diversas vezes.&#8221; (Winston Churchill)<\/p>\n<p>&#8220;A pol\u00edtica n\u00e3o deveria ser a arte de dominar, mas sim a arte de fazer justi\u00e7a.&#8221; (Arist\u00f3teles)<\/p>\n<p>&#8220;Pol\u00edticos e fraldas devem ser trocados de tempos em tempos pelo mesmo motivo.&#8221; (E\u00e7a de Queir\u00f3s)<\/p>\n<p>&#8220;Nada \u00e9 t\u00e3o admir\u00e1vel em pol\u00edtica quanto uma mem\u00f3ria curta.&#8221; (John Galbraith)<\/p>\n<h3>Desigualdade e injusti\u00e7a social<\/h3>\n<p>\u201cA injusti\u00e7a secular dilacera o Brasil em dois pa\u00edses distintos: o pa\u00eds dos privilegiados e o pa\u00eds dos despossu\u00eddos.\u201d&nbsp;(Ariano Suassuna)<\/p>\n<p>&#8220;Os sete pecados capitais respons\u00e1veis pelas injusti\u00e7as sociais s\u00e3o: riqueza sem trabalho; prazeres sem escr\u00fapulos; conhecimento sem sabedoria; com\u00e9rcio sem moral; pol\u00edtica sem idealismo; religi\u00e3o sem sacrif\u00edcio e ci\u00eancia sem humanismo.&#8221; (Mahatma Gandhi)<\/p>\n<p>\u201cA injusti\u00e7a em qualquer lugar \u00e9 uma injusti\u00e7a em todo lugar.\u201d (Martin Luther King)<\/p>\n<p>\u201cSeria uma atitude ing\u00eanua esperar que as classes dominantes desenvolvessem uma forma de educa\u00e7\u00e3o que proporcionasse \u00e0s classes dominadas perceber as injusti\u00e7as sociais de maneira cr\u00edtica.\u201d (Paulo Freire)<\/p>\n<p>&#8220;O Brasil, \u00faltimo pa\u00eds a acabar com a escravid\u00e3o, tem uma perversidade intr\u00ednseca na sua heran\u00e7a, que torna a nossa classe dominante enferma de desigualdade, de descaso.&#8221; (Darcy Ribeiro)<\/p>\n<h3>Meio ambiente e sustentabilidade<\/h3>\n<p>&#8220;A natureza pode suprir todas as necessidades do homem, menos a gan\u00e2ncia.\u201d (Mahatma Gandhi)<\/p>\n<p>\u201cQuando o homem aprender a respeitar at\u00e9 o menor ser da Cria\u00e7\u00e3o, seja animal ou vegetal, ningu\u00e9m precisar\u00e1 ensin\u00e1-la a amar seu semelhante.\u201d (Albert Schweitzer)<\/p>\n<p>\u201cCada dia a natureza produz o suficiente para nossa car\u00eancia. Se cada um tomasse o que lhe fosse necess\u00e1rio n\u00e3o haveria pobreza no mundo e ningu\u00e9m morreria de fome.\u201d (Mahatma Gandhi)<\/p>\n<h3>Juventude<\/h3>\n<p>&#8220;O que deve caracterizar a juventude \u00e9 a mod\u00e9stia, o pudor, o amor, a modera\u00e7\u00e3o, a dedica\u00e7\u00e3o, a dilig\u00eancia, a justi\u00e7a, a educa\u00e7\u00e3o. S\u00e3o estas as virtudes que devem formar o seu car\u00e1ter.\u201c (S\u00f3crates)<\/p>\n<p>&#8220;Cada hora de tempo perdido na juventude \u00e9 um embri\u00e3o de infelicidade no futuro.\u201c (Napole\u00e3o Bonaparte)<\/p>\n<p>&#8220;A serenidade e a vitalidade da nossa juventude baseiam-se em parte no fato de que n\u00f3s, ao subirmos a montanha, n\u00e3o vermos a morte, pois ela encontra-se do outro lado da encosta.&#8221; (Arthur Schopenhauer)<\/p>\n<h3>Filosofia<\/h3>\n<p>&#8220;Aqueles que n\u00e3o conseguem lembrar o passado est\u00e3o condenados a repeti-lo.&#8221;&nbsp;(George Santayana)<\/p>\n<p>&#8220;O homem nasce livre e por toda parte encontra-se acorrentado.&#8221;&nbsp;(Jean-Jacques Rousseau)<\/p>\n<p>&#8220;Os fins justificam os meios.&#8221;&nbsp;(Maquiavel)<\/p>\n<p>&#8220;O mundo se tornou mais parecido com aquele de Maquiavel.&#8221; (Bertrand Russell)<\/p>\n<p>&#8220;Devemos promover a coragem onde h\u00e1 medo, promover o acordo onde existe conflito, e inspirar esperan\u00e7a onde h\u00e1 desespero.&#8221;&nbsp;(Nelson Mandela)<\/p>\n<p>&#8220;A concord\u00e2ncia faz com que permane\u00e7amos estacionados. A discord\u00e2ncia faz com que cres\u00e7amos.\u201d (M\u00e1rio Sergio Cortella)<\/p>\n<h3>Combate a viol\u00eancia<\/h3>\n<p>\u201cA viol\u00eancia alcan\u00e7ada pela viol\u00eancia \u00e9 o equivalente a uma derrota, pois \u00e9 passageira.\u201d (Mahatma Gandhi)<\/p>\n<p>\u201cA viol\u00eancia, seja qual for a maneira como ela se manifesta, \u00e9 sempre uma derrota.\u201d (Jean-Paul Satre)<\/p>\n<p>\u201cA n\u00e3o-viol\u00eancia leva-nos aos mais altos conceitos de \u00e9tica, o objetivo de toda evolu\u00e7\u00e3o. At\u00e9 pararmos de prejudicar todos os outros seres do planeta, n\u00f3s continuaremos selvagens.\u201d (Thomas Edison)<\/p>\n<p>Tem outras cita\u00e7\u00f5es Enem para compartilhar? Escreva nos coment\u00e1rios!<\/p>\n<p>Outro ponto importante para escrever uma boa reda\u00e7\u00e3o \u00e9 estar por dentro do que est\u00e1 rolando pelo mundo, para ajudar voc\u00ea a ficar antenado fizemos um ebook com as <a href=\"https:\/\/vaidebolsa.com.br\/atualidades-enem-2019\/\" target=\"_blank\" rel=\"noopener noreferrer\">atualidades de 2019 que \u00e9 importante relembrar<\/a> antes da prova. <a href=\"https:\/\/vaidebolsa.com.br\/atualidades-enem-2019\/\" target=\"_blank\" rel=\"noopener noreferrer\">Clique aqui<\/a> e baixe gratuitamente.<\/p>\n","protected":false},"excerpt":{"rendered":"<p>A reda\u00e7\u00e3o do Enem \u00e9 sempre um bicho de sete cabe\u00e7as para o vestibulando, mas este artigo quer ajudar voc\u00ea, com esta sele\u00e7\u00e3o de cita\u00e7\u00f5es, a alcan\u00e7ar a nota mil. Trazer a frase de um autor ou escritor famoso para contextualizar a sua argumenta\u00e7\u00e3o pode aumentar a relev\u00e2ncia do seu texto ao mostrar maior propriedade [&hellip;]<\/p>\n","protected":false},"author":67,"featured_media":0,"comment_status":"open","ping_status":"open","sticky":false,"template":"","format":"standard","meta":{"om_disable_all_campaigns":false,"site-sidebar-layout":"default","site-content-layout":"","ast-site-content-layout":"","site-content-style":"default","site-sidebar-style":"default","ast-global-header-display":"","ast-banner-title-visibility":"","ast-main-header-display":"","ast-hfb-above-header-display":"","ast-hfb-below-header-display":"","ast-hfb-mobile-header-display":"","site-post-title":"","ast-breadcrumbs-content":"","ast-featured-img":"","footer-sml-layout":"","theme-transparent-header-meta":"","adv-header-id-meta":"","stick-header-meta":"","header-above-stick-meta":"","header-main-stick-meta":"","header-below-stick-meta":"","astra-migrate-meta-layouts":"default","ast-page-background-enabled":"default","ast-page-background-meta":{"desktop":{"background-color":"var(--ast-global-color-4)","background-image":"","background-repeat":"repeat","background-position":"center center","background-size":"auto","background-attachment":"scroll","background-type":"","background-media":"","overlay-type":"","overlay-color":"","overlay-opacity":"","overlay-gradient":""},"tablet":{"background-color":"","background-image":"","background-repeat":"repeat","background-position":"center center","background-size":"auto","background-attachment":"scroll","background-type":"","background-media":"","overlay-type":"","overlay-color":"","overlay-opacity":"","overlay-gradient":""},"mobile":{"background-color":"","background-image":"","background-repeat":"repeat","background-position":"center center","background-size":"auto","background-attachment":"scroll","background-type":"","background-media":"","overlay-type":"","overlay-color":"","overlay-opacity":"","overlay-gradient":""}},"ast-content-background-meta":{"desktop":{"background-color":"var(--ast-global-color-5)","background-image":"","background-repeat":"repeat","background-position":"center center","background-size":"auto","background-attachment":"scroll","background-type":"","background-media":"","overlay-type":"","overlay-color":"","overlay-opacity":"","overlay-gradient":""},"tablet":{"background-color":"var(--ast-global-color-5)","background-image":"","background-repeat":"repeat","background-position":"center center","background-size":"auto","background-attachment":"scroll","background-type":"","background-media":"","overlay-type":"","overlay-color":"","overlay-opacity":"","overlay-gradient":""},"mobile":{"background-color":"var(--ast-global-color-5)","background-image":"","background-repeat":"repeat","background-position":"center center","background-size":"auto","background-attachment":"scroll","background-type":"","background-media":"","overlay-type":"","overlay-color":"","overlay-opacity":"","overlay-gradient":""}},"_themeisle_gutenberg_block_has_review":false,"footnotes":""},"categories":[50],"tags":[],"class_list":["post-2879","post","type-post","status-publish","format-standard","hentry","category-enem"],"yoast_head":"<!-- This site is optimized with the Yoast SEO plugin v23.4 - https:\/\/yoast.com\/wordpress\/plugins\/seo\/ -->\n<title>Cita\u00e7\u00f5es Enem: como usar e alcan\u00e7ar nota mil - Vai de Bolsa<\/title>\n<meta name=\"description\" content=\"As cita\u00e7\u00f5es podem ajudar voc\u00ea a construir bons argumentos e ganhar nota mil! Confira algumas cita\u00e7\u00f5es tem\u00e1ticas para utilizar na reda\u00e7\u00e3o do Enem.\" \/>\n<meta name=\"robots\" content=\"index, follow, max-snippet:-1, max-image-preview:large, max-video-preview:-1\" \/>\n<link rel=\"canonical\" href=\"https:\/\/vaidebolsa.com.br\/blog\/enem\/citacoes-enem\/\" \/>\n<meta property=\"og:locale\" content=\"pt_BR\" \/>\n<meta property=\"og:type\" content=\"article\" \/>\n<meta property=\"og:title\" content=\"Cita\u00e7\u00f5es Enem: como usar e alcan\u00e7ar nota mil - Vai de Bolsa\" \/>\n<meta property=\"og:description\" content=\"As cita\u00e7\u00f5es podem ajudar voc\u00ea a construir bons argumentos e ganhar nota mil! Confira algumas cita\u00e7\u00f5es tem\u00e1ticas para utilizar na reda\u00e7\u00e3o do Enem.\" \/>\n<meta property=\"og:url\" content=\"https:\/\/vaidebolsa.com.br\/blog\/enem\/citacoes-enem\/\" \/>\n<meta property=\"og:site_name\" content=\"Vai de Bolsa\" \/>\n<meta property=\"article:publisher\" content=\"https:\/\/www.facebook.com\/vdbeducacional\" \/>\n<meta property=\"article:published_time\" content=\"2019-10-24T12:12:00+00:00\" \/>\n<meta property=\"article:modified_time\" content=\"2023-08-14T18:17:03+00:00\" \/>\n<meta name=\"author\" content=\"Natalia Pereira\" \/>\n<meta name=\"twitter:card\" content=\"summary_large_image\" \/>\n<meta name=\"twitter:label1\" content=\"Escrito por\" \/>\n\t<meta name=\"twitter:data1\" content=\"Natalia Pereira\" \/>\n\t<meta name=\"twitter:label2\" content=\"Est. tempo de leitura\" \/>\n\t<meta name=\"twitter:data2\" content=\"8 minutos\" \/>\n<script type=\"application\/ld+json\" class=\"yoast-schema-graph\">{\"@context\":\"https:\/\/schema.org\",\"@graph\":[{\"@type\":\"Article\",\"@id\":\"https:\/\/vaidebolsa.com.br\/blog\/enem\/citacoes-enem\/#article\",\"isPartOf\":{\"@id\":\"https:\/\/vaidebolsa.com.br\/blog\/enem\/citacoes-enem\/\"},\"author\":{\"name\":\"Natalia Pereira\",\"@id\":\"https:\/\/vaidebolsa.com.br\/blog\/#\/schema\/person\/66c9e3f3a84ba9e04deec23f2938a105\"},\"headline\":\"Cita\u00e7\u00f5es Enem: como usar e alcan\u00e7ar nota mil\",\"datePublished\":\"2019-10-24T12:12:00+00:00\",\"dateModified\":\"2023-08-14T18:17:03+00:00\",\"mainEntityOfPage\":{\"@id\":\"https:\/\/vaidebolsa.com.br\/blog\/enem\/citacoes-enem\/\"},\"wordCount\":1589,\"commentCount\":0,\"publisher\":{\"@id\":\"https:\/\/vaidebolsa.com.br\/blog\/#organization\"},\"articleSection\":[\"ENEM\"],\"inLanguage\":\"pt-BR\",\"potentialAction\":[{\"@type\":\"CommentAction\",\"name\":\"Comment\",\"target\":[\"https:\/\/vaidebolsa.com.br\/blog\/enem\/citacoes-enem\/#respond\"]}]},{\"@type\":\"WebPage\",\"@id\":\"https:\/\/vaidebolsa.com.br\/blog\/enem\/citacoes-enem\/\",\"url\":\"https:\/\/vaidebolsa.com.br\/blog\/enem\/citacoes-enem\/\",\"name\":\"Cita\u00e7\u00f5es Enem: como usar e alcan\u00e7ar nota mil - Vai de Bolsa\",\"isPartOf\":{\"@id\":\"https:\/\/vaidebolsa.com.br\/blog\/#website\"},\"datePublished\":\"2019-10-24T12:12:00+00:00\",\"dateModified\":\"2023-08-14T18:17:03+00:00\",\"description\":\"As cita\u00e7\u00f5es podem ajudar voc\u00ea a construir bons argumentos e ganhar nota mil! Confira algumas cita\u00e7\u00f5es tem\u00e1ticas para utilizar na reda\u00e7\u00e3o do Enem.\",\"breadcrumb\":{\"@id\":\"https:\/\/vaidebolsa.com.br\/blog\/enem\/citacoes-enem\/#breadcrumb\"},\"inLanguage\":\"pt-BR\",\"potentialAction\":[{\"@type\":\"ReadAction\",\"target\":[\"https:\/\/vaidebolsa.com.br\/blog\/enem\/citacoes-enem\/\"]}]},{\"@type\":\"BreadcrumbList\",\"@id\":\"https:\/\/vaidebolsa.com.br\/blog\/enem\/citacoes-enem\/#breadcrumb\",\"itemListElement\":[{\"@type\":\"ListItem\",\"position\":1,\"name\":\"Home\",\"item\":\"https:\/\/vaidebolsa.com.br\/blog\/\"},{\"@type\":\"ListItem\",\"position\":2,\"name\":\"Cita\u00e7\u00f5es Enem: como usar e alcan\u00e7ar nota mil\"}]},{\"@type\":\"WebSite\",\"@id\":\"https:\/\/vaidebolsa.com.br\/blog\/#website\",\"url\":\"https:\/\/vaidebolsa.com.br\/blog\/\",\"name\":\"Vai de Bolsa\",\"description\":\"Vai de Bolsa: Bolsas de Estudo com at\u00e9 70% de Desconto!\",\"publisher\":{\"@id\":\"https:\/\/vaidebolsa.com.br\/blog\/#organization\"},\"potentialAction\":[{\"@type\":\"SearchAction\",\"target\":{\"@type\":\"EntryPoint\",\"urlTemplate\":\"https:\/\/vaidebolsa.com.br\/blog\/?s={search_term_string}\"},\"query-input\":{\"@type\":\"PropertyValueSpecification\",\"valueRequired\":true,\"valueName\":\"search_term_string\"}}],\"inLanguage\":\"pt-BR\"},{\"@type\":\"Organization\",\"@id\":\"https:\/\/vaidebolsa.com.br\/blog\/#organization\",\"name\":\"Vai de Bolsa\",\"url\":\"https:\/\/vaidebolsa.com.br\/blog\/\",\"logo\":{\"@type\":\"ImageObject\",\"inLanguage\":\"pt-BR\",\"@id\":\"https:\/\/vaidebolsa.com.br\/blog\/#\/schema\/logo\/image\/\",\"url\":\"https:\/\/vaidebolsa.com.br\/blog\/wp-content\/uploads\/2022\/03\/Logo-Vai-de-Bolsa-cor-e1648649224262.png\",\"contentUrl\":\"https:\/\/vaidebolsa.com.br\/blog\/wp-content\/uploads\/2022\/03\/Logo-Vai-de-Bolsa-cor-e1648649224262.png\",\"width\":180,\"height\":90,\"caption\":\"Vai de Bolsa\"},\"image\":{\"@id\":\"https:\/\/vaidebolsa.com.br\/blog\/#\/schema\/logo\/image\/\"},\"sameAs\":[\"https:\/\/www.facebook.com\/vdbeducacional\",\"https:\/\/www.instagram.com\/vaidebolsa_\/\"]},{\"@type\":\"Person\",\"@id\":\"https:\/\/vaidebolsa.com.br\/blog\/#\/schema\/person\/66c9e3f3a84ba9e04deec23f2938a105\",\"name\":\"Natalia Pereira\",\"image\":{\"@type\":\"ImageObject\",\"inLanguage\":\"pt-BR\",\"@id\":\"https:\/\/vaidebolsa.com.br\/blog\/#\/schema\/person\/image\/\",\"url\":\"http:\/\/0.gravatar.com\/avatar\/f1ab57fb53849c617df1cb34eb8ae2d8?s=96&d=mm&r=g\",\"contentUrl\":\"http:\/\/0.gravatar.com\/avatar\/f1ab57fb53849c617df1cb34eb8ae2d8?s=96&d=mm&r=g\",\"caption\":\"Natalia Pereira\"},\"description\":\"Formada em Publicidade e Propaganda com bolsa de estudos, Nat\u00e1lia Pereira passou por todos os dilemas que envolvem a vida de um jovem que est\u00e1 prestes a sair do ensino m\u00e9dio e se depara com o desafio de entrar em uma boa faculdade pagando pouco. Hoje, aos 23 anos, atua como Analista de Marketing e escreve sobre educa\u00e7\u00e3o no Vai de Bolsa.\",\"url\":\"https:\/\/vaidebolsa.com.br\/blog\/author\/natalia\/\"}]}<\/script>\n<!-- \/ Yoast SEO plugin. -->","yoast_head_json":{"title":"Cita\u00e7\u00f5es Enem: como usar e alcan\u00e7ar nota mil - Vai de Bolsa","description":"As cita\u00e7\u00f5es podem ajudar voc\u00ea a construir bons argumentos e ganhar nota mil! Confira algumas cita\u00e7\u00f5es tem\u00e1ticas para utilizar na reda\u00e7\u00e3o do Enem.","robots":{"index":"index","follow":"follow","max-snippet":"max-snippet:-1","max-image-preview":"max-image-preview:large","max-video-preview":"max-video-preview:-1"},"canonical":"https:\/\/vaidebolsa.com.br\/blog\/enem\/citacoes-enem\/","og_locale":"pt_BR","og_type":"article","og_title":"Cita\u00e7\u00f5es Enem: como usar e alcan\u00e7ar nota mil - Vai de Bolsa","og_description":"As cita\u00e7\u00f5es podem ajudar voc\u00ea a construir bons argumentos e ganhar nota mil! Confira algumas cita\u00e7\u00f5es tem\u00e1ticas para utilizar na reda\u00e7\u00e3o do Enem.","og_url":"https:\/\/vaidebolsa.com.br\/blog\/enem\/citacoes-enem\/","og_site_name":"Vai de Bolsa","article_publisher":"https:\/\/www.facebook.com\/vdbeducacional","article_published_time":"2019-10-24T12:12:00+00:00","article_modified_time":"2023-08-14T18:17:03+00:00","author":"Natalia Pereira","twitter_card":"summary_large_image","twitter_misc":{"Escrito por":"Natalia Pereira","Est. tempo de leitura":"8 minutos"},"schema":{"@context":"https:\/\/schema.org","@graph":[{"@type":"Article","@id":"https:\/\/vaidebolsa.com.br\/blog\/enem\/citacoes-enem\/#article","isPartOf":{"@id":"https:\/\/vaidebolsa.com.br\/blog\/enem\/citacoes-enem\/"},"author":{"name":"Natalia Pereira","@id":"https:\/\/vaidebolsa.com.br\/blog\/#\/schema\/person\/66c9e3f3a84ba9e04deec23f2938a105"},"headline":"Cita\u00e7\u00f5es Enem: como usar e alcan\u00e7ar nota mil","datePublished":"2019-10-24T12:12:00+00:00","dateModified":"2023-08-14T18:17:03+00:00","mainEntityOfPage":{"@id":"https:\/\/vaidebolsa.com.br\/blog\/enem\/citacoes-enem\/"},"wordCount":1589,"commentCount":0,"publisher":{"@id":"https:\/\/vaidebolsa.com.br\/blog\/#organization"},"articleSection":["ENEM"],"inLanguage":"pt-BR","potentialAction":[{"@type":"CommentAction","name":"Comment","target":["https:\/\/vaidebolsa.com.br\/blog\/enem\/citacoes-enem\/#respond"]}]},{"@type":"WebPage","@id":"https:\/\/vaidebolsa.com.br\/blog\/enem\/citacoes-enem\/","url":"https:\/\/vaidebolsa.com.br\/blog\/enem\/citacoes-enem\/","name":"Cita\u00e7\u00f5es Enem: como usar e alcan\u00e7ar nota mil - Vai de Bolsa","isPartOf":{"@id":"https:\/\/vaidebolsa.com.br\/blog\/#website"},"datePublished":"2019-10-24T12:12:00+00:00","dateModified":"2023-08-14T18:17:03+00:00","description":"As cita\u00e7\u00f5es podem ajudar voc\u00ea a construir bons argumentos e ganhar nota mil! Confira algumas cita\u00e7\u00f5es tem\u00e1ticas para utilizar na reda\u00e7\u00e3o do Enem.","breadcrumb":{"@id":"https:\/\/vaidebolsa.com.br\/blog\/enem\/citacoes-enem\/#breadcrumb"},"inLanguage":"pt-BR","potentialAction":[{"@type":"ReadAction","target":["https:\/\/vaidebolsa.com.br\/blog\/enem\/citacoes-enem\/"]}]},{"@type":"BreadcrumbList","@id":"https:\/\/vaidebolsa.com.br\/blog\/enem\/citacoes-enem\/#breadcrumb","itemListElement":[{"@type":"ListItem","position":1,"name":"Home","item":"https:\/\/vaidebolsa.com.br\/blog\/"},{"@type":"ListItem","position":2,"name":"Cita\u00e7\u00f5es Enem: como usar e alcan\u00e7ar nota mil"}]},{"@type":"WebSite","@id":"https:\/\/vaidebolsa.com.br\/blog\/#website","url":"https:\/\/vaidebolsa.com.br\/blog\/","name":"Vai de Bolsa","description":"Vai de Bolsa: Bolsas de Estudo com at\u00e9 70% de Desconto!","publisher":{"@id":"https:\/\/vaidebolsa.com.br\/blog\/#organization"},"potentialAction":[{"@type":"SearchAction","target":{"@type":"EntryPoint","urlTemplate":"https:\/\/vaidebolsa.com.br\/blog\/?s={search_term_string}"},"query-input":{"@type":"PropertyValueSpecification","valueRequired":true,"valueName":"search_term_string"}}],"inLanguage":"pt-BR"},{"@type":"Organization","@id":"https:\/\/vaidebolsa.com.br\/blog\/#organization","name":"Vai de Bolsa","url":"https:\/\/vaidebolsa.com.br\/blog\/","logo":{"@type":"ImageObject","inLanguage":"pt-BR","@id":"https:\/\/vaidebolsa.com.br\/blog\/#\/schema\/logo\/image\/","url":"https:\/\/vaidebolsa.com.br\/blog\/wp-content\/uploads\/2022\/03\/Logo-Vai-de-Bolsa-cor-e1648649224262.png","contentUrl":"https:\/\/vaidebolsa.com.br\/blog\/wp-content\/uploads\/2022\/03\/Logo-Vai-de-Bolsa-cor-e1648649224262.png","width":180,"height":90,"caption":"Vai de Bolsa"},"image":{"@id":"https:\/\/vaidebolsa.com.br\/blog\/#\/schema\/logo\/image\/"},"sameAs":["https:\/\/www.facebook.com\/vdbeducacional","https:\/\/www.instagram.com\/vaidebolsa_\/"]},{"@type":"Person","@id":"https:\/\/vaidebolsa.com.br\/blog\/#\/schema\/person\/66c9e3f3a84ba9e04deec23f2938a105","name":"Natalia Pereira","image":{"@type":"ImageObject","inLanguage":"pt-BR","@id":"https:\/\/vaidebolsa.com.br\/blog\/#\/schema\/person\/image\/","url":"http:\/\/0.gravatar.com\/avatar\/f1ab57fb53849c617df1cb34eb8ae2d8?s=96&d=mm&r=g","contentUrl":"http:\/\/0.gravatar.com\/avatar\/f1ab57fb53849c617df1cb34eb8ae2d8?s=96&d=mm&r=g","caption":"Natalia Pereira"},"description":"Formada em Publicidade e Propaganda com bolsa de estudos, Nat\u00e1lia Pereira passou por todos os dilemas que envolvem a vida de um jovem que est\u00e1 prestes a sair do ensino m\u00e9dio e se depara com o desafio de entrar em uma boa faculdade pagando pouco. Hoje, aos 23 anos, atua como Analista de Marketing e escreve sobre educa\u00e7\u00e3o no Vai de Bolsa.","url":"https:\/\/vaidebolsa.com.br\/blog\/author\/natalia\/"}]}},"_links":{"self":[{"href":"https:\/\/vaidebolsa.com.br\/blog\/wp-json\/wp\/v2\/posts\/2879"}],"collection":[{"href":"https:\/\/vaidebolsa.com.br\/blog\/wp-json\/wp\/v2\/posts"}],"about":[{"href":"https:\/\/vaidebolsa.com.br\/blog\/wp-json\/wp\/v2\/types\/post"}],"author":[{"embeddable":true,"href":"https:\/\/vaidebolsa.com.br\/blog\/wp-json\/wp\/v2\/users\/67"}],"replies":[{"embeddable":true,"href":"https:\/\/vaidebolsa.com.br\/blog\/wp-json\/wp\/v2\/comments?post=2879"}],"version-history":[{"count":1,"href":"https:\/\/vaidebolsa.com.br\/blog\/wp-json\/wp\/v2\/posts\/2879\/revisions"}],"predecessor-version":[{"id":17181321527,"href":"https:\/\/vaidebolsa.com.br\/blog\/wp-json\/wp\/v2\/posts\/2879\/revisions\/17181321527"}],"wp:attachment":[{"href":"https:\/\/vaidebolsa.com.br\/blog\/wp-json\/wp\/v2\/media?parent=2879"}],"wp:term":[{"taxonomy":"category","embeddable":true,"href":"https:\/\/vaidebolsa.com.br\/blog\/wp-json\/wp\/v2\/categories?post=2879"},{"taxonomy":"post_tag","embeddable":true,"href":"https:\/\/vaidebolsa.com.br\/blog\/wp-json\/wp\/v2\/tags?post=2879"}],"curies":[{"name":"wp","href":"https:\/\/api.w.org\/{rel}","templated":true}]}}