{"id":3610,"date":"2019-11-13T14:00:24","date_gmt":"2019-11-13T17:00:24","guid":{"rendered":"https:\/\/vaidebolsa.com.br\/?p=3610"},"modified":"2023-08-14T15:39:57","modified_gmt":"2023-08-14T18:39:57","slug":"vagas-de-emprego-em-minas-gerais","status":"publish","type":"post","link":"https:\/\/vaidebolsa.com.br\/blog\/mercado-de-trabalho\/vagas-de-emprego-em-minas-gerais\/","title":{"rendered":"Vagas de emprego em Minas Gerais: conhe\u00e7a o mercado"},"content":{"rendered":"<p>Escolher uma carreira profissional com base nas vagas de emprego em Minas Gerais e novas oportunidades do mercado de trabalho pode ser uma \u00f3tima estrat\u00e9gia. Por isso mesmo separamos aqui uma das pesquisas realizadas pelo Cadastro Geral de Empregados e Desempregados (Caged). S\u00e3o dados oficiais do Governo Federal que levam em considera\u00e7\u00e3o todo o Brasil. A boa not\u00edcia \u00e9 que o Estado de Minas Gerais est\u00e1 entre os mais bem posicionados na abertura de novas vagas.<\/p>\n<p>Para voc\u00ea ter uma ideia, o estado foi o que mais gerou empregos no Brasil em maio de 2019. A pesquisa revela que Minas Gerais foi respons\u00e1vel por 62% das vagas formais registradas na regi\u00e3o Sudeste. Isso \u00e9 muita coisa. A melhor not\u00edcia \u00e9 que as vagas de emprego em Minas Gerais tamb\u00e9m s\u00e3o diversificadas. Tem atua\u00e7\u00e3o no agroneg\u00f3cio, constru\u00e7\u00e3o civil e servi\u00e7os. Ent\u00e3o, para voc\u00ea estar preparado para conquistar uma dessas \u00f3timas oportunidades, leia esse texto at\u00e9 o final.<\/p>\n<p>Leia tamb\u00e9m: <a href=\"https:\/\/vaidebolsa.com.br\/cursos-mais-procurados-minas-gerais\/\" target=\"_blank\" rel=\"noopener noreferrer\">Conhe\u00e7a os cursos mais procurados de Minas Gerais<\/a><\/p>\n<h2>Dados do Caged e as vagas de emprego em Minas Gerais<\/h2>\n<p>A regi\u00e3o Sudeste apontou a abertura de 29.498 novas vagas de trabalho com carteira assinada. O saldo j\u00e1 \u00e9 muito positivo. No entanto, saiba que Minas Gerais det\u00e9m 18.380 desses empregos. Ent\u00e3o, a realidade \u00e9 ainda melhor.<\/p>\n<p>O Caged registrou mais vagas de emprego em Minas Gerais. Os dados mostram que teve crescimento das oportunidades de trabalho em 19 unidades da Federa\u00e7\u00e3o. No entanto, tamb\u00e9m apontam que Minas est\u00e1 em primeiro lugar no ranking nacional. J\u00e1 o Esp\u00edrito Santo ficou em segundo, com 9.384 postos, e o estado de S\u00e3o Paulo, logo em seguida com 6.023.<\/p>\n<h2>\u00c1reas com mais oportunidades<\/h2>\n<p>\u00c9 preciso entender que existem vagas de emprego em Minas Gerais em \u00e1reas espec\u00edficas. Por exemplo, no setor da agropecu\u00e1ria, que ficou em primeiro lugar com 37.373 novas frentes de trabalho. Os dados, \u00e9 claro, est\u00e3o relacionados com os meses de abril e maio de 2019. Levando em considera\u00e7\u00e3o esses n\u00fameros, \u00e9 poss\u00edvel afirmar que o aumento nacional foi de 2,39%. J\u00e1 o estado de Minas Gerais teve crescimento no mesmo setor superior \u00e0 m\u00e9dia nacional, registrando 5,32%.<\/p>\n<p>Al\u00e9m disso, a constru\u00e7\u00e3o civil foi a respons\u00e1vel por 1.197 das 8.459 vagas abertas em todo o Brasil. Ent\u00e3o, esse \u00e9 mais um setor que merece a sua aten\u00e7\u00e3o na hora de pensar em uma forma\u00e7\u00e3o profissional.<\/p>\n<p>J\u00e1 o com\u00e9rcio teve recuo em quase todos os estados do Brasil. No entanto, as vagas de emprego em Minas Gerais nesse setor tiveram um aumento com 1.394 novos postos de trabalho. Ou seja, outro setor que merece sua aten\u00e7\u00e3o.<\/p>\n<h2>Cursos preparat\u00f3rios para o mercado de trabalho<\/h2>\n<p>A melhor forma de conquistar uma dessas oportunidades \u00e9 se qualificar. Assim, o curso de Administra\u00e7\u00e3o da Faculdade Batista de Minas Gerais pode apoiar voc\u00ea. A gradua\u00e7\u00e3o vai lhe oferecer os conceitos e pr\u00e1ticas fundamentais que as empresas procuram. Assim, voc\u00ea ser\u00e1 capacitado para atuar em \u00e1reas como contabilidade, produ\u00e7\u00e3o, finan\u00e7as, marketing e gest\u00e3o.<\/p>\n<p>Entre as oportunidades do mercado de trabalho, est\u00e3o:<\/p>\n<ul>\n<li>Diretor financeiro: voc\u00ea pode ser o respons\u00e1vel pela contabiliza\u00e7\u00e3o dos relat\u00f3rios financeiros de uma empresa.<\/li>\n<li>Diretor de informa\u00e7\u00e3o: d\u00e1 para atuar como o respons\u00e1vel pela dire\u00e7\u00e3o tecnol\u00f3gica geral de uma empresa.<\/li>\n<li>Chefe de opera\u00e7\u00f5es: \u00e9 a pessoa que tem capacidade para supervisionar outros executivos.<\/li>\n<li>Diretor de sustentabilidade: tem ampla capacita\u00e7\u00e3o e aborda quest\u00f5es de sustentabilidade e supervisiona a estrat\u00e9gia corporativa.<\/li>\n<li>Gerente geral e de opera\u00e7\u00f5es: com base no conhecimento te\u00f3rico, supervisiona opera\u00e7\u00f5es variadas.<\/li>\n<\/ul>\n<h3>Processos gerenciais<\/h3>\n<p>Outra oportunidade para voc\u00ea conquistar uma das vagas de emprego em Minas Gerais \u00e9 a capacita\u00e7\u00e3o em processos gerenciais da Faculdade Batista. Esse curso vai formar voc\u00ea para empreender. Dessa forma, voc\u00ea ter\u00e1 ferramentas para entender os processos gerenciais das empresas. Ent\u00e3o, com base nesse conhecimento, voc\u00ea ser\u00e1 capaz de estimular o aprendizado e o crescimento das empresas.<\/p>\n<p>Para voc\u00ea ter uma ideia, o profissional formado nessa \u00e1rea pode atuar no planejamento e na abertura do pr\u00f3prio neg\u00f3cio, al\u00e9m de trabalhar nas \u00e1reas administrativa, cont\u00e1bil, financeira, de recursos humanos, marketing e vendas.<\/p>\n<h3>Agroneg\u00f3cios<\/h3>\n<p>Tamb\u00e9m \u00e9 uma \u00e1rea com muitas vagas de emprego em Minas Gerais. Sua forma\u00e7\u00e3o pode ser bastante aproveitada em toda a regi\u00e3o. Voc\u00ea ser\u00e1 capacitado para o planejamento de todas as etapas da cadeia produtiva dos diversos produtos do agroneg\u00f3cio. Assim, poder\u00e1 fazer o planejamento e gerenciamento das empresas e tamb\u00e9m de todas as propriedades rurais p\u00fablicas e privadas.<\/p>\n<p>Para voc\u00ea ter um pouco mais de no\u00e7\u00e3o do mercado de trabalho, saiba que d\u00e1 para atuar no gerenciamento de empresas e processos de produ\u00e7\u00e3o, transforma\u00e7\u00e3o e tamb\u00e9m na venda dos produtos do setor do agroneg\u00f3cio.<\/p>\n<h3>Engenharia civil<\/h3>\n<p>Essa \u00e9 mais uma das vagas de emprego em Minas Gerais que est\u00e3o dispon\u00edveis. Saiba que o curso de Engenharia Civil prepara voc\u00ea para conceber, analisar, planejar, executar e controlar qualquer etapa de uma constru\u00e7\u00e3o. O curso tem dura\u00e7\u00e3o m\u00ednima de cinco anos e vai abordar conceitos fundamentais para o desenvolvimento de projetos de infraestrutura. Assim, ao final da forma\u00e7\u00e3o voc\u00ea poder\u00e1 atuar nas \u00e1reas de constru\u00e7\u00e3o civil, estruturas, geotecnia, hidr\u00e1ulica e transportes.<\/p>\n<h2>Saiba como conquistar uma vaga de emprego<\/h2>\n<p>Com tantas vagas de emprego em Minas Gerais \u00e9 preciso saber procurar. Ent\u00e3o, a melhor dica \u00e9 procurar a Secretaria de Estado de Desenvolvimento Social (Sedese), atrav\u00e9s do Sine. Esse departamento ofertou bem mais de 9.500 vagas s\u00f3 no m\u00eas de julho de 2019.<\/p>\n<p>Para conseguir uma dessas oportunidades, voc\u00ea precisa ir at\u00e9 uma das unidades do Sine. Lembre-se de levar sempre o seu documento de identidade, o CPF e a carteira de trabalho. Os endere\u00e7os dos Sines que existem em Minas Gerais est\u00e3o dispon\u00edveis no site da Sedese.<\/p>\n<h2>Esteja preparado para a entrevista de emprego<\/h2>\n<p>Depois que voc\u00ea conseguir uma dessas vagas de emprego em Minas Gerais, prepare-se para o momento da <a href=\"https:\/\/vaidebolsa.com.br\/entrevista-de-emprego\/\" target=\"_blank\" rel=\"noopener noreferrer\">entrevista de emprego<\/a>. A etapa \u00e9 fundamental para voc\u00ea se dar bem no mercado de trabalho. Ent\u00e3o, seguem algumas dicas:<\/p>\n<ul>\n<li>Pesquise sempre sobre a empresa. Aposte em sites, redes sociais e at\u00e9 livros. Assim, voc\u00ea ter\u00e1 assunto com o entrevistador na hora da sua conversa.<\/li>\n<li>Estude o percurso que voc\u00ea far\u00e1 no dia da sua entrevista. Evite atrasos. Saiba exatamente como chegar de carro ou de transporte coletivo. Assim, a sua ansiedade tamb\u00e9m diminui.<\/li>\n<li>Confira se voc\u00ea tem as roupas adequadas para o dia da sua entrevista. Prove com anteced\u00eancia e lembre-se de avaliar a qualidade do tecido, por exemplo.<\/li>\n<li>Seja discreto e aja com eleg\u00e2ncia. N\u00e3o construa um discurso agressivo na hora da sua entrevista.<\/li>\n<\/ul>\n<h2>Fa\u00e7a um teste vocacional<\/h2>\n<p>Com tantas vagas de emprego em Minas Gerais, voc\u00ea precisa se organizar. \u00c9 necess\u00e1rio ter foco profissional, saber para onde sua carreira precisa ir. Ent\u00e3o, uma boa dica para unir sua voca\u00e7\u00e3o, desejo e oportunidades de trabalho \u00e9 o <a href=\"https:\/\/vaidebolsa.com.br\/teste-vocacional\/\" target=\"_blank\" rel=\"noopener noreferrer\">teste vocacional<\/a>. Existem muitas plataformas gratuitas e dispon\u00edveis.<\/p>\n<p>Com o teste correto, voc\u00ea pode criar um filtro sobre as possibilidades de \u00e1reas de atua\u00e7\u00e3o e ter uma decis\u00e3o mais correta na hora de escolher a sua profiss\u00e3o. O teste pode ajudar voc\u00ea como uma orienta\u00e7\u00e3o ou funcionar como um guia. Assim, voc\u00ea ser\u00e1 capaz de deixar um pouco mais claras tanto suas expectativas quanto as possibilidades do mercado.<\/p>\n<p>Confira ent\u00e3o duas ferramentas que podem ajudar voc\u00ea nessa tarefa:<\/p>\n<ul>\n<li>Guia da Carreira;<\/li>\n<li>Catho.<\/li>\n<\/ul>\n<h2>Apoio acad\u00eamico na hora da sua qualifica\u00e7\u00e3o<\/h2>\n<p>Agora que voc\u00ea j\u00e1 conhece as vagas de emprego em Minas Gerais e aprendeu que precisa se qualificar para conquistar uma boa oportunidade, separamos outras dicas. Para terminar a sua gradua\u00e7\u00e3o, por exemplo, existem muitos aux\u00edlios dispon\u00edveis. Afinal, trabalhar e estudar nem sempre bastam para dar o primeiro passo no seu sonho. Saiba, ent\u00e3o, que voc\u00ea pode recorrer a uma dessas ajudas se conseguir uma vaga na universidade p\u00fablica:<\/p>\n<ul>\n<li>Aux\u00edlio-moradia: espec\u00edfico para os&nbsp;universit\u00e1rios que moram em cidades distantes do campus e possuem baixa condi\u00e7\u00e3o financeira.<\/li>\n<li>Moradia estudantil: espa\u00e7o espec\u00edfico para abrigar estudantes em vulnerabilidade econ\u00f4mica e devidamente matriculados.<\/li>\n<li>Aux\u00edlio-alimenta\u00e7\u00e3o: ajuda para o custeio no pagamento da&nbsp;refei\u00e7\u00e3o di\u00e1ria do estudante universit\u00e1rio.<\/li>\n<li>Aux\u00edlio-transporte: mais um apoio da universidade para que voc\u00ea possa ir e voltar da aula diariamente e sem custo adicional.<\/li>\n<\/ul>\n<p>Saiba tamb\u00e9m que, al\u00e9m de todos esses aux\u00edlios, as faculdades costumam ofertar bolsas de apoio discente.<\/p>\n<p>Aproveite para conferir tamb\u00e9m nosso <a href=\"https:\/\/vaidebolsa.com.br\/sites-de-emprego\/\" target=\"_blank\" rel=\"noopener noreferrer\">post<\/a> sobre sites que podem ajudar voc\u00ea a encontrar uma vaga no mercado de trabalho.<\/p>\n","protected":false},"excerpt":{"rendered":"<p>Escolher uma carreira profissional com base nas vagas de emprego em Minas Gerais e novas oportunidades do mercado de trabalho pode ser uma \u00f3tima estrat\u00e9gia. Por isso mesmo separamos aqui uma das pesquisas realizadas pelo Cadastro Geral de Empregados e Desempregados (Caged). S\u00e3o dados oficiais do Governo Federal que levam em considera\u00e7\u00e3o todo o Brasil. [&hellip;]<\/p>\n","protected":false},"author":67,"featured_media":0,"comment_status":"open","ping_status":"open","sticky":false,"template":"","format":"standard","meta":{"om_disable_all_campaigns":false,"site-sidebar-layout":"default","site-content-layout":"","ast-site-content-layout":"","site-content-style":"default","site-sidebar-style":"default","ast-global-header-display":"","ast-banner-title-visibility":"","ast-main-header-display":"","ast-hfb-above-header-display":"","ast-hfb-below-header-display":"","ast-hfb-mobile-header-display":"","site-post-title":"","ast-breadcrumbs-content":"","ast-featured-img":"","footer-sml-layout":"","theme-transparent-header-meta":"","adv-header-id-meta":"","stick-header-meta":"","header-above-stick-meta":"","header-main-stick-meta":"","header-below-stick-meta":"","astra-migrate-meta-layouts":"default","ast-page-background-enabled":"default","ast-page-background-meta":{"desktop":{"background-color":"var(--ast-global-color-4)","background-image":"","background-repeat":"repeat","background-position":"center center","background-size":"auto","background-attachment":"scroll","background-type":"","background-media":"","overlay-type":"","overlay-color":"","overlay-opacity":"","overlay-gradient":""},"tablet":{"background-color":"","background-image":"","background-repeat":"repeat","background-position":"center center","background-size":"auto","background-attachment":"scroll","background-type":"","background-media":"","overlay-type":"","overlay-color":"","overlay-opacity":"","overlay-gradient":""},"mobile":{"background-color":"","background-image":"","background-repeat":"repeat","background-position":"center center","background-size":"auto","background-attachment":"scroll","background-type":"","background-media":"","overlay-type":"","overlay-color":"","overlay-opacity":"","overlay-gradient":""}},"ast-content-background-meta":{"desktop":{"background-color":"var(--ast-global-color-5)","background-image":"","background-repeat":"repeat","background-position":"center center","background-size":"auto","background-attachment":"scroll","background-type":"","background-media":"","overlay-type":"","overlay-color":"","overlay-opacity":"","overlay-gradient":""},"tablet":{"background-color":"var(--ast-global-color-5)","background-image":"","background-repeat":"repeat","background-position":"center center","background-size":"auto","background-attachment":"scroll","background-type":"","background-media":"","overlay-type":"","overlay-color":"","overlay-opacity":"","overlay-gradient":""},"mobile":{"background-color":"var(--ast-global-color-5)","background-image":"","background-repeat":"repeat","background-position":"center center","background-size":"auto","background-attachment":"scroll","background-type":"","background-media":"","overlay-type":"","overlay-color":"","overlay-opacity":"","overlay-gradient":""}},"_themeisle_gutenberg_block_has_review":false,"footnotes":""},"categories":[151969],"tags":[],"class_list":["post-3610","post","type-post","status-publish","format-standard","hentry","category-mercado-de-trabalho"],"yoast_head":"<!-- This site is optimized with the Yoast SEO plugin v23.4 - https:\/\/yoast.com\/wordpress\/plugins\/seo\/ -->\n<title>Vagas de emprego em Minas Gerais: conhe\u00e7a o mercado - Vai de Bolsa<\/title>\n<meta name=\"description\" content=\"Uma pesquisa oficial do Governo Federal revela que aumentaram as vagas de emprego em Minas Gerais. Conhe\u00e7as as \u00e1reas que mais contratam.\" \/>\n<meta name=\"robots\" content=\"index, follow, max-snippet:-1, max-image-preview:large, max-video-preview:-1\" \/>\n<link rel=\"canonical\" href=\"https:\/\/shared-php.server.vaidebolsa.com.br\/blog\/mercado-de-trabalho\/vagas-de-emprego-em-minas-gerais\/\" \/>\n<meta property=\"og:locale\" content=\"pt_BR\" \/>\n<meta property=\"og:type\" content=\"article\" \/>\n<meta property=\"og:title\" content=\"Vagas de emprego em Minas Gerais: conhe\u00e7a o mercado - Vai de Bolsa\" \/>\n<meta property=\"og:description\" content=\"Uma pesquisa oficial do Governo Federal revela que aumentaram as vagas de emprego em Minas Gerais. Conhe\u00e7as as \u00e1reas que mais contratam.\" \/>\n<meta property=\"og:url\" content=\"https:\/\/shared-php.server.vaidebolsa.com.br\/blog\/mercado-de-trabalho\/vagas-de-emprego-em-minas-gerais\/\" \/>\n<meta property=\"og:site_name\" content=\"Vai de Bolsa\" \/>\n<meta property=\"article:publisher\" content=\"https:\/\/www.facebook.com\/vdbeducacional\" \/>\n<meta property=\"article:published_time\" content=\"2019-11-13T17:00:24+00:00\" \/>\n<meta property=\"article:modified_time\" content=\"2023-08-14T18:39:57+00:00\" \/>\n<meta name=\"author\" content=\"Natalia Pereira\" \/>\n<meta name=\"twitter:card\" content=\"summary_large_image\" \/>\n<meta name=\"twitter:label1\" content=\"Escrito por\" \/>\n\t<meta name=\"twitter:data1\" content=\"Natalia Pereira\" \/>\n\t<meta name=\"twitter:label2\" content=\"Est. tempo de leitura\" \/>\n\t<meta name=\"twitter:data2\" content=\"7 minutos\" \/>\n<script type=\"application\/ld+json\" class=\"yoast-schema-graph\">{\"@context\":\"https:\/\/schema.org\",\"@graph\":[{\"@type\":\"Article\",\"@id\":\"https:\/\/shared-php.server.vaidebolsa.com.br\/blog\/mercado-de-trabalho\/vagas-de-emprego-em-minas-gerais\/#article\",\"isPartOf\":{\"@id\":\"https:\/\/shared-php.server.vaidebolsa.com.br\/blog\/mercado-de-trabalho\/vagas-de-emprego-em-minas-gerais\/\"},\"author\":{\"name\":\"Natalia Pereira\",\"@id\":\"https:\/\/vaidebolsa.com.br\/blog\/#\/schema\/person\/66c9e3f3a84ba9e04deec23f2938a105\"},\"headline\":\"Vagas de emprego em Minas Gerais: conhe\u00e7a o mercado\",\"datePublished\":\"2019-11-13T17:00:24+00:00\",\"dateModified\":\"2023-08-14T18:39:57+00:00\",\"mainEntityOfPage\":{\"@id\":\"https:\/\/shared-php.server.vaidebolsa.com.br\/blog\/mercado-de-trabalho\/vagas-de-emprego-em-minas-gerais\/\"},\"wordCount\":1482,\"commentCount\":0,\"publisher\":{\"@id\":\"https:\/\/vaidebolsa.com.br\/blog\/#organization\"},\"articleSection\":[\"Mercado de trabalho\"],\"inLanguage\":\"pt-BR\",\"potentialAction\":[{\"@type\":\"CommentAction\",\"name\":\"Comment\",\"target\":[\"https:\/\/shared-php.server.vaidebolsa.com.br\/blog\/mercado-de-trabalho\/vagas-de-emprego-em-minas-gerais\/#respond\"]}]},{\"@type\":\"WebPage\",\"@id\":\"https:\/\/shared-php.server.vaidebolsa.com.br\/blog\/mercado-de-trabalho\/vagas-de-emprego-em-minas-gerais\/\",\"url\":\"https:\/\/shared-php.server.vaidebolsa.com.br\/blog\/mercado-de-trabalho\/vagas-de-emprego-em-minas-gerais\/\",\"name\":\"Vagas de emprego em Minas Gerais: conhe\u00e7a o mercado - Vai de Bolsa\",\"isPartOf\":{\"@id\":\"https:\/\/vaidebolsa.com.br\/blog\/#website\"},\"datePublished\":\"2019-11-13T17:00:24+00:00\",\"dateModified\":\"2023-08-14T18:39:57+00:00\",\"description\":\"Uma pesquisa oficial do Governo Federal revela que aumentaram as vagas de emprego em Minas Gerais. Conhe\u00e7as as \u00e1reas que mais contratam.\",\"breadcrumb\":{\"@id\":\"https:\/\/shared-php.server.vaidebolsa.com.br\/blog\/mercado-de-trabalho\/vagas-de-emprego-em-minas-gerais\/#breadcrumb\"},\"inLanguage\":\"pt-BR\",\"potentialAction\":[{\"@type\":\"ReadAction\",\"target\":[\"https:\/\/shared-php.server.vaidebolsa.com.br\/blog\/mercado-de-trabalho\/vagas-de-emprego-em-minas-gerais\/\"]}]},{\"@type\":\"BreadcrumbList\",\"@id\":\"https:\/\/shared-php.server.vaidebolsa.com.br\/blog\/mercado-de-trabalho\/vagas-de-emprego-em-minas-gerais\/#breadcrumb\",\"itemListElement\":[{\"@type\":\"ListItem\",\"position\":1,\"name\":\"Home\",\"item\":\"https:\/\/vaidebolsa.com.br\/blog\/\"},{\"@type\":\"ListItem\",\"position\":2,\"name\":\"Vagas de emprego em Minas Gerais: conhe\u00e7a o mercado\"}]},{\"@type\":\"WebSite\",\"@id\":\"https:\/\/vaidebolsa.com.br\/blog\/#website\",\"url\":\"https:\/\/vaidebolsa.com.br\/blog\/\",\"name\":\"Vai de Bolsa\",\"description\":\"Vai de Bolsa: Bolsas de Estudo com at\u00e9 70% de Desconto!\",\"publisher\":{\"@id\":\"https:\/\/vaidebolsa.com.br\/blog\/#organization\"},\"potentialAction\":[{\"@type\":\"SearchAction\",\"target\":{\"@type\":\"EntryPoint\",\"urlTemplate\":\"https:\/\/vaidebolsa.com.br\/blog\/?s={search_term_string}\"},\"query-input\":{\"@type\":\"PropertyValueSpecification\",\"valueRequired\":true,\"valueName\":\"search_term_string\"}}],\"inLanguage\":\"pt-BR\"},{\"@type\":\"Organization\",\"@id\":\"https:\/\/vaidebolsa.com.br\/blog\/#organization\",\"name\":\"Vai de Bolsa\",\"url\":\"https:\/\/vaidebolsa.com.br\/blog\/\",\"logo\":{\"@type\":\"ImageObject\",\"inLanguage\":\"pt-BR\",\"@id\":\"https:\/\/vaidebolsa.com.br\/blog\/#\/schema\/logo\/image\/\",\"url\":\"https:\/\/vaidebolsa.com.br\/blog\/wp-content\/uploads\/2022\/03\/Logo-Vai-de-Bolsa-cor-e1648649224262.png\",\"contentUrl\":\"https:\/\/vaidebolsa.com.br\/blog\/wp-content\/uploads\/2022\/03\/Logo-Vai-de-Bolsa-cor-e1648649224262.png\",\"width\":180,\"height\":90,\"caption\":\"Vai de Bolsa\"},\"image\":{\"@id\":\"https:\/\/vaidebolsa.com.br\/blog\/#\/schema\/logo\/image\/\"},\"sameAs\":[\"https:\/\/www.facebook.com\/vdbeducacional\",\"https:\/\/www.instagram.com\/vaidebolsa_\/\"]},{\"@type\":\"Person\",\"@id\":\"https:\/\/vaidebolsa.com.br\/blog\/#\/schema\/person\/66c9e3f3a84ba9e04deec23f2938a105\",\"name\":\"Natalia Pereira\",\"image\":{\"@type\":\"ImageObject\",\"inLanguage\":\"pt-BR\",\"@id\":\"https:\/\/vaidebolsa.com.br\/blog\/#\/schema\/person\/image\/\",\"url\":\"http:\/\/0.gravatar.com\/avatar\/f1ab57fb53849c617df1cb34eb8ae2d8?s=96&d=mm&r=g\",\"contentUrl\":\"http:\/\/0.gravatar.com\/avatar\/f1ab57fb53849c617df1cb34eb8ae2d8?s=96&d=mm&r=g\",\"caption\":\"Natalia Pereira\"},\"description\":\"Formada em Publicidade e Propaganda com bolsa de estudos, Nat\u00e1lia Pereira passou por todos os dilemas que envolvem a vida de um jovem que est\u00e1 prestes a sair do ensino m\u00e9dio e se depara com o desafio de entrar em uma boa faculdade pagando pouco. Hoje, aos 23 anos, atua como Analista de Marketing e escreve sobre educa\u00e7\u00e3o no Vai de Bolsa.\",\"url\":\"https:\/\/vaidebolsa.com.br\/blog\/author\/natalia\/\"}]}<\/script>\n<!-- \/ Yoast SEO plugin. -->","yoast_head_json":{"title":"Vagas de emprego em Minas Gerais: conhe\u00e7a o mercado - Vai de Bolsa","description":"Uma pesquisa oficial do Governo Federal revela que aumentaram as vagas de emprego em Minas Gerais. Conhe\u00e7as as \u00e1reas que mais contratam.","robots":{"index":"index","follow":"follow","max-snippet":"max-snippet:-1","max-image-preview":"max-image-preview:large","max-video-preview":"max-video-preview:-1"},"canonical":"https:\/\/shared-php.server.vaidebolsa.com.br\/blog\/mercado-de-trabalho\/vagas-de-emprego-em-minas-gerais\/","og_locale":"pt_BR","og_type":"article","og_title":"Vagas de emprego em Minas Gerais: conhe\u00e7a o mercado - Vai de Bolsa","og_description":"Uma pesquisa oficial do Governo Federal revela que aumentaram as vagas de emprego em Minas Gerais. Conhe\u00e7as as \u00e1reas que mais contratam.","og_url":"https:\/\/shared-php.server.vaidebolsa.com.br\/blog\/mercado-de-trabalho\/vagas-de-emprego-em-minas-gerais\/","og_site_name":"Vai de Bolsa","article_publisher":"https:\/\/www.facebook.com\/vdbeducacional","article_published_time":"2019-11-13T17:00:24+00:00","article_modified_time":"2023-08-14T18:39:57+00:00","author":"Natalia Pereira","twitter_card":"summary_large_image","twitter_misc":{"Escrito por":"Natalia Pereira","Est. tempo de leitura":"7 minutos"},"schema":{"@context":"https:\/\/schema.org","@graph":[{"@type":"Article","@id":"https:\/\/shared-php.server.vaidebolsa.com.br\/blog\/mercado-de-trabalho\/vagas-de-emprego-em-minas-gerais\/#article","isPartOf":{"@id":"https:\/\/shared-php.server.vaidebolsa.com.br\/blog\/mercado-de-trabalho\/vagas-de-emprego-em-minas-gerais\/"},"author":{"name":"Natalia Pereira","@id":"https:\/\/vaidebolsa.com.br\/blog\/#\/schema\/person\/66c9e3f3a84ba9e04deec23f2938a105"},"headline":"Vagas de emprego em Minas Gerais: conhe\u00e7a o mercado","datePublished":"2019-11-13T17:00:24+00:00","dateModified":"2023-08-14T18:39:57+00:00","mainEntityOfPage":{"@id":"https:\/\/shared-php.server.vaidebolsa.com.br\/blog\/mercado-de-trabalho\/vagas-de-emprego-em-minas-gerais\/"},"wordCount":1482,"commentCount":0,"publisher":{"@id":"https:\/\/vaidebolsa.com.br\/blog\/#organization"},"articleSection":["Mercado de trabalho"],"inLanguage":"pt-BR","potentialAction":[{"@type":"CommentAction","name":"Comment","target":["https:\/\/shared-php.server.vaidebolsa.com.br\/blog\/mercado-de-trabalho\/vagas-de-emprego-em-minas-gerais\/#respond"]}]},{"@type":"WebPage","@id":"https:\/\/shared-php.server.vaidebolsa.com.br\/blog\/mercado-de-trabalho\/vagas-de-emprego-em-minas-gerais\/","url":"https:\/\/shared-php.server.vaidebolsa.com.br\/blog\/mercado-de-trabalho\/vagas-de-emprego-em-minas-gerais\/","name":"Vagas de emprego em Minas Gerais: conhe\u00e7a o mercado - Vai de Bolsa","isPartOf":{"@id":"https:\/\/vaidebolsa.com.br\/blog\/#website"},"datePublished":"2019-11-13T17:00:24+00:00","dateModified":"2023-08-14T18:39:57+00:00","description":"Uma pesquisa oficial do Governo Federal revela que aumentaram as vagas de emprego em Minas Gerais. Conhe\u00e7as as \u00e1reas que mais contratam.","breadcrumb":{"@id":"https:\/\/shared-php.server.vaidebolsa.com.br\/blog\/mercado-de-trabalho\/vagas-de-emprego-em-minas-gerais\/#breadcrumb"},"inLanguage":"pt-BR","potentialAction":[{"@type":"ReadAction","target":["https:\/\/shared-php.server.vaidebolsa.com.br\/blog\/mercado-de-trabalho\/vagas-de-emprego-em-minas-gerais\/"]}]},{"@type":"BreadcrumbList","@id":"https:\/\/shared-php.server.vaidebolsa.com.br\/blog\/mercado-de-trabalho\/vagas-de-emprego-em-minas-gerais\/#breadcrumb","itemListElement":[{"@type":"ListItem","position":1,"name":"Home","item":"https:\/\/vaidebolsa.com.br\/blog\/"},{"@type":"ListItem","position":2,"name":"Vagas de emprego em Minas Gerais: conhe\u00e7a o mercado"}]},{"@type":"WebSite","@id":"https:\/\/vaidebolsa.com.br\/blog\/#website","url":"https:\/\/vaidebolsa.com.br\/blog\/","name":"Vai de Bolsa","description":"Vai de Bolsa: Bolsas de Estudo com at\u00e9 70% de Desconto!","publisher":{"@id":"https:\/\/vaidebolsa.com.br\/blog\/#organization"},"potentialAction":[{"@type":"SearchAction","target":{"@type":"EntryPoint","urlTemplate":"https:\/\/vaidebolsa.com.br\/blog\/?s={search_term_string}"},"query-input":{"@type":"PropertyValueSpecification","valueRequired":true,"valueName":"search_term_string"}}],"inLanguage":"pt-BR"},{"@type":"Organization","@id":"https:\/\/vaidebolsa.com.br\/blog\/#organization","name":"Vai de Bolsa","url":"https:\/\/vaidebolsa.com.br\/blog\/","logo":{"@type":"ImageObject","inLanguage":"pt-BR","@id":"https:\/\/vaidebolsa.com.br\/blog\/#\/schema\/logo\/image\/","url":"https:\/\/vaidebolsa.com.br\/blog\/wp-content\/uploads\/2022\/03\/Logo-Vai-de-Bolsa-cor-e1648649224262.png","contentUrl":"https:\/\/vaidebolsa.com.br\/blog\/wp-content\/uploads\/2022\/03\/Logo-Vai-de-Bolsa-cor-e1648649224262.png","width":180,"height":90,"caption":"Vai de Bolsa"},"image":{"@id":"https:\/\/vaidebolsa.com.br\/blog\/#\/schema\/logo\/image\/"},"sameAs":["https:\/\/www.facebook.com\/vdbeducacional","https:\/\/www.instagram.com\/vaidebolsa_\/"]},{"@type":"Person","@id":"https:\/\/vaidebolsa.com.br\/blog\/#\/schema\/person\/66c9e3f3a84ba9e04deec23f2938a105","name":"Natalia Pereira","image":{"@type":"ImageObject","inLanguage":"pt-BR","@id":"https:\/\/vaidebolsa.com.br\/blog\/#\/schema\/person\/image\/","url":"http:\/\/0.gravatar.com\/avatar\/f1ab57fb53849c617df1cb34eb8ae2d8?s=96&d=mm&r=g","contentUrl":"http:\/\/0.gravatar.com\/avatar\/f1ab57fb53849c617df1cb34eb8ae2d8?s=96&d=mm&r=g","caption":"Natalia Pereira"},"description":"Formada em Publicidade e Propaganda com bolsa de estudos, Nat\u00e1lia Pereira passou por todos os dilemas que envolvem a vida de um jovem que est\u00e1 prestes a sair do ensino m\u00e9dio e se depara com o desafio de entrar em uma boa faculdade pagando pouco. Hoje, aos 23 anos, atua como Analista de Marketing e escreve sobre educa\u00e7\u00e3o no Vai de Bolsa.","url":"https:\/\/vaidebolsa.com.br\/blog\/author\/natalia\/"}]}},"_links":{"self":[{"href":"https:\/\/vaidebolsa.com.br\/blog\/wp-json\/wp\/v2\/posts\/3610"}],"collection":[{"href":"https:\/\/vaidebolsa.com.br\/blog\/wp-json\/wp\/v2\/posts"}],"about":[{"href":"https:\/\/vaidebolsa.com.br\/blog\/wp-json\/wp\/v2\/types\/post"}],"author":[{"embeddable":true,"href":"https:\/\/vaidebolsa.com.br\/blog\/wp-json\/wp\/v2\/users\/67"}],"replies":[{"embeddable":true,"href":"https:\/\/vaidebolsa.com.br\/blog\/wp-json\/wp\/v2\/comments?post=3610"}],"version-history":[{"count":1,"href":"https:\/\/vaidebolsa.com.br\/blog\/wp-json\/wp\/v2\/posts\/3610\/revisions"}],"predecessor-version":[{"id":17181321900,"href":"https:\/\/vaidebolsa.com.br\/blog\/wp-json\/wp\/v2\/posts\/3610\/revisions\/17181321900"}],"wp:attachment":[{"href":"https:\/\/vaidebolsa.com.br\/blog\/wp-json\/wp\/v2\/media?parent=3610"}],"wp:term":[{"taxonomy":"category","embeddable":true,"href":"https:\/\/vaidebolsa.com.br\/blog\/wp-json\/wp\/v2\/categories?post=3610"},{"taxonomy":"post_tag","embeddable":true,"href":"https:\/\/vaidebolsa.com.br\/blog\/wp-json\/wp\/v2\/tags?post=3610"}],"curies":[{"name":"wp","href":"https:\/\/api.w.org\/{rel}","templated":true}]}}