{"id":3881,"date":"2019-11-12T14:26:09","date_gmt":"2019-11-12T17:26:09","guid":{"rendered":"https:\/\/vaidebolsa.com.br\/?p=3881"},"modified":"2023-10-10T11:19:41","modified_gmt":"2023-10-10T14:19:41","slug":"movimento-estudantil","status":"publish","type":"post","link":"https:\/\/vaidebolsa.com.br\/blog\/dicas-e-curiosidades\/movimento-estudantil\/","title":{"rendered":"Movimento Estudantil: entenda o que \u00e9 e como se organiza"},"content":{"rendered":"<!DOCTYPE html PUBLIC \"-\/\/W3C\/\/DTD HTML 4.0 Transitional\/\/EN\" \"http:\/\/www.w3.org\/TR\/REC-html40\/loose.dtd\">\n<?xml encoding=\"utf-8\" ?><html><body><p>O movimento estudantil &eacute; um tipo de ativismo composto por estudantes de diversas &aacute;reas, desde o ensino m&eacute;dio, at&eacute; estudantes de p&oacute;s-gradua&ccedil;&atilde;o. O objetivo do movimento sempre possui um cunho social. Ou seja, busca sempre mudan&ccedil;as pol&iacute;ticas, ambientais ou econ&ocirc;micas. Tamb&eacute;m pode ser direcionado para reivindica&ccedil;&otilde;es em uma escola ou faculdade.<\/p>\n\n\n\n<p>O movimento estudantil teve uma parcela grande de participa&ccedil;&atilde;o na luta contra a ditadura militar, por exemplo. Na &eacute;poca, foram realizados protestos e at&eacute; mesmo combate armado contra os militares. O objetivo era resgatar a liberdade pol&iacute;tica e protestar contra a viol&ecirc;ncia dos governantes.<\/p>\n\n\n\n<p>Estudar o movimento estudantil &eacute; sempre importante. Em primeiro lugar, para entender a import&acirc;ncia deles na hist&oacute;ria do pa&iacute;s. Em segundo lugar, porque pode ser tema de provas, vestibulares e at&eacute; do Enem. Portanto, acompanhe neste post mais detalhes sobre o movimento estudantil. Vamos responder algumas perguntas como o que foi o movimento estudantil no Brasil, quando e porque surgiu o movimento estudantil, quais as caracter&iacute;sticas do movimento estudantil, entre outras. <\/p>\n\n\n\n<p>Importante ressaltar que boa parte do movimento estudantil nasceu dentro das universidades.<\/p>\n\n\n\n<p>Lembre-se que na <a href=\"https:\/\/vaidebolsa.com.br\/\">plataforma do Vai de Bolsa<\/a> voc&ecirc; pode procurar pelo curso de gradua&ccedil;&atilde;o de seu interesse nas principais institui&ccedil;&otilde;es de ensino do Brasil, e com possibilidade de bolsa de estudo de at&eacute; 70%. Vale a pena acessar e conferir.<\/p>\n\n\n\n<p><strong>Leia tamb&eacute;m:<\/strong> <a href=\"https:\/\/vaidebolsa.com.br\/blog\/universidades\/acessibilidade-na-faculdade\/\" target=\"_blank\" rel=\"noreferrer noopener\">Acessibilidade na faculdade: a batalha dos estudantes com defici&ecirc;ncia<\/a><\/p>\n\n\n\n<h2 class=\"wp-block-heading\">Estudantes estudantil: objetivos<\/h2>\n\n\n\n<p>Estudantes que participam de movimentos se encontram em atos, acampamentos, encontros, assembleias, plen&aacute;rias ou reuni&otilde;es. Em pauta est&atilde;o assuntos relacionados &agrave; universidade ou escola sob um vi&eacute;s politico. O objetivo em geral &eacute; melhorar a educa&ccedil;&atilde;o do pa&iacute;s, de forma que as mudan&ccedil;as se reflitam na sociedade em que vivemos.<\/p>\n\n\n\n<p>Em suma, a busca &eacute; sempre por uma sociedade mais justa, melhor e com mais direitos para os cidad&atilde;os. Segundo o texto, no caso das universidades, o movimento procura buscar institui&ccedil;&otilde;es para todas as pessoas, de forma p&uacute;blica, gratuita e de qualidade. A ideia &eacute; que todos tenham as mesmas oportunidades de quem est&aacute; inserido hoje dentro das universidades p&uacute;blicas. <\/p>\n\n\n\n<p>N&atilde;o apenas a oportunidade de estudo, mas tamb&eacute;m a oportunidade de forma&ccedil;&atilde;o profissional e pessoal, como um sujeito pol&iacute;tico que luta pelos seus direitos.<\/p>\n\n\n\n<h2 class=\"wp-block-heading\">A hist&oacute;ria do Movimento Estudantil na Ditadura Militar<\/h2>\n\n\n\n<p>&#8220;Descreva o papel do movimento estudantil durante a ditadura&#8221;. Imagina se essa fosse uma quest&atilde;o de vestibular ou do Enem, por exemplo? vamos detalhar o assunto a partir de agora. Na verdade, nas d&eacute;cadas de 1960 e 1970, os movimentos estudantis possu&iacute;am grande representa&ccedil;&atilde;o com os DCEs (Diret&oacute;rios Centrais Estudantis), UEEs (Uni&otilde;es Estaduais dos Estudantes) e com a UNE (Uni&atilde;o Nacional dos Estudantes). Estas organiza&ccedil;&otilde;es tiveram uma grande import&acirc;ncia na mobiliza&ccedil;&atilde;o social e luta contra a ditadura militar que se instaurou no pa&iacute;s no ano de 1964.<\/p>\n\n\n\n<p>A capacidade das organiza&ccedil;&otilde;es estudantis citadas acima de mobilizar os estudantes foi muito grande. Fez com que muito deles participassem ativamente da vida pol&iacute;tica do pa&iacute;s, lutando por seus direitos e ideias. Suas reivindica&ccedil;&otilde;es, protestos e manifesta&ccedil;&otilde;es influenciou significativamente os rumos do pa&iacute;s.<\/p>\n\n\n\n<p>Antes de entrarmos na Ditadura Militar, &eacute; importante entender o contexto hist&oacute;rico dos movimentos estudantis. Entre os anos de 1945 e 1968, o n&uacute;mero de estudantes universit&aacute;rios do pa&iacute;s cresceu muito. Isso coincidiu com a consolida&ccedil;&atilde;o de novas correntes pol&iacute;ticas no meio universit&aacute;rio. A grande maioria defendia ideologias esquerdistas, ligadas ao marxismo, voltado a um projeto socialista de transforma&ccedil;&atilde;o da ordem social.<\/p>\n\n\n\n<p><strong>Leia tamb&eacute;m: <\/strong><a href=\"https:\/\/vaidebolsa.com.br\/blog\/ensino-medio\/evasao-escolar\/\" target=\"_blank\" rel=\"noreferrer noopener\">Evas&atilde;o escolar: o que leva estudantes a desistirem da escola?<\/a><\/p>\n\n\n\n<h3 class=\"wp-block-heading\">Repress&atilde;o ao movimento<\/h3>\n\n\n\n<p>Os estudantes e movimentos estudantis ligados &agrave; esquerda foram muito bem sucedidos ao canalizarem a crescente insatisfa&ccedil;&atilde;o dos jovens estudantes com as defici&ecirc;ncias do ensino superior. Sendo assim, j&aacute; na primeira metade da d&eacute;cada de 1960 ocorreu a &#8220;Reforma da Universidade&#8221;. Essa foi uma importante luta do movimento estudantil que visava discutir o papel da universidade e seus rumos na sociedade.<\/p>\n\n\n\n<p>O Golpe Militar, que aconteceu no ano de 1964 no Brasil, foi um grande repressor do movimento estudantil. Como os movimentos possu&iacute;am uma vertente pol&iacute;tica totalmente relacionada &agrave; esquerda, os militares iniciaram a repress&atilde;o e desarticularam as principais organiza&ccedil;&otilde;es dos estudantes. A UNE foi dada como ilegal, logo em seguida o alvo foi as UEE e posteriormente os DCEs.<\/p>\n\n\n\n<h3 class=\"wp-block-heading\">1969: um ano muito dif&iacute;cil<\/h3>\n\n\n\n<p>As organiza&ccedil;&otilde;es estudantis n&atilde;o aceitaram serem postas na ilegalidade e muitas outras come&ccedil;aram a surgir nessa &eacute;poca. Os movimentos com reivindica&ccedil;&otilde;es visavam a amplia&ccedil;&atilde;o de vagas nas universidades, melhores condi&ccedil;&otilde;es de ensino e tamb&eacute;m se colocavam contra a ditadura militar e privatiza&ccedil;&atilde;o. Al&eacute;m de lutarem em defesa das liberdades democr&aacute;ticas e justi&ccedil;a social, o que n&atilde;o agradava os governantes militares da &eacute;poca.<\/p>\n\n\n\n<p>O &aacute;pice das manifesta&ccedil;&otilde;es realizadas pelo movimento estudantil aconteceu em 1968, ap&oacute;s o estudante secundarista Edson Lu&iacute;s de Lima Souto ser assassinado pela pol&iacute;cia militar no Rio de Janeiro (RJ) durante um protesto. A como&ccedil;&atilde;o e revolta popular foi t&atilde;o grande que deu in&iacute;cio a manifesta&ccedil;&otilde;es de rua com mais de 50 mil pessoas. A UNE decreta ent&atilde;o uma greve geral de estudantes, e muitos outros grupos, como sindicalistas, religiosos, artistas e intelectuais demonstraram apoio ao movimento. Alguns meses depois, em junho de 1968, acontece a &#8220;Passeata dos 100 mil&#8221;, um grande marco na hist&oacute;ria da resist&ecirc;ncia &agrave; ditadura militar brasileira.<\/p>\n\n\n\n<p>Entre os anos de 1969 e 1973 o movimento estudantil foi totalmente desarticulado. Isso ocorreu por consequ&ecirc;ncia da coer&ccedil;&atilde;o pol&iacute;tica que atingiu o seu &aacute;pice. Muitos estudantes e lideres de movimentos ingressaram em organiza&ccedil;&otilde;es de luta armada, com o intuito de derrubar o governo militar. Ap&oacute;s o ano 1969, com a Lei de Seguran&ccedil;a Nacional, e tamb&eacute;m sob o&nbsp;AI-5, deu-se in&iacute;cio aos Anos de Chumbo. Momento da hist&oacute;ria marcado por um estado de exce&ccedil;&atilde;o, com forte controle midi&aacute;tico e educacional, censura, pris&otilde;es, torturas, assassinatos e desaparecimentos de opositores ao governo.<\/p>\n\n\n\n<figure class=\"wp-block-image size-large\"><a href=\"https:\/\/vaidebolsa.com.br\/blog\/wp-content\/uploads\/2019\/11\/movimento-estudantil-2.jpg\"><img fetchpriority=\"high\" decoding=\"async\" width=\"1024\" height=\"502\" src=\"https:\/\/vaidebolsa.com.br\/blog\/wp-content\/uploads\/2019\/11\/movimento-estudantil-2-1024x502.jpg\" alt=\"Movimento Estudantil\" class=\"wp-image-17181318711\" srcset=\"https:\/\/vaidebolsa.com.br\/blog\/wp-content\/uploads\/2019\/11\/movimento-estudantil-2-1024x502.jpg 1024w, https:\/\/vaidebolsa.com.br\/blog\/wp-content\/uploads\/2019\/11\/movimento-estudantil-2-300x147.jpg 300w, https:\/\/vaidebolsa.com.br\/blog\/wp-content\/uploads\/2019\/11\/movimento-estudantil-2-768x377.jpg 768w, https:\/\/vaidebolsa.com.br\/blog\/wp-content\/uploads\/2019\/11\/movimento-estudantil-2-150x74.jpg 150w, https:\/\/vaidebolsa.com.br\/blog\/wp-content\/uploads\/2019\/11\/movimento-estudantil-2.jpg 1280w\" sizes=\"(max-width: 1024px) 100vw, 1024px\" \/><\/a><\/figure>\n\n\n\n<h3 class=\"wp-block-heading\">1977 e a volta do Movimento Estudantil<\/h3>\n\n\n\n<p>O movimento estudantil s&oacute; voltou a ter for&ccedil;a quando a pol&iacute;tica brasileira come&ccedil;ou a mudar. Isso aconteceu ap&oacute;s o General Ernesto Geisel (Arena) ser escolhido como presidente da Rep&uacute;blica. Foi nesse momento que se iniciou o projeto de&nbsp;liberaliza&ccedil;&atilde;o pol&iacute;tica, com o intuito da redemocratiza&ccedil;&atilde;o do pa&iacute;s. O processo foi lento e durou at&eacute; o final do governo militar. Este foi um momento em que a ditadura perdeu muita for&ccedil;a popular.<\/p>\n\n\n\n<p>A retomada dos movimentos teve seu auge em 1977, quando os estudantes sa&iacute;ram as ruas em grandes manifesta&ccedil;&otilde;es e passeadas. O objetivo era defender a democracia e acabar com as pris&otilde;es e torturas. O movimento n&atilde;o teve repress&atilde;o violenta pelo governo.<\/p>\n\n\n\n<p>Foi ent&atilde;o que os movimentos estudantis retomaram suas for&ccedil;as.&nbsp;Em 1979, aconteceu um congresso para reestrutura&ccedil;&atilde;o da UNE, em Salvador. Foram reivindicados mais recursos para as universidades, a libera&ccedil;&atilde;o dos estudantes presos no per&iacute;odo ditatorial, e tamb&eacute;m a defesa pelo ensino p&uacute;blico e gratuito.<\/p>\n\n\n\n<h3 class=\"wp-block-heading\">P&oacute;s-ditadura, movimentos apoiam democracia<\/h3>\n\n\n\n<p>Depois do fim da ditadura militar, o movimento estudantil voltou &agrave;s ruas, levantando bandeiras de consolida&ccedil;&atilde;o da democracia no pa&iacute;s. Em 1984 os estudantes participaram ativamente da campanha das &#8220;Diretas J&aacute;&#8221;, participando de manifesta&ccedil;&otilde;es, interven&ccedil;&otilde;es e com&iacute;cios.<\/p>\n\n\n\n<p>Apesar de se manter ativo, o movimento estudantil n&atilde;o tem mais tanta for&ccedil;a quanto nas d&eacute;cadas de 1960 e 1970.&nbsp;Desde o fim da ditadura militar, o movimento vem perdendo for&ccedil;a, prest&iacute;gio pol&iacute;tico e influ&ecirc;ncia social.&nbsp;Em 1992 ocorreram passeadas em oposi&ccedil;&atilde;o do presidente Fernando Collor de Mello, que foi acusado de corrup&ccedil;&atilde;o.<\/p>\n\n\n\n<p><strong>Leia tamb&eacute;m<\/strong>: <a href=\"https:\/\/vaidebolsa.com.br\/blog\/graduacao\/ganhar-bolsa-estudos-governo\/\" target=\"_blank\" rel=\"noreferrer noopener\">Ganhar bolsas de estudo do governo: conhe&ccedil;a tr&ecirc;s alternativas<\/a><\/p>\n\n\n\n<h2 class=\"wp-block-heading\">Atualmente, como est&aacute; o movimento estudantil?<\/h2>\n\n\n\n<p>Em 2002, com a vit&oacute;ria de Lula, a UNE conseguiu alcan&ccedil;ar algumas demandas. Mas, o fato de n&atilde;o ser mais oposi&ccedil;&atilde;o do governo gerou muitas cr&iacute;ticas internas para a entidade. Al&eacute;m disso, a UNE foi tida como tendenciosa. Isso porque chegou a apoiar demandas que n&atilde;o faziam sentido para a realidade estudantil.<\/p>\n\n\n\n<p>Em 2013, os estudantes tamb&eacute;m marcaram presen&ccedil;a nas <a href=\"https:\/\/oglobo.globo.com\/brasil\/por-20-centavos-muito-mais-manifestacoes-completam-um-ano-12763238\" target=\"_blank\" rel=\"noopener noreferrer\">&#8220;Manifesta&ccedil;&otilde;es dos 20 centavos&#8221;,<\/a> que aconteceram em junho. As manifesta&ccedil;&otilde;es tinham como objetivo revogar o aumento de 20 centavos das passagens de &ocirc;nibus. Mas tiveram como efeito colateral, entre outros motivos, a queda da ent&atilde;o presidenta Dilma Rousseff.<\/p>\n\n\n\n<p>A oposi&ccedil;&atilde;o estudantil ent&atilde;o se voltou contra o impopular presidente Michel Temer e suas pol&iacute;ticas. Logo em seguida, com o presidente Jair Bolsonaro tamb&eacute;m n&atilde;o foi diferente. O movimento estudantil articulou protestos no ano de 2019 contra o contingenciamento de <a href=\"https:\/\/agenciabrasil.ebc.com.br\/educacao\/noticia\/2019-08\/manifestantes-voltam-ruas-em-defesa-d-mais-recursos-para-educacao\" target=\"_blank\" rel=\"noopener noreferrer\">recursos da educa&ccedil;&atilde;o<\/a> e do <a href=\"https:\/\/vaidebolsa.com.br\/blog\/universidades\/future-se\/\" target=\"_blank\" rel=\"noreferrer noopener\">projeto Future-se<\/a>.<\/p>\n\n\n\n<h3 class=\"wp-block-heading\">Movimentos em S&atilde;o Paulo<\/h3>\n\n\n\n<p>Al&eacute;m disso, tamb&eacute;m aconteceram outros movimentos durante os &uacute;ltimos anos. Em 2015, ocorreram protestos dos secundaristas em S&atilde;o Paulo e ocupa&ccedil;&otilde;es de escolas em 2016. O primeiro movimento teve como objetivo protestar contra a <a href=\"https:\/\/g1.globo.com\/sao-paulo\/escolas-ocupadas\/noticia\/2015\/12\/ocupacoes-atos-e-polemicas-veja-historico-da-reorganizacao-escolar.html\" target=\"_blank\" rel=\"noopener noreferrer\">reorganiza&ccedil;&atilde;o do ensino p&uacute;blico<\/a> de S&atilde;o Paulo, proposto pelo governador Geraldo Alckmin e pelo secret&aacute;rio de estado da Educa&ccedil;&atilde;o, Herman Voorewald.<\/p>\n\n\n\n<p>Nas manifesta&ccedil;&otilde;es de 2015, cerca de 213 escolas foram ocupadas. A a&ccedil;&atilde;o culminou na demiss&atilde;o do secret&aacute;rio e na suspens&atilde;o do plano. As ocupa&ccedil;&otilde;es que aconteceram no ano seguinte, foi resultado de um plano mais organizado, contra diversas a&ccedil;&otilde;es de v&aacute;rios estados, e da <a href=\"https:\/\/brasil.elpais.com\/brasil\/2016\/10\/24\/politica\/1477327658_698523.html\" target=\"_blank\" rel=\"noopener noreferrer\">luta contra a PEC 241.<\/a><\/p>\n\n\n\n<p>Hoje, existem diversas organiza&ccedil;&otilde;es e entidades estudantis no Brasil. As principais s&atilde;o:<\/p>\n\n\n\n<ul class=\"wp-block-list\"><li>Uni&atilde;o Nacional dos Estudantes;<\/li><li>Uni&atilde;o Brasileira dos Estudantes Secundaristas;<\/li><li>Associa&ccedil;&atilde;o Nacional de P&oacute;s-graduandos;<\/li><li>Dire&ccedil;&atilde;o Executiva Nacional dos Estudantes de Medicina;<\/li><li>Federa&ccedil;&atilde;o dos Estudantes de Agronomia;<\/li><li>Federa&ccedil;&atilde;o Nacional de Estudantes de Arquitetura e Urbanismo;<\/li><li>Federa&ccedil;&atilde;o Nacional de Estudantes de Direito.<\/li><\/ul>\n\n\n\n<h2 class=\"wp-block-heading\">Debates sobre o movimento estudantil<\/h2>\n\n\n\n<p>Ao longo dos anos, a atua&ccedil;&atilde;o do movimento estudantil tem dividido opini&otilde;es entre os brasileiros. Ou seja, h&aacute; quem apoie essa forma de organiza&ccedil;&atilde;o pol&iacute;tica, e que critique. Uma das cr&iacute;ticas, por exemplo, &eacute; a filia&ccedil;&atilde;o de partidos pol&iacute;ticos aos movimentos. Com isso, os movimentos tornam-se bra&ccedil;os dos partidos e podem se contaminar com outras causas al&eacute;m dos pr&oacute;prios estudantes.<\/p>\n\n\n\n<p>H&aacute; tamb&eacute;m debate em torno do enfraquecimento dos movimentos na atualidade, se comparado aos anos 70 e 80, talvez por conta dos efeitos dessas cr&iacute;ticas. Al&eacute;m disso, h&aacute; grupos que criticam as formas mais radicais dos movimentos estudantis, por promover doutrina&ccedil;&atilde;o pol&iacute;tica e ideol&oacute;gica nas escolas.<\/p>\n\n\n\n<p>Por outro lado, a aproxima&ccedil;&atilde;o com partidos pol&iacute;ticos seria uma forma de financiar os movimentos estudantis, por conta da falta de condi&ccedil;&otilde;es financeiras dos estudantes. Neste sentido, o movimento estudantil &eacute; considerado por outra parte da popula&ccedil;&atilde;o como uma forma de luta dos estudantes, de melhorarem as condi&ccedil;&otilde;es da educa&ccedil;&atilde;o no pa&iacute;s como um todo.<\/p>\n\n\n\n<h3 class=\"wp-block-heading\">Estude a fundo sobre o movimento estudantil<\/h3>\n\n\n\n<p>Voc&ecirc; tem interesse em estudar com mais profundidade sobre o movimento estudantil? Um caminho interessante &eacute; fazer um curso de gradua&ccedil;&atilde;o em <a href=\"https:\/\/vaidebolsa.com.br\/cursos\/graduacao?name=CIENCIAS+POLITICAS&amp;city&amp;modalities=\" target=\"_blank\" rel=\"noreferrer noopener\">Ci&ecirc;ncias Pol&iacute;ticas<\/a> ou <a href=\"https:\/\/vaidebolsa.com.br\/cursos\/graduacao?name=HISTORIA\" target=\"_blank\" rel=\"noreferrer noopener\">Hist&oacute;ria<\/a>, por exemplo. Confira as melhores oportunidades na <a href=\"https:\/\/vaidebolsa.com.br\/\" target=\"_blank\" rel=\"noreferrer noopener\">plataforma Vai de Bolsa<\/a>.<\/p>\n\n\n\n<h2 class=\"wp-block-heading\">Movimento estudantil no Brasil: &eacute; um assunto de prova!<\/h2>\n\n\n\n<p>O movimento estudantil tamb&eacute;m pode ser assunto de vestibular ou at&eacute; da prova do Enem. Por isso, &eacute; bom estar por dentro do assunto. Falando em Enem, no blog Vai de Bolsa voc&ecirc; confere outras assuntos de atualidades quem podem cair na prova.<\/p>\n\n\n\n<p>Ah, e n&atilde;o esque&ccedil;a de contar com a <a href=\"https:\/\/vaidebolsa.com.br\/\">plataforma do Vai de Bolsa<\/a> para pesquisar pelo seu curso de gradua&ccedil;&atilde;o nas melhores institui&ccedil;&otilde;es de ensino do pa&iacute;s, em com bolsas de estudo de at&eacute; 70%. Vale a pena conferir!<\/p>\n<\/body><\/html>\n","protected":false},"excerpt":{"rendered":"<p>O movimento estudantil &eacute; um tipo de ativismo composto por estudantes de diversas &aacute;reas, desde o ensino m&eacute;dio, at&eacute; estudantes de p&oacute;s-gradua&ccedil;&atilde;o. O objetivo do movimento sempre possui um cunho social. Ou seja, busca sempre mudan&ccedil;as pol&iacute;ticas, ambientais ou econ&ocirc;micas. Tamb&eacute;m pode ser direcionado para reivindica&ccedil;&otilde;es em uma escola ou faculdade. O movimento estudantil teve [&hellip;]<\/p>\n","protected":false},"author":67,"featured_media":17181318709,"comment_status":"open","ping_status":"open","sticky":false,"template":"","format":"standard","meta":{"om_disable_all_campaigns":false,"site-sidebar-layout":"default","site-content-layout":"","ast-site-content-layout":"","site-content-style":"default","site-sidebar-style":"default","ast-global-header-display":"","ast-banner-title-visibility":"","ast-main-header-display":"","ast-hfb-above-header-display":"","ast-hfb-below-header-display":"","ast-hfb-mobile-header-display":"","site-post-title":"","ast-breadcrumbs-content":"","ast-featured-img":"","footer-sml-layout":"","theme-transparent-header-meta":"","adv-header-id-meta":"","stick-header-meta":"","header-above-stick-meta":"","header-main-stick-meta":"","header-below-stick-meta":"","astra-migrate-meta-layouts":"default","ast-page-background-enabled":"default","ast-page-background-meta":{"desktop":{"background-color":"var(--ast-global-color-4)","background-image":"","background-repeat":"repeat","background-position":"center center","background-size":"auto","background-attachment":"scroll","background-type":"","background-media":"","overlay-type":"","overlay-color":"","overlay-opacity":"","overlay-gradient":""},"tablet":{"background-color":"","background-image":"","background-repeat":"repeat","background-position":"center center","background-size":"auto","background-attachment":"scroll","background-type":"","background-media":"","overlay-type":"","overlay-color":"","overlay-opacity":"","overlay-gradient":""},"mobile":{"background-color":"","background-image":"","background-repeat":"repeat","background-position":"center center","background-size":"auto","background-attachment":"scroll","background-type":"","background-media":"","overlay-type":"","overlay-color":"","overlay-opacity":"","overlay-gradient":""}},"ast-content-background-meta":{"desktop":{"background-color":"var(--ast-global-color-5)","background-image":"","background-repeat":"repeat","background-position":"center center","background-size":"auto","background-attachment":"scroll","background-type":"","background-media":"","overlay-type":"","overlay-color":"","overlay-opacity":"","overlay-gradient":""},"tablet":{"background-color":"var(--ast-global-color-5)","background-image":"","background-repeat":"repeat","background-position":"center center","background-size":"auto","background-attachment":"scroll","background-type":"","background-media":"","overlay-type":"","overlay-color":"","overlay-opacity":"","overlay-gradient":""},"mobile":{"background-color":"var(--ast-global-color-5)","background-image":"","background-repeat":"repeat","background-position":"center center","background-size":"auto","background-attachment":"scroll","background-type":"","background-media":"","overlay-type":"","overlay-color":"","overlay-opacity":"","overlay-gradient":""}},"_themeisle_gutenberg_block_has_review":false,"footnotes":""},"categories":[151972],"tags":[],"class_list":["post-3881","post","type-post","status-publish","format-standard","has-post-thumbnail","hentry","category-dicas-e-curiosidades"],"yoast_head":"<!-- This site is optimized with the Yoast SEO plugin v23.4 - https:\/\/yoast.com\/wordpress\/plugins\/seo\/ -->\n<title>Movimento Estudantil: entenda o que \u00e9 e como se organiza<\/title>\n<meta name=\"description\" content=\"Conhe\u00e7a a hist\u00f3ria do movimento estudantil, entenda a participa\u00e7\u00e3o na luta contra a Ditadura Militar como est\u00e1 o movimento estudantil hoje.\" \/>\n<meta name=\"robots\" content=\"index, follow, max-snippet:-1, max-image-preview:large, max-video-preview:-1\" \/>\n<link rel=\"canonical\" href=\"https:\/\/vaidebolsa.com.br\/blog\/dicas-e-curiosidades\/movimento-estudantil\/\" \/>\n<meta property=\"og:locale\" content=\"pt_BR\" \/>\n<meta property=\"og:type\" content=\"article\" \/>\n<meta property=\"og:title\" content=\"Movimento Estudantil: entenda o que \u00e9 e como se organiza\" \/>\n<meta property=\"og:description\" content=\"Conhe\u00e7a a hist\u00f3ria do movimento estudantil, entenda a participa\u00e7\u00e3o na luta contra a Ditadura Militar como est\u00e1 o movimento estudantil hoje.\" \/>\n<meta property=\"og:url\" content=\"https:\/\/vaidebolsa.com.br\/blog\/dicas-e-curiosidades\/movimento-estudantil\/\" \/>\n<meta property=\"og:site_name\" content=\"Vai de Bolsa\" \/>\n<meta property=\"article:publisher\" content=\"https:\/\/www.facebook.com\/vdbeducacional\" \/>\n<meta property=\"article:published_time\" content=\"2019-11-12T17:26:09+00:00\" \/>\n<meta property=\"article:modified_time\" content=\"2023-10-10T14:19:41+00:00\" \/>\n<meta property=\"og:image\" content=\"https:\/\/vaidebolsa.com.br\/blog\/wp-content\/uploads\/2019\/11\/movimento-estudantil-1.jpg\" \/>\n\t<meta property=\"og:image:width\" content=\"1280\" \/>\n\t<meta property=\"og:image:height\" content=\"628\" \/>\n\t<meta property=\"og:image:type\" content=\"image\/jpeg\" \/>\n<meta name=\"author\" content=\"Natalia Pereira\" \/>\n<meta name=\"twitter:card\" content=\"summary_large_image\" \/>\n<meta name=\"twitter:label1\" content=\"Escrito por\" \/>\n\t<meta name=\"twitter:data1\" content=\"Natalia Pereira\" \/>\n\t<meta name=\"twitter:label2\" content=\"Est. tempo de leitura\" \/>\n\t<meta name=\"twitter:data2\" content=\"11 minutos\" \/>\n<script type=\"application\/ld+json\" class=\"yoast-schema-graph\">{\"@context\":\"https:\/\/schema.org\",\"@graph\":[{\"@type\":\"Article\",\"@id\":\"https:\/\/vaidebolsa.com.br\/blog\/dicas-e-curiosidades\/movimento-estudantil\/#article\",\"isPartOf\":{\"@id\":\"https:\/\/vaidebolsa.com.br\/blog\/dicas-e-curiosidades\/movimento-estudantil\/\"},\"author\":{\"name\":\"Natalia Pereira\",\"@id\":\"https:\/\/vaidebolsa.com.br\/blog\/#\/schema\/person\/66c9e3f3a84ba9e04deec23f2938a105\"},\"headline\":\"Movimento Estudantil: entenda o que \u00e9 e como se organiza\",\"datePublished\":\"2019-11-12T17:26:09+00:00\",\"dateModified\":\"2023-10-10T14:19:41+00:00\",\"mainEntityOfPage\":{\"@id\":\"https:\/\/vaidebolsa.com.br\/blog\/dicas-e-curiosidades\/movimento-estudantil\/\"},\"wordCount\":2364,\"commentCount\":0,\"publisher\":{\"@id\":\"https:\/\/vaidebolsa.com.br\/blog\/#organization\"},\"image\":{\"@id\":\"https:\/\/vaidebolsa.com.br\/blog\/dicas-e-curiosidades\/movimento-estudantil\/#primaryimage\"},\"thumbnailUrl\":\"https:\/\/vaidebolsa.com.br\/blog\/wp-content\/uploads\/2019\/11\/movimento-estudantil-1.jpg\",\"articleSection\":[\"Dicas e Curiosidades\"],\"inLanguage\":\"pt-BR\",\"potentialAction\":[{\"@type\":\"CommentAction\",\"name\":\"Comment\",\"target\":[\"https:\/\/vaidebolsa.com.br\/blog\/dicas-e-curiosidades\/movimento-estudantil\/#respond\"]}]},{\"@type\":\"WebPage\",\"@id\":\"https:\/\/vaidebolsa.com.br\/blog\/dicas-e-curiosidades\/movimento-estudantil\/\",\"url\":\"https:\/\/vaidebolsa.com.br\/blog\/dicas-e-curiosidades\/movimento-estudantil\/\",\"name\":\"Movimento Estudantil: entenda o que \u00e9 e como se organiza\",\"isPartOf\":{\"@id\":\"https:\/\/vaidebolsa.com.br\/blog\/#website\"},\"primaryImageOfPage\":{\"@id\":\"https:\/\/vaidebolsa.com.br\/blog\/dicas-e-curiosidades\/movimento-estudantil\/#primaryimage\"},\"image\":{\"@id\":\"https:\/\/vaidebolsa.com.br\/blog\/dicas-e-curiosidades\/movimento-estudantil\/#primaryimage\"},\"thumbnailUrl\":\"https:\/\/vaidebolsa.com.br\/blog\/wp-content\/uploads\/2019\/11\/movimento-estudantil-1.jpg\",\"datePublished\":\"2019-11-12T17:26:09+00:00\",\"dateModified\":\"2023-10-10T14:19:41+00:00\",\"description\":\"Conhe\u00e7a a hist\u00f3ria do movimento estudantil, entenda a participa\u00e7\u00e3o na luta contra a Ditadura Militar como est\u00e1 o movimento estudantil hoje.\",\"breadcrumb\":{\"@id\":\"https:\/\/vaidebolsa.com.br\/blog\/dicas-e-curiosidades\/movimento-estudantil\/#breadcrumb\"},\"inLanguage\":\"pt-BR\",\"potentialAction\":[{\"@type\":\"ReadAction\",\"target\":[\"https:\/\/vaidebolsa.com.br\/blog\/dicas-e-curiosidades\/movimento-estudantil\/\"]}]},{\"@type\":\"ImageObject\",\"inLanguage\":\"pt-BR\",\"@id\":\"https:\/\/vaidebolsa.com.br\/blog\/dicas-e-curiosidades\/movimento-estudantil\/#primaryimage\",\"url\":\"https:\/\/vaidebolsa.com.br\/blog\/wp-content\/uploads\/2019\/11\/movimento-estudantil-1.jpg\",\"contentUrl\":\"https:\/\/vaidebolsa.com.br\/blog\/wp-content\/uploads\/2019\/11\/movimento-estudantil-1.jpg\",\"width\":1280,\"height\":628,\"caption\":\"Movimento Estudantil\"},{\"@type\":\"BreadcrumbList\",\"@id\":\"https:\/\/vaidebolsa.com.br\/blog\/dicas-e-curiosidades\/movimento-estudantil\/#breadcrumb\",\"itemListElement\":[{\"@type\":\"ListItem\",\"position\":1,\"name\":\"Home\",\"item\":\"https:\/\/vaidebolsa.com.br\/blog\/\"},{\"@type\":\"ListItem\",\"position\":2,\"name\":\"Movimento Estudantil: entenda o que \u00e9 e como se organiza\"}]},{\"@type\":\"WebSite\",\"@id\":\"https:\/\/vaidebolsa.com.br\/blog\/#website\",\"url\":\"https:\/\/vaidebolsa.com.br\/blog\/\",\"name\":\"Vai de Bolsa\",\"description\":\"Vai de Bolsa: Bolsas de Estudo com at\u00e9 70% de Desconto!\",\"publisher\":{\"@id\":\"https:\/\/vaidebolsa.com.br\/blog\/#organization\"},\"potentialAction\":[{\"@type\":\"SearchAction\",\"target\":{\"@type\":\"EntryPoint\",\"urlTemplate\":\"https:\/\/vaidebolsa.com.br\/blog\/?s={search_term_string}\"},\"query-input\":{\"@type\":\"PropertyValueSpecification\",\"valueRequired\":true,\"valueName\":\"search_term_string\"}}],\"inLanguage\":\"pt-BR\"},{\"@type\":\"Organization\",\"@id\":\"https:\/\/vaidebolsa.com.br\/blog\/#organization\",\"name\":\"Vai de Bolsa\",\"url\":\"https:\/\/vaidebolsa.com.br\/blog\/\",\"logo\":{\"@type\":\"ImageObject\",\"inLanguage\":\"pt-BR\",\"@id\":\"https:\/\/vaidebolsa.com.br\/blog\/#\/schema\/logo\/image\/\",\"url\":\"https:\/\/vaidebolsa.com.br\/blog\/wp-content\/uploads\/2022\/03\/Logo-Vai-de-Bolsa-cor-e1648649224262.png\",\"contentUrl\":\"https:\/\/vaidebolsa.com.br\/blog\/wp-content\/uploads\/2022\/03\/Logo-Vai-de-Bolsa-cor-e1648649224262.png\",\"width\":180,\"height\":90,\"caption\":\"Vai de Bolsa\"},\"image\":{\"@id\":\"https:\/\/vaidebolsa.com.br\/blog\/#\/schema\/logo\/image\/\"},\"sameAs\":[\"https:\/\/www.facebook.com\/vdbeducacional\",\"https:\/\/www.instagram.com\/vaidebolsa_\/\"]},{\"@type\":\"Person\",\"@id\":\"https:\/\/vaidebolsa.com.br\/blog\/#\/schema\/person\/66c9e3f3a84ba9e04deec23f2938a105\",\"name\":\"Natalia Pereira\",\"image\":{\"@type\":\"ImageObject\",\"inLanguage\":\"pt-BR\",\"@id\":\"https:\/\/vaidebolsa.com.br\/blog\/#\/schema\/person\/image\/\",\"url\":\"http:\/\/0.gravatar.com\/avatar\/f1ab57fb53849c617df1cb34eb8ae2d8?s=96&d=mm&r=g\",\"contentUrl\":\"http:\/\/0.gravatar.com\/avatar\/f1ab57fb53849c617df1cb34eb8ae2d8?s=96&d=mm&r=g\",\"caption\":\"Natalia Pereira\"},\"description\":\"Formada em Publicidade e Propaganda com bolsa de estudos, Nat\u00e1lia Pereira passou por todos os dilemas que envolvem a vida de um jovem que est\u00e1 prestes a sair do ensino m\u00e9dio e se depara com o desafio de entrar em uma boa faculdade pagando pouco. Hoje, aos 23 anos, atua como Analista de Marketing e escreve sobre educa\u00e7\u00e3o no Vai de Bolsa.\",\"url\":\"https:\/\/vaidebolsa.com.br\/blog\/author\/natalia\/\"}]}<\/script>\n<!-- \/ Yoast SEO plugin. -->","yoast_head_json":{"title":"Movimento Estudantil: entenda o que \u00e9 e como se organiza","description":"Conhe\u00e7a a hist\u00f3ria do movimento estudantil, entenda a participa\u00e7\u00e3o na luta contra a Ditadura Militar como est\u00e1 o movimento estudantil hoje.","robots":{"index":"index","follow":"follow","max-snippet":"max-snippet:-1","max-image-preview":"max-image-preview:large","max-video-preview":"max-video-preview:-1"},"canonical":"https:\/\/vaidebolsa.com.br\/blog\/dicas-e-curiosidades\/movimento-estudantil\/","og_locale":"pt_BR","og_type":"article","og_title":"Movimento Estudantil: entenda o que \u00e9 e como se organiza","og_description":"Conhe\u00e7a a hist\u00f3ria do movimento estudantil, entenda a participa\u00e7\u00e3o na luta contra a Ditadura Militar como est\u00e1 o movimento estudantil hoje.","og_url":"https:\/\/vaidebolsa.com.br\/blog\/dicas-e-curiosidades\/movimento-estudantil\/","og_site_name":"Vai de Bolsa","article_publisher":"https:\/\/www.facebook.com\/vdbeducacional","article_published_time":"2019-11-12T17:26:09+00:00","article_modified_time":"2023-10-10T14:19:41+00:00","og_image":[{"width":1280,"height":628,"url":"https:\/\/vaidebolsa.com.br\/blog\/wp-content\/uploads\/2019\/11\/movimento-estudantil-1.jpg","type":"image\/jpeg"}],"author":"Natalia Pereira","twitter_card":"summary_large_image","twitter_misc":{"Escrito por":"Natalia Pereira","Est. tempo de leitura":"11 minutos"},"schema":{"@context":"https:\/\/schema.org","@graph":[{"@type":"Article","@id":"https:\/\/vaidebolsa.com.br\/blog\/dicas-e-curiosidades\/movimento-estudantil\/#article","isPartOf":{"@id":"https:\/\/vaidebolsa.com.br\/blog\/dicas-e-curiosidades\/movimento-estudantil\/"},"author":{"name":"Natalia Pereira","@id":"https:\/\/vaidebolsa.com.br\/blog\/#\/schema\/person\/66c9e3f3a84ba9e04deec23f2938a105"},"headline":"Movimento Estudantil: entenda o que \u00e9 e como se organiza","datePublished":"2019-11-12T17:26:09+00:00","dateModified":"2023-10-10T14:19:41+00:00","mainEntityOfPage":{"@id":"https:\/\/vaidebolsa.com.br\/blog\/dicas-e-curiosidades\/movimento-estudantil\/"},"wordCount":2364,"commentCount":0,"publisher":{"@id":"https:\/\/vaidebolsa.com.br\/blog\/#organization"},"image":{"@id":"https:\/\/vaidebolsa.com.br\/blog\/dicas-e-curiosidades\/movimento-estudantil\/#primaryimage"},"thumbnailUrl":"https:\/\/vaidebolsa.com.br\/blog\/wp-content\/uploads\/2019\/11\/movimento-estudantil-1.jpg","articleSection":["Dicas e Curiosidades"],"inLanguage":"pt-BR","potentialAction":[{"@type":"CommentAction","name":"Comment","target":["https:\/\/vaidebolsa.com.br\/blog\/dicas-e-curiosidades\/movimento-estudantil\/#respond"]}]},{"@type":"WebPage","@id":"https:\/\/vaidebolsa.com.br\/blog\/dicas-e-curiosidades\/movimento-estudantil\/","url":"https:\/\/vaidebolsa.com.br\/blog\/dicas-e-curiosidades\/movimento-estudantil\/","name":"Movimento Estudantil: entenda o que \u00e9 e como se organiza","isPartOf":{"@id":"https:\/\/vaidebolsa.com.br\/blog\/#website"},"primaryImageOfPage":{"@id":"https:\/\/vaidebolsa.com.br\/blog\/dicas-e-curiosidades\/movimento-estudantil\/#primaryimage"},"image":{"@id":"https:\/\/vaidebolsa.com.br\/blog\/dicas-e-curiosidades\/movimento-estudantil\/#primaryimage"},"thumbnailUrl":"https:\/\/vaidebolsa.com.br\/blog\/wp-content\/uploads\/2019\/11\/movimento-estudantil-1.jpg","datePublished":"2019-11-12T17:26:09+00:00","dateModified":"2023-10-10T14:19:41+00:00","description":"Conhe\u00e7a a hist\u00f3ria do movimento estudantil, entenda a participa\u00e7\u00e3o na luta contra a Ditadura Militar como est\u00e1 o movimento estudantil hoje.","breadcrumb":{"@id":"https:\/\/vaidebolsa.com.br\/blog\/dicas-e-curiosidades\/movimento-estudantil\/#breadcrumb"},"inLanguage":"pt-BR","potentialAction":[{"@type":"ReadAction","target":["https:\/\/vaidebolsa.com.br\/blog\/dicas-e-curiosidades\/movimento-estudantil\/"]}]},{"@type":"ImageObject","inLanguage":"pt-BR","@id":"https:\/\/vaidebolsa.com.br\/blog\/dicas-e-curiosidades\/movimento-estudantil\/#primaryimage","url":"https:\/\/vaidebolsa.com.br\/blog\/wp-content\/uploads\/2019\/11\/movimento-estudantil-1.jpg","contentUrl":"https:\/\/vaidebolsa.com.br\/blog\/wp-content\/uploads\/2019\/11\/movimento-estudantil-1.jpg","width":1280,"height":628,"caption":"Movimento Estudantil"},{"@type":"BreadcrumbList","@id":"https:\/\/vaidebolsa.com.br\/blog\/dicas-e-curiosidades\/movimento-estudantil\/#breadcrumb","itemListElement":[{"@type":"ListItem","position":1,"name":"Home","item":"https:\/\/vaidebolsa.com.br\/blog\/"},{"@type":"ListItem","position":2,"name":"Movimento Estudantil: entenda o que \u00e9 e como se organiza"}]},{"@type":"WebSite","@id":"https:\/\/vaidebolsa.com.br\/blog\/#website","url":"https:\/\/vaidebolsa.com.br\/blog\/","name":"Vai de Bolsa","description":"Vai de Bolsa: Bolsas de Estudo com at\u00e9 70% de Desconto!","publisher":{"@id":"https:\/\/vaidebolsa.com.br\/blog\/#organization"},"potentialAction":[{"@type":"SearchAction","target":{"@type":"EntryPoint","urlTemplate":"https:\/\/vaidebolsa.com.br\/blog\/?s={search_term_string}"},"query-input":{"@type":"PropertyValueSpecification","valueRequired":true,"valueName":"search_term_string"}}],"inLanguage":"pt-BR"},{"@type":"Organization","@id":"https:\/\/vaidebolsa.com.br\/blog\/#organization","name":"Vai de Bolsa","url":"https:\/\/vaidebolsa.com.br\/blog\/","logo":{"@type":"ImageObject","inLanguage":"pt-BR","@id":"https:\/\/vaidebolsa.com.br\/blog\/#\/schema\/logo\/image\/","url":"https:\/\/vaidebolsa.com.br\/blog\/wp-content\/uploads\/2022\/03\/Logo-Vai-de-Bolsa-cor-e1648649224262.png","contentUrl":"https:\/\/vaidebolsa.com.br\/blog\/wp-content\/uploads\/2022\/03\/Logo-Vai-de-Bolsa-cor-e1648649224262.png","width":180,"height":90,"caption":"Vai de Bolsa"},"image":{"@id":"https:\/\/vaidebolsa.com.br\/blog\/#\/schema\/logo\/image\/"},"sameAs":["https:\/\/www.facebook.com\/vdbeducacional","https:\/\/www.instagram.com\/vaidebolsa_\/"]},{"@type":"Person","@id":"https:\/\/vaidebolsa.com.br\/blog\/#\/schema\/person\/66c9e3f3a84ba9e04deec23f2938a105","name":"Natalia Pereira","image":{"@type":"ImageObject","inLanguage":"pt-BR","@id":"https:\/\/vaidebolsa.com.br\/blog\/#\/schema\/person\/image\/","url":"http:\/\/0.gravatar.com\/avatar\/f1ab57fb53849c617df1cb34eb8ae2d8?s=96&d=mm&r=g","contentUrl":"http:\/\/0.gravatar.com\/avatar\/f1ab57fb53849c617df1cb34eb8ae2d8?s=96&d=mm&r=g","caption":"Natalia Pereira"},"description":"Formada em Publicidade e Propaganda com bolsa de estudos, Nat\u00e1lia Pereira passou por todos os dilemas que envolvem a vida de um jovem que est\u00e1 prestes a sair do ensino m\u00e9dio e se depara com o desafio de entrar em uma boa faculdade pagando pouco. Hoje, aos 23 anos, atua como Analista de Marketing e escreve sobre educa\u00e7\u00e3o no Vai de Bolsa.","url":"https:\/\/vaidebolsa.com.br\/blog\/author\/natalia\/"}]}},"_links":{"self":[{"href":"https:\/\/vaidebolsa.com.br\/blog\/wp-json\/wp\/v2\/posts\/3881"}],"collection":[{"href":"https:\/\/vaidebolsa.com.br\/blog\/wp-json\/wp\/v2\/posts"}],"about":[{"href":"https:\/\/vaidebolsa.com.br\/blog\/wp-json\/wp\/v2\/types\/post"}],"author":[{"embeddable":true,"href":"https:\/\/vaidebolsa.com.br\/blog\/wp-json\/wp\/v2\/users\/67"}],"replies":[{"embeddable":true,"href":"https:\/\/vaidebolsa.com.br\/blog\/wp-json\/wp\/v2\/comments?post=3881"}],"version-history":[{"count":3,"href":"https:\/\/vaidebolsa.com.br\/blog\/wp-json\/wp\/v2\/posts\/3881\/revisions"}],"predecessor-version":[{"id":17181323139,"href":"https:\/\/vaidebolsa.com.br\/blog\/wp-json\/wp\/v2\/posts\/3881\/revisions\/17181323139"}],"wp:featuredmedia":[{"embeddable":true,"href":"https:\/\/vaidebolsa.com.br\/blog\/wp-json\/wp\/v2\/media\/17181318709"}],"wp:attachment":[{"href":"https:\/\/vaidebolsa.com.br\/blog\/wp-json\/wp\/v2\/media?parent=3881"}],"wp:term":[{"taxonomy":"category","embeddable":true,"href":"https:\/\/vaidebolsa.com.br\/blog\/wp-json\/wp\/v2\/categories?post=3881"},{"taxonomy":"post_tag","embeddable":true,"href":"https:\/\/vaidebolsa.com.br\/blog\/wp-json\/wp\/v2\/tags?post=3881"}],"curies":[{"name":"wp","href":"https:\/\/api.w.org\/{rel}","templated":true}]}}