{"id":3890,"date":"2019-11-17T07:55:20","date_gmt":"2019-11-17T10:55:20","guid":{"rendered":"https:\/\/vaidebolsa.com.br\/?p=3890"},"modified":"2023-08-14T15:56:53","modified_gmt":"2023-08-14T18:56:53","slug":"como-e-o-curso-de-gestao-ambiental","status":"publish","type":"post","link":"https:\/\/vaidebolsa.com.br\/blog\/graduacao\/como-e-o-curso-de-gestao-ambiental\/","title":{"rendered":"Como \u00e9 o curso e o mercado de trabalho de Gest\u00e3o Ambiental"},"content":{"rendered":"<p>Se voc\u00ea \u00e9 superligado em quest\u00f5es ambientais e quer trabalhar em uma \u00e1rea que ajude na sustentabilidade e preserva\u00e7\u00e3o do meio ambiente. Ent\u00e3o, o curso de Gest\u00e3o Ambiental foi feito para voc\u00ea.<\/p>\n<p>Saiba que o\u00a0profissional da \u00e1rea pode atuar na cidade, no campo e tamb\u00e9m em \u00e1reas florestais degradadas e pode realizar programas de reciclagem e educa\u00e7\u00e3o ambiental. Al\u00e9m disso, ainda trabalha analisando o impacto que o ser humano causa no solo, na \u00e1gua e no ar.<\/p>\n<p>Entenda com mais detalhes sobre como \u00e9 o curso de Gest\u00e3o Ambiental, quais as \u00e1reas de atua\u00e7\u00e3o para o profissional.<\/p>\n<h2>Como \u00e9 o Curso de Gest\u00e3o Ambiental?<\/h2>\n<p>Durante o curso, o estudante aprender\u00e1 mais sobre a rela\u00e7\u00e3o do homem com o meio ambiente, a natureza, seus recursos e os problemas que a afetam. O objetivo \u00e9 capacitar o estudante a integrar e gerenciar projetos nas \u00e1reas urbanas, rurais e na ind\u00fastria.<\/p>\n<p>O profissional poder\u00e1 atuar na realiza\u00e7\u00e3o de diagn\u00f3sticos, fiscaliza\u00e7\u00e3o e avalia\u00e7\u00e3o de impactos ambientais. Sua principal fun\u00e7\u00e3o \u00e9 garantir o uso racional de recursos naturais, com o objetivo de preservar a biodiversidade. A \u00e1rea de atua\u00e7\u00e3o \u00e9 ampla e existe mercado para se trabalhar em consultorias ambientais, ONGs, propriedades rurais, \u00f3rg\u00e3os p\u00fablicos e institutos de pesquisa.<\/p>\n<p>O curso \u00e9 totalmente ligado \u00e1 \u00e1rea da ecologia e forma profissionais aptos a atuar com preserva\u00e7\u00e3o ambiental, sustentabilidade no uso dos recursos naturais, entre outros. Hoje, no Brasil, n\u00e3o existem muitas universidades que ofertam o curso de Gest\u00e3o Ambiental.<\/p>\n<p>Algumas institui\u00e7\u00f5es contam com aulas relacionadas \u00e0 a\u00e7\u00f5es de prote\u00e7\u00e3o e preserva\u00e7\u00e3o animal e ambiental, seguran\u00e7a de pessoas e comunidades, controle e avalia\u00e7\u00e3o de riscos e tamb\u00e9m com programas de educa\u00e7\u00e3o ambiental.<\/p>\n<h3>Como \u00e9 o curso de Gest\u00e3o Ambiental &#8211; Bacharelado<\/h3>\n<p>O curso dura em m\u00e9dia quatro anos e a grade curricular conta com aulas relacionadas a ci\u00eancias da natureza, com mat\u00e9rias como f\u00edsica, qu\u00edmica, biologia, meteorologia e geologia. Al\u00e9m de ter tamb\u00e9m mat\u00e9rias relacionadas \u00e0 Ci\u00eancias Humanas, Administra\u00e7\u00e3o e mat\u00e9rias espec\u00edficas.<\/p>\n<p>\u00c9 comum encontrar as mat\u00e9rias abaixo no curso:<\/p>\n<ul>\n<li>An\u00e1lise de Riscos Ambientais Industriais;<\/li>\n<li>Aspectos Socioambientais Regionais;<\/li>\n<li>Atividades Complementares;<\/li>\n<li>Avalia\u00e7\u00e3o de Aspectos e Impactos Ambientais;<\/li>\n<li>Certifica\u00e7\u00e3o e Auditoria Ambiental;<\/li>\n<li>Comunica\u00e7\u00e3o Empresarial;<\/li>\n<li>Controle de Par\u00e2metros Ambientais Industriais;<\/li>\n<li>Desenvolvimento Pessoal e Profissional;<\/li>\n<li>Ecologia;<\/li>\n<li>Ecoturismo;<\/li>\n<li>Educa\u00e7\u00e3o Ambiental;<\/li>\n<li>\u00c9tica e Cidadania na Administra\u00e7\u00e3o Ambiental;<\/li>\n<li>Geoprocessamento;<\/li>\n<li>Gest\u00e3o de Recursos Energ\u00e9ticos;<\/li>\n<li>Gest\u00e3o de Recursos Naturais;<\/li>\n<li>Gest\u00e3o de Res\u00edduos S\u00f3lidos, Efluentes e Emiss\u00f5es;<\/li>\n<li>Gest\u00e3o de Riscos Ambientais;<\/li>\n<li>Instrumentos de Gest\u00e3o Ambiental;<\/li>\n<li>Legisla\u00e7\u00e3o Ambiental;<\/li>\n<li>Monitoramento de Efluentes Atmosf\u00e9ricos;<\/li>\n<li>Monitoramento e Tratamento de \u00c1gua e Efluentes L\u00edquidos;<\/li>\n<li>Monitoramento e Tratamento de Res\u00edduos S\u00f3lidos;<\/li>\n<li>Planejamento Ambiental;<\/li>\n<li>Projeto Multidisciplinar de Autoaprendizagem;<\/li>\n<li>Qu\u00edmica Ambiental;<\/li>\n<li>Recupera\u00e7\u00e3o de \u00c1reas Degradadas;<\/li>\n<li>Responsabilidade Social e Meio Ambiente;<\/li>\n<li>Sistema de Gest\u00e3o Ambiental;<\/li>\n<li>Sistema Integrado de Gest\u00e3o;<\/li>\n<li>T\u00e9cnicas e an\u00e1lise de solo, \u00e1gua e ar;<\/li>\n<li>Viabilidade Econ\u00f4mica dos Investimentos Ambientais.<\/li>\n<\/ul>\n<p>Algumas institui\u00e7\u00f5es, como a USP, nos campos de S\u00e3o Paulo e Piracicaba (Esalq), exigem a entrega de uma monografia e a realiza\u00e7\u00e3o do est\u00e1gio obrigat\u00f3rio para a conclus\u00e3o do curso.<\/p>\n<h3>Como \u00e9 o curso de Gest\u00e3o Ambiental &#8211; Tecn\u00f3logo<\/h3>\n<p>Agora que voc\u00ea j\u00e1 conhece um pouco mais sobre como \u00e9 o curso de Gest\u00e3o Ambiental, na modalidade bacharelado, entenda mais sobre o curso na modalidade tecnol\u00f3gico.<\/p>\n<p>Com uma dura\u00e7\u00e3o m\u00e9dia de dois anos, o curso pode ser amplo ou espec\u00edfico. Algumas institui\u00e7\u00f5es, como a Furg no Rio Grande do Sul (RS), possuem cursos espec\u00edficos, como o curso de Toxicologia Ambiental, que estuda m\u00e9todos e t\u00e9cnicas de an\u00e1lise toxicol\u00f3gica de subst\u00e2ncias. A Fatec Jacare\u00ed e a Fatec Jahu do Estado de S\u00e3o Paulo, por exemplo, possuem foco na \u00e1rea h\u00eddrica. J\u00e1 o curso da Unicamp, em Limeira, \u00e9 voltado para controle ambiental.<\/p>\n<p>No curso \u00e9 poss\u00edvel encontrar mat\u00e9rias te\u00f3ricas, como ecologia, educa\u00e7\u00e3o ambiental, saneamento e planejamento urbano. Mas, uma boa parte das aulas s\u00e3o pr\u00e1ticas, em laborat\u00f3rios de f\u00edsica, qu\u00edmica e biologia. Durante os estudos, o aluno aprende a analisar problemas ambientais e a desenvolver projetos com o foco em recuperar ambientes degradados.<\/p>\n<p>Normalmente, as institui\u00e7\u00f5es t\u00eam como obrigatoriedade o Trabalho de Conclus\u00e3o de Curso (TCC) e o est\u00e1gio como itens obrigat\u00f3rios para a conclus\u00e3o.<\/p>\n<h3>Onde estudar Gest\u00e3o Ambiental<\/h3>\n<p>O curso de Gest\u00e3o Ambiental pode ser encontrado tanto na modalidade presencial como no Ensino \u00e0 Dist\u00e2ncia (EaD). S\u00e3o mais de 250 institui\u00e7\u00f5es que oferecem o curso, autorizadas pelo Minist\u00e9rio da Educa\u00e7\u00e3o (MEC). Os cursos de bacharelado s\u00e3o encontrados apenas nas redes p\u00fablicas, enquanto que o curso tecnol\u00f3gico pode ser encontrado em diversas universidades particulares, inclusive no Ensino \u00e0 Dist\u00e2ncia.<\/p>\n<p>Confira abaixo uma lista de institui\u00e7\u00f5es que oferecem o curso:<\/p>\n<p><b>Faculdades particulares de Gest\u00e3o Ambiental<\/b><\/p>\n<ul>\n<li>Universidade Est\u00e1cio;<\/li>\n<li>Universidade Norte do Paran\u00e1 (UNOPAR);<\/li>\n<li>Universidade Luterana Brasileira (ULBRA);<\/li>\n<li>Universidade Paulista (UNIP);<\/li>\n<li>Centro Educacional Anhanguera (ANHANGUERA).<\/li>\n<\/ul>\n<p><b>Faculdades p\u00fablicas de Gest\u00e3o Ambienta<\/b><\/p>\n<ul>\n<li>Universidade Escola Superior de Agricultura Luiz de Queiroz (USP\/Esalq);<\/li>\n<li>Universidade de Bras\u00edlia (UNB);<\/li>\n<li>Universidade de S\u00e3o Paulo (USP);<\/li>\n<li>Universidade Federal do Paran\u00e1 (UFPR);<\/li>\n<li>Universidade Federal do Oeste do Par\u00e1 (UFOPA);<\/li>\n<li>Universidade do Estado do Rio Grande do Norte (UERN).<\/li>\n<\/ul>\n<h2>Mercado de trabalho<\/h2>\n<p>Os estudantes que se formam em Gest\u00e3o Ambiental costumam ter uma boa perspectiva de futuro. Isso porque a \u00e1rea ambiental tem de destacado como uma das\u00a0<a href=\"https:\/\/www.fea.usp.br\/programa-de-estudos-do-futuro-profuturo\" target=\"_blank\" rel=\"noopener\">mais promissoras at\u00e9 2020,<\/a> segundo pesquisa realizada pelo Programa de Estudos do Futuro da FIA (Funda\u00e7\u00e3o Instituto de Administra\u00e7\u00e3o), de S\u00e3o Paulo.<\/p>\n<p>As oportunidades de trabalho no setor privado e tamb\u00e9m em fazendas, agroneg\u00f3cio e cooperativas tendem a crescer com as mudan\u00e7as que podemos ver em nossa sociedade. Hoje em dia, as empresas e industrias s\u00e3o amplamente cobradas pelo impacto ambiental que causam. Dessa forma, cada dia mais as industrias est\u00e3o buscando profissionais qualificados para garantir a preserva\u00e7\u00e3o e trabalhar com foco em sustentabilidade. Existem leis brasileiras que obrigam as empresas a cuidar de seus res\u00edduos.<\/p>\n<p>No meio p\u00fablico, os profissionais encontram oportunidades para para participar da defini\u00e7\u00e3o, implanta\u00e7\u00e3o e fiscaliza\u00e7\u00e3o de pol\u00edticas p\u00fablicas e podem trabalhar em secretarias de meio ambiente e tamb\u00e9m em obras.<\/p>\n<p>No setor industrial observa-se uma maior concentra\u00e7\u00e3o de oportunidades nos estados do Sul e Sudeste do Brasil. \u00c1reas como Amaz\u00f4nia, Norte, Centro-Oeste e Cerrado, tamb\u00e9m apresentam oportunidades pois s\u00e3o \u00e1reas onde a preserva\u00e7\u00e3o ambiental est\u00e1 mais em foco.<\/p>\n<h3>O perfil do Gestor Ambiental<\/h3>\n<p>O estudante de Gest\u00e3o Ambiental deve ser uma pessoa, acima de tudo, \u00e9tica. Al\u00e9m disso, deve ser solid\u00e1rio, com um vasto respeito \u00e0 natureza, deve possuir vis\u00e3o sist\u00eamica e ser uma pessoa com bastante autonomia. Conhecimentos mais espec\u00edficos, como legisla\u00e7\u00e3o ambiental s\u00e3o muito importantes para que o profissional tenha um bom desempenho na carreira.<\/p>\n<p>Saber trabalhar em equipe tamb\u00e9m \u00e9 muito importante, pois normalmente este profissional atua com equipes multidisciplinares.<\/p>\n<p>\u00c9 poss\u00edvel encontrar o profissional da \u00e1rea de Gest\u00e3o Ambiental atuando e diversas \u00e1reas e fun\u00e7\u00f5es, como:<\/p>\n<ul>\n<li><b>\u00c1rea acad\u00eamica:<\/b>\u00a0na \u00e1rea acad\u00eamica o profissional pode atuar como professor ou pesquisador em universidades e institutos de educa\u00e7\u00e3o;<\/li>\n<li><b>Consultoria:<\/b>\u00a0o profissional tamb\u00e9m pode ter um trabalho aut\u00f4nomo, realizando trabalhos e pesquisas de forma independente para empresas;<\/li>\n<li><b>Certifica\u00e7\u00e3o:<\/b>\u00a0entendendo os processos de certifica\u00e7\u00e3o ambiental e adequando a empresa ou ind\u00fastria a essas regras;<\/li>\n<li><b>Recupera\u00e7\u00e3o de \u00e1reas degradadas:<\/b>\u00a0o profissional pode atuar em projetos para reverter danos ambientais em \u00e1reas polu\u00eddas ou desmatadas;<\/li>\n<li><b>Extra\u00e7\u00e3o de recursos naturais:<\/b>\u00a0em empresas de explora\u00e7\u00e3o de min\u00e9rios ou petr\u00f3leo. Atua tamb\u00e9m\u00a0 na recupera\u00e7\u00e3o dos ecossistemas impactados pela extra\u00e7\u00e3o dos recursos.<\/li>\n<\/ul>\n<p>Ainda est\u00e1 na d\u00favida se o curso de Gest\u00e3o Ambiental \u00e9 para voc\u00ea, mas tem certeza que quer focar na \u00e1rea ambiental? Ent\u00e3o acesse nosso conte\u00fado sobre <a href=\"https:\/\/vaidebolsa.com.br\/cursos-ligados-ao-meio-ambiente\/\" target=\"_blank\" rel=\"noopener\">10 cursos ligados ao meio ambiente<\/a>. Tamb\u00e9m temos uma lista com <a href=\"https:\/\/vaidebolsa.com.br\/profissoes-para-quem-gosta-de-trabalhar-ao-ar-livre\/\" target=\"_blank\" rel=\"noopener\">profiss\u00f5es para quem quer trabalhar ao ar livre<\/a>.<\/p>\n","protected":false},"excerpt":{"rendered":"<p>Se voc\u00ea \u00e9 superligado em quest\u00f5es ambientais e quer trabalhar em uma \u00e1rea que ajude na sustentabilidade e preserva\u00e7\u00e3o do meio ambiente. Ent\u00e3o, o curso de Gest\u00e3o Ambiental foi feito para voc\u00ea. Saiba que o\u00a0profissional da \u00e1rea pode atuar na cidade, no campo e tamb\u00e9m em \u00e1reas florestais degradadas e pode realizar programas de reciclagem [&hellip;]<\/p>\n","protected":false},"author":67,"featured_media":0,"comment_status":"open","ping_status":"open","sticky":false,"template":"","format":"standard","meta":{"om_disable_all_campaigns":false,"site-sidebar-layout":"default","site-content-layout":"","ast-site-content-layout":"","site-content-style":"default","site-sidebar-style":"default","ast-global-header-display":"","ast-banner-title-visibility":"","ast-main-header-display":"","ast-hfb-above-header-display":"","ast-hfb-below-header-display":"","ast-hfb-mobile-header-display":"","site-post-title":"","ast-breadcrumbs-content":"","ast-featured-img":"","footer-sml-layout":"","theme-transparent-header-meta":"","adv-header-id-meta":"","stick-header-meta":"","header-above-stick-meta":"","header-main-stick-meta":"","header-below-stick-meta":"","astra-migrate-meta-layouts":"default","ast-page-background-enabled":"default","ast-page-background-meta":{"desktop":{"background-color":"var(--ast-global-color-4)","background-image":"","background-repeat":"repeat","background-position":"center center","background-size":"auto","background-attachment":"scroll","background-type":"","background-media":"","overlay-type":"","overlay-color":"","overlay-opacity":"","overlay-gradient":""},"tablet":{"background-color":"","background-image":"","background-repeat":"repeat","background-position":"center center","background-size":"auto","background-attachment":"scroll","background-type":"","background-media":"","overlay-type":"","overlay-color":"","overlay-opacity":"","overlay-gradient":""},"mobile":{"background-color":"","background-image":"","background-repeat":"repeat","background-position":"center center","background-size":"auto","background-attachment":"scroll","background-type":"","background-media":"","overlay-type":"","overlay-color":"","overlay-opacity":"","overlay-gradient":""}},"ast-content-background-meta":{"desktop":{"background-color":"var(--ast-global-color-5)","background-image":"","background-repeat":"repeat","background-position":"center center","background-size":"auto","background-attachment":"scroll","background-type":"","background-media":"","overlay-type":"","overlay-color":"","overlay-opacity":"","overlay-gradient":""},"tablet":{"background-color":"var(--ast-global-color-5)","background-image":"","background-repeat":"repeat","background-position":"center center","background-size":"auto","background-attachment":"scroll","background-type":"","background-media":"","overlay-type":"","overlay-color":"","overlay-opacity":"","overlay-gradient":""},"mobile":{"background-color":"var(--ast-global-color-5)","background-image":"","background-repeat":"repeat","background-position":"center center","background-size":"auto","background-attachment":"scroll","background-type":"","background-media":"","overlay-type":"","overlay-color":"","overlay-opacity":"","overlay-gradient":""}},"_themeisle_gutenberg_block_has_review":false,"footnotes":""},"categories":[49],"tags":[],"class_list":["post-3890","post","type-post","status-publish","format-standard","hentry","category-graduacao"],"yoast_head":"<!-- This site is optimized with the Yoast SEO plugin v23.4 - https:\/\/yoast.com\/wordpress\/plugins\/seo\/ -->\n<title>Como \u00e9 o curso de Gest\u00e3o ambiental e mercado de trabalho - Vai de Bolsa<\/title>\n<meta name=\"description\" content=\"Voc\u00ea \u00e9 uma pessoa muito ligada ao meio ambiente e quer saber mais sobre como \u00e9 o curso de Gest\u00e3o Ambiental? Ent\u00e3o voc\u00ea est\u00e1 no lugar certo. Acesse e confira\" \/>\n<meta name=\"robots\" content=\"index, follow, max-snippet:-1, max-image-preview:large, max-video-preview:-1\" \/>\n<link rel=\"canonical\" href=\"https:\/\/vaidebolsa.com.br\/blog\/graduacao\/como-e-o-curso-de-gestao-ambiental\/\" \/>\n<meta property=\"og:locale\" content=\"pt_BR\" \/>\n<meta property=\"og:type\" content=\"article\" \/>\n<meta property=\"og:title\" content=\"Como \u00e9 o curso de Gest\u00e3o ambiental e mercado de trabalho - Vai de Bolsa\" \/>\n<meta property=\"og:description\" content=\"Voc\u00ea \u00e9 uma pessoa muito ligada ao meio ambiente e quer saber mais sobre como \u00e9 o curso de Gest\u00e3o Ambiental? Ent\u00e3o voc\u00ea est\u00e1 no lugar certo. Acesse e confira\" \/>\n<meta property=\"og:url\" content=\"https:\/\/vaidebolsa.com.br\/blog\/graduacao\/como-e-o-curso-de-gestao-ambiental\/\" \/>\n<meta property=\"og:site_name\" content=\"Vai de Bolsa\" \/>\n<meta property=\"article:publisher\" content=\"https:\/\/www.facebook.com\/vdbeducacional\" \/>\n<meta property=\"article:published_time\" content=\"2019-11-17T10:55:20+00:00\" \/>\n<meta property=\"article:modified_time\" content=\"2023-08-14T18:56:53+00:00\" \/>\n<meta name=\"author\" content=\"Natalia Pereira\" \/>\n<meta name=\"twitter:card\" content=\"summary_large_image\" \/>\n<meta name=\"twitter:label1\" content=\"Escrito por\" \/>\n\t<meta name=\"twitter:data1\" content=\"Natalia Pereira\" \/>\n\t<meta name=\"twitter:label2\" content=\"Est. tempo de leitura\" \/>\n\t<meta name=\"twitter:data2\" content=\"7 minutos\" \/>\n<script type=\"application\/ld+json\" class=\"yoast-schema-graph\">{\"@context\":\"https:\/\/schema.org\",\"@graph\":[{\"@type\":\"Article\",\"@id\":\"https:\/\/vaidebolsa.com.br\/blog\/graduacao\/como-e-o-curso-de-gestao-ambiental\/#article\",\"isPartOf\":{\"@id\":\"https:\/\/vaidebolsa.com.br\/blog\/graduacao\/como-e-o-curso-de-gestao-ambiental\/\"},\"author\":{\"name\":\"Natalia Pereira\",\"@id\":\"https:\/\/vaidebolsa.com.br\/blog\/#\/schema\/person\/66c9e3f3a84ba9e04deec23f2938a105\"},\"headline\":\"Como \u00e9 o curso e o mercado de trabalho de Gest\u00e3o Ambiental\",\"datePublished\":\"2019-11-17T10:55:20+00:00\",\"dateModified\":\"2023-08-14T18:56:53+00:00\",\"mainEntityOfPage\":{\"@id\":\"https:\/\/vaidebolsa.com.br\/blog\/graduacao\/como-e-o-curso-de-gestao-ambiental\/\"},\"wordCount\":1413,\"commentCount\":0,\"publisher\":{\"@id\":\"https:\/\/vaidebolsa.com.br\/blog\/#organization\"},\"articleSection\":[\"Gradua\u00e7\u00e3o\"],\"inLanguage\":\"pt-BR\",\"potentialAction\":[{\"@type\":\"CommentAction\",\"name\":\"Comment\",\"target\":[\"https:\/\/vaidebolsa.com.br\/blog\/graduacao\/como-e-o-curso-de-gestao-ambiental\/#respond\"]}]},{\"@type\":\"WebPage\",\"@id\":\"https:\/\/vaidebolsa.com.br\/blog\/graduacao\/como-e-o-curso-de-gestao-ambiental\/\",\"url\":\"https:\/\/vaidebolsa.com.br\/blog\/graduacao\/como-e-o-curso-de-gestao-ambiental\/\",\"name\":\"Como \u00e9 o curso de Gest\u00e3o ambiental e mercado de trabalho - Vai de Bolsa\",\"isPartOf\":{\"@id\":\"https:\/\/vaidebolsa.com.br\/blog\/#website\"},\"datePublished\":\"2019-11-17T10:55:20+00:00\",\"dateModified\":\"2023-08-14T18:56:53+00:00\",\"description\":\"Voc\u00ea \u00e9 uma pessoa muito ligada ao meio ambiente e quer saber mais sobre como \u00e9 o curso de Gest\u00e3o Ambiental? Ent\u00e3o voc\u00ea est\u00e1 no lugar certo. Acesse e confira\",\"breadcrumb\":{\"@id\":\"https:\/\/vaidebolsa.com.br\/blog\/graduacao\/como-e-o-curso-de-gestao-ambiental\/#breadcrumb\"},\"inLanguage\":\"pt-BR\",\"potentialAction\":[{\"@type\":\"ReadAction\",\"target\":[\"https:\/\/vaidebolsa.com.br\/blog\/graduacao\/como-e-o-curso-de-gestao-ambiental\/\"]}]},{\"@type\":\"BreadcrumbList\",\"@id\":\"https:\/\/vaidebolsa.com.br\/blog\/graduacao\/como-e-o-curso-de-gestao-ambiental\/#breadcrumb\",\"itemListElement\":[{\"@type\":\"ListItem\",\"position\":1,\"name\":\"Home\",\"item\":\"https:\/\/vaidebolsa.com.br\/blog\/\"},{\"@type\":\"ListItem\",\"position\":2,\"name\":\"Como \u00e9 o curso e o mercado de trabalho de Gest\u00e3o Ambiental\"}]},{\"@type\":\"WebSite\",\"@id\":\"https:\/\/vaidebolsa.com.br\/blog\/#website\",\"url\":\"https:\/\/vaidebolsa.com.br\/blog\/\",\"name\":\"Vai de Bolsa\",\"description\":\"Vai de Bolsa: Bolsas de Estudo com at\u00e9 70% de Desconto!\",\"publisher\":{\"@id\":\"https:\/\/vaidebolsa.com.br\/blog\/#organization\"},\"potentialAction\":[{\"@type\":\"SearchAction\",\"target\":{\"@type\":\"EntryPoint\",\"urlTemplate\":\"https:\/\/vaidebolsa.com.br\/blog\/?s={search_term_string}\"},\"query-input\":{\"@type\":\"PropertyValueSpecification\",\"valueRequired\":true,\"valueName\":\"search_term_string\"}}],\"inLanguage\":\"pt-BR\"},{\"@type\":\"Organization\",\"@id\":\"https:\/\/vaidebolsa.com.br\/blog\/#organization\",\"name\":\"Vai de Bolsa\",\"url\":\"https:\/\/vaidebolsa.com.br\/blog\/\",\"logo\":{\"@type\":\"ImageObject\",\"inLanguage\":\"pt-BR\",\"@id\":\"https:\/\/vaidebolsa.com.br\/blog\/#\/schema\/logo\/image\/\",\"url\":\"https:\/\/vaidebolsa.com.br\/blog\/wp-content\/uploads\/2022\/03\/Logo-Vai-de-Bolsa-cor-e1648649224262.png\",\"contentUrl\":\"https:\/\/vaidebolsa.com.br\/blog\/wp-content\/uploads\/2022\/03\/Logo-Vai-de-Bolsa-cor-e1648649224262.png\",\"width\":180,\"height\":90,\"caption\":\"Vai de Bolsa\"},\"image\":{\"@id\":\"https:\/\/vaidebolsa.com.br\/blog\/#\/schema\/logo\/image\/\"},\"sameAs\":[\"https:\/\/www.facebook.com\/vdbeducacional\",\"https:\/\/www.instagram.com\/vaidebolsa_\/\"]},{\"@type\":\"Person\",\"@id\":\"https:\/\/vaidebolsa.com.br\/blog\/#\/schema\/person\/66c9e3f3a84ba9e04deec23f2938a105\",\"name\":\"Natalia Pereira\",\"image\":{\"@type\":\"ImageObject\",\"inLanguage\":\"pt-BR\",\"@id\":\"https:\/\/vaidebolsa.com.br\/blog\/#\/schema\/person\/image\/\",\"url\":\"http:\/\/0.gravatar.com\/avatar\/f1ab57fb53849c617df1cb34eb8ae2d8?s=96&d=mm&r=g\",\"contentUrl\":\"http:\/\/0.gravatar.com\/avatar\/f1ab57fb53849c617df1cb34eb8ae2d8?s=96&d=mm&r=g\",\"caption\":\"Natalia Pereira\"},\"description\":\"Formada em Publicidade e Propaganda com bolsa de estudos, Nat\u00e1lia Pereira passou por todos os dilemas que envolvem a vida de um jovem que est\u00e1 prestes a sair do ensino m\u00e9dio e se depara com o desafio de entrar em uma boa faculdade pagando pouco. Hoje, aos 23 anos, atua como Analista de Marketing e escreve sobre educa\u00e7\u00e3o no Vai de Bolsa.\",\"url\":\"https:\/\/vaidebolsa.com.br\/blog\/author\/natalia\/\"}]}<\/script>\n<!-- \/ Yoast SEO plugin. -->","yoast_head_json":{"title":"Como \u00e9 o curso de Gest\u00e3o ambiental e mercado de trabalho - Vai de Bolsa","description":"Voc\u00ea \u00e9 uma pessoa muito ligada ao meio ambiente e quer saber mais sobre como \u00e9 o curso de Gest\u00e3o Ambiental? Ent\u00e3o voc\u00ea est\u00e1 no lugar certo. Acesse e confira","robots":{"index":"index","follow":"follow","max-snippet":"max-snippet:-1","max-image-preview":"max-image-preview:large","max-video-preview":"max-video-preview:-1"},"canonical":"https:\/\/vaidebolsa.com.br\/blog\/graduacao\/como-e-o-curso-de-gestao-ambiental\/","og_locale":"pt_BR","og_type":"article","og_title":"Como \u00e9 o curso de Gest\u00e3o ambiental e mercado de trabalho - Vai de Bolsa","og_description":"Voc\u00ea \u00e9 uma pessoa muito ligada ao meio ambiente e quer saber mais sobre como \u00e9 o curso de Gest\u00e3o Ambiental? Ent\u00e3o voc\u00ea est\u00e1 no lugar certo. Acesse e confira","og_url":"https:\/\/vaidebolsa.com.br\/blog\/graduacao\/como-e-o-curso-de-gestao-ambiental\/","og_site_name":"Vai de Bolsa","article_publisher":"https:\/\/www.facebook.com\/vdbeducacional","article_published_time":"2019-11-17T10:55:20+00:00","article_modified_time":"2023-08-14T18:56:53+00:00","author":"Natalia Pereira","twitter_card":"summary_large_image","twitter_misc":{"Escrito por":"Natalia Pereira","Est. tempo de leitura":"7 minutos"},"schema":{"@context":"https:\/\/schema.org","@graph":[{"@type":"Article","@id":"https:\/\/vaidebolsa.com.br\/blog\/graduacao\/como-e-o-curso-de-gestao-ambiental\/#article","isPartOf":{"@id":"https:\/\/vaidebolsa.com.br\/blog\/graduacao\/como-e-o-curso-de-gestao-ambiental\/"},"author":{"name":"Natalia Pereira","@id":"https:\/\/vaidebolsa.com.br\/blog\/#\/schema\/person\/66c9e3f3a84ba9e04deec23f2938a105"},"headline":"Como \u00e9 o curso e o mercado de trabalho de Gest\u00e3o Ambiental","datePublished":"2019-11-17T10:55:20+00:00","dateModified":"2023-08-14T18:56:53+00:00","mainEntityOfPage":{"@id":"https:\/\/vaidebolsa.com.br\/blog\/graduacao\/como-e-o-curso-de-gestao-ambiental\/"},"wordCount":1413,"commentCount":0,"publisher":{"@id":"https:\/\/vaidebolsa.com.br\/blog\/#organization"},"articleSection":["Gradua\u00e7\u00e3o"],"inLanguage":"pt-BR","potentialAction":[{"@type":"CommentAction","name":"Comment","target":["https:\/\/vaidebolsa.com.br\/blog\/graduacao\/como-e-o-curso-de-gestao-ambiental\/#respond"]}]},{"@type":"WebPage","@id":"https:\/\/vaidebolsa.com.br\/blog\/graduacao\/como-e-o-curso-de-gestao-ambiental\/","url":"https:\/\/vaidebolsa.com.br\/blog\/graduacao\/como-e-o-curso-de-gestao-ambiental\/","name":"Como \u00e9 o curso de Gest\u00e3o ambiental e mercado de trabalho - Vai de Bolsa","isPartOf":{"@id":"https:\/\/vaidebolsa.com.br\/blog\/#website"},"datePublished":"2019-11-17T10:55:20+00:00","dateModified":"2023-08-14T18:56:53+00:00","description":"Voc\u00ea \u00e9 uma pessoa muito ligada ao meio ambiente e quer saber mais sobre como \u00e9 o curso de Gest\u00e3o Ambiental? Ent\u00e3o voc\u00ea est\u00e1 no lugar certo. Acesse e confira","breadcrumb":{"@id":"https:\/\/vaidebolsa.com.br\/blog\/graduacao\/como-e-o-curso-de-gestao-ambiental\/#breadcrumb"},"inLanguage":"pt-BR","potentialAction":[{"@type":"ReadAction","target":["https:\/\/vaidebolsa.com.br\/blog\/graduacao\/como-e-o-curso-de-gestao-ambiental\/"]}]},{"@type":"BreadcrumbList","@id":"https:\/\/vaidebolsa.com.br\/blog\/graduacao\/como-e-o-curso-de-gestao-ambiental\/#breadcrumb","itemListElement":[{"@type":"ListItem","position":1,"name":"Home","item":"https:\/\/vaidebolsa.com.br\/blog\/"},{"@type":"ListItem","position":2,"name":"Como \u00e9 o curso e o mercado de trabalho de Gest\u00e3o Ambiental"}]},{"@type":"WebSite","@id":"https:\/\/vaidebolsa.com.br\/blog\/#website","url":"https:\/\/vaidebolsa.com.br\/blog\/","name":"Vai de Bolsa","description":"Vai de Bolsa: Bolsas de Estudo com at\u00e9 70% de Desconto!","publisher":{"@id":"https:\/\/vaidebolsa.com.br\/blog\/#organization"},"potentialAction":[{"@type":"SearchAction","target":{"@type":"EntryPoint","urlTemplate":"https:\/\/vaidebolsa.com.br\/blog\/?s={search_term_string}"},"query-input":{"@type":"PropertyValueSpecification","valueRequired":true,"valueName":"search_term_string"}}],"inLanguage":"pt-BR"},{"@type":"Organization","@id":"https:\/\/vaidebolsa.com.br\/blog\/#organization","name":"Vai de Bolsa","url":"https:\/\/vaidebolsa.com.br\/blog\/","logo":{"@type":"ImageObject","inLanguage":"pt-BR","@id":"https:\/\/vaidebolsa.com.br\/blog\/#\/schema\/logo\/image\/","url":"https:\/\/vaidebolsa.com.br\/blog\/wp-content\/uploads\/2022\/03\/Logo-Vai-de-Bolsa-cor-e1648649224262.png","contentUrl":"https:\/\/vaidebolsa.com.br\/blog\/wp-content\/uploads\/2022\/03\/Logo-Vai-de-Bolsa-cor-e1648649224262.png","width":180,"height":90,"caption":"Vai de Bolsa"},"image":{"@id":"https:\/\/vaidebolsa.com.br\/blog\/#\/schema\/logo\/image\/"},"sameAs":["https:\/\/www.facebook.com\/vdbeducacional","https:\/\/www.instagram.com\/vaidebolsa_\/"]},{"@type":"Person","@id":"https:\/\/vaidebolsa.com.br\/blog\/#\/schema\/person\/66c9e3f3a84ba9e04deec23f2938a105","name":"Natalia Pereira","image":{"@type":"ImageObject","inLanguage":"pt-BR","@id":"https:\/\/vaidebolsa.com.br\/blog\/#\/schema\/person\/image\/","url":"http:\/\/0.gravatar.com\/avatar\/f1ab57fb53849c617df1cb34eb8ae2d8?s=96&d=mm&r=g","contentUrl":"http:\/\/0.gravatar.com\/avatar\/f1ab57fb53849c617df1cb34eb8ae2d8?s=96&d=mm&r=g","caption":"Natalia Pereira"},"description":"Formada em Publicidade e Propaganda com bolsa de estudos, Nat\u00e1lia Pereira passou por todos os dilemas que envolvem a vida de um jovem que est\u00e1 prestes a sair do ensino m\u00e9dio e se depara com o desafio de entrar em uma boa faculdade pagando pouco. Hoje, aos 23 anos, atua como Analista de Marketing e escreve sobre educa\u00e7\u00e3o no Vai de Bolsa.","url":"https:\/\/vaidebolsa.com.br\/blog\/author\/natalia\/"}]}},"_links":{"self":[{"href":"https:\/\/vaidebolsa.com.br\/blog\/wp-json\/wp\/v2\/posts\/3890"}],"collection":[{"href":"https:\/\/vaidebolsa.com.br\/blog\/wp-json\/wp\/v2\/posts"}],"about":[{"href":"https:\/\/vaidebolsa.com.br\/blog\/wp-json\/wp\/v2\/types\/post"}],"author":[{"embeddable":true,"href":"https:\/\/vaidebolsa.com.br\/blog\/wp-json\/wp\/v2\/users\/67"}],"replies":[{"embeddable":true,"href":"https:\/\/vaidebolsa.com.br\/blog\/wp-json\/wp\/v2\/comments?post=3890"}],"version-history":[{"count":1,"href":"https:\/\/vaidebolsa.com.br\/blog\/wp-json\/wp\/v2\/posts\/3890\/revisions"}],"predecessor-version":[{"id":17181322157,"href":"https:\/\/vaidebolsa.com.br\/blog\/wp-json\/wp\/v2\/posts\/3890\/revisions\/17181322157"}],"wp:attachment":[{"href":"https:\/\/vaidebolsa.com.br\/blog\/wp-json\/wp\/v2\/media?parent=3890"}],"wp:term":[{"taxonomy":"category","embeddable":true,"href":"https:\/\/vaidebolsa.com.br\/blog\/wp-json\/wp\/v2\/categories?post=3890"},{"taxonomy":"post_tag","embeddable":true,"href":"https:\/\/vaidebolsa.com.br\/blog\/wp-json\/wp\/v2\/tags?post=3890"}],"curies":[{"name":"wp","href":"https:\/\/api.w.org\/{rel}","templated":true}]}}