{"id":4125,"date":"2019-11-15T07:55:40","date_gmt":"2019-11-15T10:55:40","guid":{"rendered":"https:\/\/vaidebolsa.com.br\/?p=4125"},"modified":"2023-10-10T11:19:14","modified_gmt":"2023-10-10T14:19:14","slug":"plano-nacional-de-educacao","status":"publish","type":"post","link":"https:\/\/vaidebolsa.com.br\/blog\/dicas-e-curiosidades\/plano-nacional-de-educacao\/","title":{"rendered":"Quais as principais metas do Plano Nacional de Educa\u00e7\u00e3o?"},"content":{"rendered":"<p><!DOCTYPE html PUBLIC \"-\/\/W3C\/\/DTD HTML 4.0 Transitional\/\/EN\" \"http:\/\/www.w3.org\/TR\/REC-html40\/loose.dtd\"><br \/>\n<?xml encoding=\"utf-8\" ?><html><body><span style=\"font-weight: 400;\">Sancionada em 2014 pelo Congresso Federal, o Plano Nacional de Educa&ccedil;&atilde;o (PNE) foi criado para orientar a&ccedil;&otilde;es e investimentos na educa&ccedil;&atilde;o. Tudo isso visando &agrave; qualidade do ensino e &agrave; igualdade.<\/span><\/p>\n<p><span style=\"font-weight: 400;\">O Plano Nacional de Educa&ccedil;&atilde;o tem for&ccedil;a de lei e determina 20 metas que precisam ser atingidas at&eacute; 2024.<\/span><\/p>\n<p><span style=\"font-weight: 400;\">Conhe&ccedil;a os detalhes do Plano Nacional de Educa&ccedil;&atilde;o, o que s&atilde;o as 20 metas, os desafios e sua import&acirc;ncia para o Brasil. Boa leitura!<\/span><\/p>\n<h2><span style=\"font-weight: 400;\">O que &eacute; o Plano Nacional de Educa&ccedil;&atilde;o?<\/span><\/h2>\n<p><span style=\"font-weight: 400;\">Aprovado em junho de 2014 e com validade de 10 anos, o Plano Nacional de Educa&ccedil;&atilde;o determina metas, estrat&eacute;gias e diretrizes na &aacute;rea educacional.<\/span><\/p>\n<p><span style=\"font-weight: 400;\">Com isso, estados e munic&iacute;pios devem, obrigatoriamente, estruturar planejamentos espec&iacute;ficos para que as metas propostas no PNE sejam alcan&ccedil;adas com sucesso.<\/span><\/p>\n<p><span style=\"font-weight: 400;\">Esses planejamentos t&ecirc;m como objetivo a elimina&ccedil;&atilde;o de desigualdade hist&oacute;rica no Brasil e exigem a constru&ccedil;&atilde;o de formas org&acirc;nicas de colabora&ccedil;&atilde;o entre os diversos sistemas educacionais.<\/span><\/p>\n<p><span style=\"font-weight: 400;\">Com esse cen&aacute;rio, cabe ao Minist&eacute;rio da Educa&ccedil;&atilde;o (MEC) apoiar os estados brasileiros e buscar um alinhamento entre os planos de a&ccedil;&atilde;o apresentados.<\/span><\/p>\n<p><span style=\"font-weight: 400;\">Para medir a efici&ecirc;ncia desses planejamentos e a&ccedil;&otilde;es, a cada dois anos s&atilde;o feitos uma revis&atilde;o e um acompanhamento do Plano Nacional de Educa&ccedil;&atilde;o.<\/span><\/p>\n<p><span style=\"font-weight: 400;\">Em 2016 foi apresentado o primeiro relat&oacute;rio desse acompanhamento, e um outro foi apresentado em 2018.<\/span><\/p>\n<p><span style=\"font-weight: 400;\">Por ora, apenas uma das metas foi cumprida de forma integral, enquanto algumas outras acabaram recuando do primeiro para o segundo relat&oacute;rio.<\/span><\/p>\n<p><span style=\"font-weight: 400;\">O Plano Nacional de Educa&ccedil;&atilde;o tem se mostrado desafiador para os brasileiros, principalmente no que se refere:<\/span><\/p>\n<ul>\n<li style=\"font-weight: 400;\"><span style=\"font-weight: 400;\">a indicadores de <a href=\"https:\/\/vaidebolsa.com.br\/educacao-inclusiva\/\" target=\"_blank\" rel=\"noopener noreferrer\">inclus&atilde;o<\/a>;<\/span><\/li>\n<li style=\"font-weight: 400;\"><span style=\"font-weight: 400;\">a indicadores de alfabetiza&ccedil;&atilde;o;<\/span><\/li>\n<li style=\"font-weight: 400;\"><span style=\"font-weight: 400;\">&agrave; forma&ccedil;&atilde;o continuada de professores;<\/span><\/li>\n<li style=\"font-weight: 400;\"><span style=\"font-weight: 400;\">&agrave; expans&atilde;o do <a href=\"https:\/\/vaidebolsa.com.br\/ensino-medio-tecnico\/\" target=\"_blank\" rel=\"noopener noreferrer\">ensino profissionalizante<\/a>.<\/span><\/li>\n<\/ul>\n<h2><span style=\"font-weight: 400;\">20 metas do Plano Nacional de Educa&ccedil;&atilde;o<\/span><\/h2>\n<p><span style=\"font-weight: 400;\">Essas metas abordam todos os n&iacute;veis de forma&ccedil;&atilde;o,<\/span><span style=\"font-weight: 400;\">&nbsp;s&atilde;o direcionadas ao desenvolvimento da educa&ccedil;&atilde;o infantil, chegando at&eacute; o ensino superior, e t&ecirc;m como foco quest&otilde;es como:<\/span><\/p>\n<ul>\n<li style=\"font-weight: 400;\"><span style=\"font-weight: 400;\">educa&ccedil;&atilde;o inclusiva;<\/span><\/li>\n<li style=\"font-weight: 400;\"><span style=\"font-weight: 400;\">garantia do direito &agrave; educa&ccedil;&atilde;o b&aacute;sica de qualidade;<\/span><\/li>\n<li style=\"font-weight: 400;\"><span style=\"font-weight: 400;\">universaliza&ccedil;&atilde;o da alfabetiza&ccedil;&atilde;o;<\/span><\/li>\n<li style=\"font-weight: 400;\"><span style=\"font-weight: 400;\">aumento da taxa de escolaridade m&eacute;dia da popula&ccedil;&atilde;o brasileira;<\/span><\/li>\n<li style=\"font-weight: 400;\"><span style=\"font-weight: 400;\">capacita&ccedil;&atilde;o de <a href=\"https:\/\/vaidebolsa.com.br\/filmes-sobre-professores\/\" target=\"_blank\" rel=\"noopener noreferrer\">professores<\/a>;<\/span><\/li>\n<li style=\"font-weight: 400;\"><span style=\"font-weight: 400;\">cria&ccedil;&atilde;o de um plano de carreira para professores, entre outros.<\/span><\/li>\n<\/ul>\n<p><span style=\"font-weight: 400;\">Conhe&ccedil;a abaixo as 20 metas que comp&otilde;em o Plano Nacional de Educa&ccedil;&atilde;o e seus principais aspectos:<\/span><\/p>\n<h3><span style=\"font-weight: 400;\">Meta 1<\/span><\/h3>\n<p><span style=\"font-weight: 400;\">Universalizar at&eacute; 2016 a educa&ccedil;&atilde;o infantil na pr&eacute;-escola para as crian&ccedil;as de quatro a cinco anos de idade e ampliar a oferta de educa&ccedil;&atilde;o infantil em creches, de forma a atender no m&iacute;nimo 50% das crian&ccedil;as de at&eacute; tr&ecirc;s anos at&eacute; o final da vig&ecirc;ncia do PNE.<\/span><\/p>\n<h3><span style=\"font-weight: 400;\">Meta 2<\/span><\/h3>\n<p><span style=\"font-weight: 400;\">Universalizar o ensino fundamental de nove anos para toda a popula&ccedil;&atilde;o de seis a 14 anos e garantir que pelo menos 95% dos alunos concluam essa etapa na idade recomendada, at&eacute; o &uacute;ltimo ano de vig&ecirc;ncia do PNE.<\/span><\/p>\n<h3><span style=\"font-weight: 400;\">Meta 3<\/span><\/h3>\n<p><span style=\"font-weight: 400;\">Universalizar at&eacute; 2016 o atendimento escolar para toda a popula&ccedil;&atilde;o de 15&nbsp;<\/span><span style=\"font-weight: 400;\">a 17 anos e elevar, at&eacute; o final do per&iacute;odo de vig&ecirc;ncia deste PNE, a taxa l&iacute;quida de matr&iacute;culas no ensino m&eacute;dio para 85%.<\/span><\/p>\n<h3><span style=\"font-weight: 400;\">Meta 4<\/span><\/h3>\n<p><span style=\"font-weight: 400;\">Universalizar o acesso &agrave; educa&ccedil;&atilde;o b&aacute;sica e ao atendimento educacional especializado para a popula&ccedil;&atilde;o de quatro&nbsp; a 17 anos com defici&ecirc;ncia, transtornos globais do desenvolvimento e altas habilidades ou superdota&ccedil;&atilde;o, preferencialmente na rede regular de ensino, com a garantia de sistema educacional inclusivo, de salas de recursos multifuncionais, classes, escolas ou servi&ccedil;os especializados, p&uacute;blicos ou conveniados.<\/span><\/p>\n<h3><span style=\"font-weight: 400;\">Meta 5<\/span><\/h3>\n<p><span style=\"font-weight: 400;\">Alfabetizar todas as crian&ccedil;as no m&aacute;ximo at&eacute; o final do 3&ordm; ano do ensino fundamental.<\/span><\/p>\n<h3><span style=\"font-weight: 400;\">Meta 6<\/span><\/h3>\n<p><span style=\"font-weight: 400;\">Oferecer educa&ccedil;&atilde;o em tempo integral em no m&iacute;nimo 50% das escolas p&uacute;blicas, de forma a atender pelo menos 25% dos(as) alunos(as) da educa&ccedil;&atilde;o b&aacute;sica.<\/span><\/p>\n<h3><span style=\"font-weight: 400;\">Meta 7<\/span><\/h3>\n<p><span style=\"font-weight: 400;\">Fomentar a qualidade da educa&ccedil;&atilde;o b&aacute;sica em todas as etapas e modalidades,&nbsp;<\/span><span style=\"font-weight: 400;\">com melhoria do fluxo escolar e da aprendizagem, de modo a atingir as seguintes&nbsp;<\/span><span style=\"font-weight: 400;\">m&eacute;dias nacionais para o Ideb:&nbsp;<\/span><\/p>\n<ul>\n<li style=\"font-weight: 400;\"><span style=\"font-weight: 400;\">6,0 nos anos iniciais do ensino fundamental;&nbsp;<\/span><\/li>\n<li style=\"font-weight: 400;\"><span style=\"font-weight: 400;\">5,5 nos anos finais do ensino fundamental;&nbsp;<\/span><\/li>\n<li style=\"font-weight: 400;\"><span style=\"font-weight: 400;\">5,2 no ensino m&eacute;dio.<\/span><\/li>\n<\/ul>\n<h3><span style=\"font-weight: 400;\">Meta 8<\/span><\/h3>\n<p><span style=\"font-weight: 400;\">Elevar a escolaridade m&eacute;dia da popula&ccedil;&atilde;o de 18 a 29 anos, de modo a alcan&ccedil;ar no m&iacute;nimo 12 anos de estudo no &uacute;ltimo ano de vig&ecirc;ncia do plano, para as popula&ccedil;&otilde;es do campo, da regi&atilde;o de menor escolaridade no Pa&iacute;s e dos 25% mais pobres, e igualar a escolaridade m&eacute;dia entre negros e n&atilde;o negros declarados &agrave; Funda&ccedil;&atilde;o Instituto Brasileiro de Geografia e Estat&iacute;stica &#8211;<\/span><span style=\"font-weight: 400;\"> IBGE.<\/span><\/p>\n<h3><span style=\"font-weight: 400;\">Meta 9<\/span><\/h3>\n<p><span style=\"font-weight: 400;\">Elevar a taxa de alfabetiza&ccedil;&atilde;o da popula&ccedil;&atilde;o com 15 anos ou mais para 93,5% at&eacute; 2015 e, at&eacute; o final da vig&ecirc;ncia do PNE, erradicar o analfabetismo absoluto e reduzir em 50%&nbsp;<\/span><span style=\"font-weight: 400;\">a taxa de analfabetismo funcional.<\/span><\/p>\n<h3><span style=\"font-weight: 400;\">Meta 10<\/span><\/h3>\n<p><span style=\"font-weight: 400;\">Oferecer no m&iacute;nimo 25% das matr&iacute;culas de educa&ccedil;&atilde;o de jovens e adultos, nos ensinos fundamental e m&eacute;dio, na forma integrada &agrave; educa&ccedil;&atilde;o profissional.<\/span><\/p>\n<h3><span style=\"font-weight: 400;\">Meta 11<\/span><\/h3>\n<p><span style=\"font-weight: 400;\">Triplicar as matr&iacute;culas da educa&ccedil;&atilde;o profissional t&eacute;cnica de n&iacute;vel m&eacute;dio, assegurando a qualidade da oferta e pelo menos 50% da expans&atilde;o no segmento p&uacute;blico.<\/span><\/p>\n<h3><span style=\"font-weight: 400;\">Meta 12<\/span><\/h3>\n<p><span style=\"font-weight: 400;\">Elevar a taxa bruta de matr&iacute;cula na educa&ccedil;&atilde;o superior para 50% e a taxa l&iacute;quida para 33% da popula&ccedil;&atilde;o de 18 a 24 anos, assegurada a qualidade da oferta e expans&atilde;o para pelo menos 40% das novas matr&iacute;culas, no segmento p&uacute;blico.<\/span><\/p>\n<h3><span style=\"font-weight: 400;\">Meta 13<\/span><\/h3>\n<p><span style=\"font-weight: 400;\">Elevar a qualidade da educa&ccedil;&atilde;o superior e ampliar a propor&ccedil;&atilde;o de mestres e doutores do corpo docente em efetivo exerc&iacute;cio no conjunto do sistema de educa&ccedil;&atilde;o superior para 75% (setenta e cinco por cento), sendo, do total, no m&iacute;nimo 35% (trinta e cinco por cento) doutores.<\/span><\/p>\n<h3><span style=\"font-weight: 400;\">Meta 14<\/span><\/h3>\n<p><span style=\"font-weight: 400;\">Elevar gradualmente o n&uacute;mero de matr&iacute;culas na p&oacute;s-gradua&ccedil;&atilde;o stricto sensu, de modo a atingir a titula&ccedil;&atilde;o anual de 60 mil mestres e 25 mil doutores.<\/span><\/p>\n<h3><span style=\"font-weight: 400;\">Meta 15<\/span><\/h3>\n<p><span style=\"font-weight: 400;\">Garantir, em regime de colabora&ccedil;&atilde;o entre a Uni&atilde;o, os Estados, o Distrito Federal e os Munic&iacute;pios, no prazo de um ano de vig&ecirc;ncia do PNE, pol&iacute;tica nacional de forma&ccedil;&atilde;o dos profissionais da educa&ccedil;&atilde;o de que tratam os incisos I, II e III do caput do art. 61 da Lei n&ordm; 9.394, de 20 de dezembro de 1996, assegurando que todos os professores e as professoras da educa&ccedil;&atilde;o b&aacute;sica possuam forma&ccedil;&atilde;o espec&iacute;fica de n&iacute;vel superior, obtida em curso de licenciatura na &aacute;rea de conhecimento em que atuam.<\/span><\/p>\n<h3><span style=\"font-weight: 400;\">Meta 16<\/span><\/h3>\n<p><span style=\"font-weight: 400;\">Formar, em n&iacute;vel de p&oacute;s-gradua&ccedil;&atilde;o, 50% dos professores da educa&ccedil;&atilde;o b&aacute;sica, at&eacute; o &uacute;ltimo ano de vig&ecirc;ncia do PNE, e garantir a todos(as) os(as) profissionais da educa&ccedil;&atilde;o b&aacute;sica forma&ccedil;&atilde;o continuada em sua &aacute;rea de atua&ccedil;&atilde;o, considerando as necessidades, demandas e contextualiza&ccedil;&otilde;es dos sistemas de ensino.<\/span><\/p>\n<h3><span style=\"font-weight: 400;\">Meta 17<\/span><\/h3>\n<p><span style=\"font-weight: 400;\">Valorizar os(as) profissionais do magist&eacute;rio das redes p&uacute;blicas de educa&ccedil;&atilde;o b&aacute;sica de&nbsp;<\/span><span style=\"font-weight: 400;\">forma a equiparar seu rendimento m&eacute;dio ao dos(as) demais profissionais com escolaridade&nbsp;<\/span><span style=\"font-weight: 400;\">equivalente, at&eacute; o final do sexto ano de vig&ecirc;ncia do PNE.<\/span><\/p>\n<h3><span style=\"font-weight: 400;\">Meta 18<\/span><\/h3>\n<p><span style=\"font-weight: 400;\">Assegurar, no prazo de dois anos, a exist&ecirc;ncia de planos de carreira para os(as)&nbsp;<\/span><span style=\"font-weight: 400;\">profissionais da educa&ccedil;&atilde;o b&aacute;sica e superior p&uacute;blica de todos os sistemas de ensino. Para o plano de carreira dos(as) profissionais da educa&ccedil;&atilde;o b&aacute;sica p&uacute;blica, tomar como refer&ecirc;ncia o piso salarial nacional profissional, definido em lei federal, nos termos do inciso VIII do art. 206 da Constitui&ccedil;&atilde;o Federal.<\/span><\/p>\n<h3><span style=\"font-weight: 400;\">Meta 19<\/span><\/h3>\n<p><span style=\"font-weight: 400;\">Assegurar condi&ccedil;&otilde;es, no prazo de dois anos, para a efetiva&ccedil;&atilde;o da gest&atilde;o democr&aacute;tica da educa&ccedil;&atilde;o, associada a crit&eacute;rios t&eacute;cnicos de m&eacute;rito e desempenho e &agrave; consulta p&uacute;blica &agrave;&nbsp;<\/span><span style=\"font-weight: 400;\">comunidade escolar, no &acirc;mbito das escolas p&uacute;blicas, prevendo recursos e apoio t&eacute;cnico da&nbsp;<\/span><span style=\"font-weight: 400;\">Uni&atilde;o para tanto.<\/span><\/p>\n<h3><span style=\"font-weight: 400;\">Meta 20<\/span><\/h3>\n<p><span style=\"font-weight: 400;\">Ampliar o investimento p&uacute;blico em educa&ccedil;&atilde;o p&uacute;blica de forma a atingir no m&iacute;nimo&nbsp;<\/span><span style=\"font-weight: 400;\">o patamar de 7% do Produto Interno Bruto (PIB) do Pa&iacute;s no quinto ano de vig&ecirc;ncia dessa lei e no m&iacute;nimo o equivalente a 10% do PIB ao final do dec&ecirc;nio.<\/span><\/p>\n<p><span style=\"font-weight: 400;\">(Fonte: <\/span><a href=\"https:\/\/pne.mec.gov.br\/images\/pdf\/pne_conhecendo_20_metas.pdf\" target=\"_blank\" rel=\"noopener noreferrer\"><span style=\"font-weight: 400;\">Planejando a Pr&oacute;xima D&eacute;cada &#8211; Conhecendo as 20 Metas do Plano Nacional de Educa&ccedil;&atilde;o<\/span><\/a><span style=\"font-weight: 400;\">)<\/span><\/p>\n<h2><span style=\"font-weight: 400;\">Observat&oacute;rio do Plano Nacional de Educa&ccedil;&atilde;o&nbsp;<\/span><\/h2>\n<p><span style=\"font-weight: 400;\">Criado em 2013, o Observat&oacute;rio do Plano Nacional de Educa&ccedil;&atilde;o &eacute; uma plataforma constru&iacute;da para que a sociedade civil possa monitorar:<\/span><\/p>\n<ul>\n<li style=\"font-weight: 400;\"><span style=\"font-weight: 400;\">as 20 metas do Plano Nacional de Educa&ccedil;&atilde;o;<\/span><\/li>\n<li style=\"font-weight: 400;\"><span style=\"font-weight: 400;\">as 254 estrat&eacute;gias do Plano Nacional de Educa&ccedil;&atilde;o;<\/span><\/li>\n<li style=\"font-weight: 400;\"><span style=\"font-weight: 400;\">an&aacute;lises, estudos e demais meios de informa&ccedil;&otilde;es sobre pol&iacute;ticas p&uacute;blicas na Educa&ccedil;&atilde;o.<\/span><\/li>\n<\/ul>\n<p><span style=\"font-weight: 400;\">Se voc&ecirc; deseja fazer o acompanhamento do Plano Nacional de Educa&ccedil;&atilde;o, basta acessar o <\/span><a href=\"https:\/\/www.observatoriodopne.org.br\/observatorio\/#a-plataforma\" target=\"_blank\" rel=\"noopener noreferrer\"><span style=\"font-weight: 400;\">site oficial do Observat&oacute;rio.<\/span><\/a><\/p>\n<p><span style=\"font-weight: 400;\">O Observat&oacute;rio do Plano Nacional de Educa&ccedil;&atilde;o &eacute; uma ferramenta de controle social que deve ser acompanhada por todo cidad&atilde;o brasileiro para que possa se informar e lutar por um sistema educacional mais justo.<\/span><\/p>\n<p><span style=\"font-weight: 400;\">E voc&ecirc; cidad&atilde;o brasileiro em busca de forma&ccedil;&atilde;o educacional deve consultar o site do Observat&oacute;rio para entender o seu papel e tamb&eacute;m lutar por seus direitos.<\/span><\/p>\n<p>&nbsp;<\/body><\/html><\/p>\n","protected":false},"excerpt":{"rendered":"<p>Sancionada em 2014 pelo Congresso Federal, o Plano Nacional de Educa&ccedil;&atilde;o (PNE) foi criado para orientar a&ccedil;&otilde;es e investimentos na educa&ccedil;&atilde;o. Tudo isso visando &agrave; qualidade do ensino e &agrave; igualdade. O Plano Nacional de Educa&ccedil;&atilde;o tem for&ccedil;a de lei e determina 20 metas que precisam ser atingidas at&eacute; 2024. Conhe&ccedil;a os detalhes do Plano [&hellip;]<\/p>\n","protected":false},"author":67,"featured_media":0,"comment_status":"open","ping_status":"open","sticky":false,"template":"","format":"standard","meta":{"om_disable_all_campaigns":false,"site-sidebar-layout":"default","site-content-layout":"","ast-site-content-layout":"","site-content-style":"default","site-sidebar-style":"default","ast-global-header-display":"","ast-banner-title-visibility":"","ast-main-header-display":"","ast-hfb-above-header-display":"","ast-hfb-below-header-display":"","ast-hfb-mobile-header-display":"","site-post-title":"","ast-breadcrumbs-content":"","ast-featured-img":"","footer-sml-layout":"","theme-transparent-header-meta":"","adv-header-id-meta":"","stick-header-meta":"","header-above-stick-meta":"","header-main-stick-meta":"","header-below-stick-meta":"","astra-migrate-meta-layouts":"default","ast-page-background-enabled":"default","ast-page-background-meta":{"desktop":{"background-color":"var(--ast-global-color-4)","background-image":"","background-repeat":"repeat","background-position":"center center","background-size":"auto","background-attachment":"scroll","background-type":"","background-media":"","overlay-type":"","overlay-color":"","overlay-opacity":"","overlay-gradient":""},"tablet":{"background-color":"","background-image":"","background-repeat":"repeat","background-position":"center center","background-size":"auto","background-attachment":"scroll","background-type":"","background-media":"","overlay-type":"","overlay-color":"","overlay-opacity":"","overlay-gradient":""},"mobile":{"background-color":"","background-image":"","background-repeat":"repeat","background-position":"center center","background-size":"auto","background-attachment":"scroll","background-type":"","background-media":"","overlay-type":"","overlay-color":"","overlay-opacity":"","overlay-gradient":""}},"ast-content-background-meta":{"desktop":{"background-color":"var(--ast-global-color-5)","background-image":"","background-repeat":"repeat","background-position":"center center","background-size":"auto","background-attachment":"scroll","background-type":"","background-media":"","overlay-type":"","overlay-color":"","overlay-opacity":"","overlay-gradient":""},"tablet":{"background-color":"var(--ast-global-color-5)","background-image":"","background-repeat":"repeat","background-position":"center center","background-size":"auto","background-attachment":"scroll","background-type":"","background-media":"","overlay-type":"","overlay-color":"","overlay-opacity":"","overlay-gradient":""},"mobile":{"background-color":"var(--ast-global-color-5)","background-image":"","background-repeat":"repeat","background-position":"center center","background-size":"auto","background-attachment":"scroll","background-type":"","background-media":"","overlay-type":"","overlay-color":"","overlay-opacity":"","overlay-gradient":""}},"_themeisle_gutenberg_block_has_review":false,"footnotes":""},"categories":[151972],"tags":[],"class_list":["post-4125","post","type-post","status-publish","format-standard","hentry","category-dicas-e-curiosidades"],"yoast_head":"<!-- This site is optimized with the Yoast SEO plugin v23.4 - https:\/\/yoast.com\/wordpress\/plugins\/seo\/ -->\n<title>Plano Nacional de Educa\u00e7\u00e3o: Saiba o que \u00e9 e conhe\u00e7a as metas do PNE<\/title>\n<meta name=\"description\" content=\"Conhe\u00e7a os detalhes do Plano Nacional de Educa\u00e7\u00e3o, o que s\u00e3o as 20 metas, os desafios e sua import\u00e2ncia para o Brasil. Boa leitura!\" \/>\n<meta name=\"robots\" content=\"index, follow, max-snippet:-1, max-image-preview:large, max-video-preview:-1\" \/>\n<link rel=\"canonical\" href=\"https:\/\/shared-php.server.vaidebolsa.com.br\/blog\/dicas-e-curiosidades\/plano-nacional-de-educacao\/\" \/>\n<meta property=\"og:locale\" content=\"pt_BR\" \/>\n<meta property=\"og:type\" content=\"article\" \/>\n<meta property=\"og:title\" content=\"Plano Nacional de Educa\u00e7\u00e3o: Saiba o que \u00e9 e conhe\u00e7a as metas do PNE\" \/>\n<meta property=\"og:description\" content=\"Conhe\u00e7a os detalhes do Plano Nacional de Educa\u00e7\u00e3o, o que s\u00e3o as 20 metas, os desafios e sua import\u00e2ncia para o Brasil. Boa leitura!\" \/>\n<meta property=\"og:url\" content=\"https:\/\/shared-php.server.vaidebolsa.com.br\/blog\/dicas-e-curiosidades\/plano-nacional-de-educacao\/\" \/>\n<meta property=\"og:site_name\" content=\"Vai de Bolsa\" \/>\n<meta property=\"article:publisher\" content=\"https:\/\/www.facebook.com\/vdbeducacional\" \/>\n<meta property=\"article:published_time\" content=\"2019-11-15T10:55:40+00:00\" \/>\n<meta property=\"article:modified_time\" content=\"2023-10-10T14:19:14+00:00\" \/>\n<meta name=\"author\" content=\"Natalia Pereira\" \/>\n<meta name=\"twitter:card\" content=\"summary_large_image\" \/>\n<meta name=\"twitter:label1\" content=\"Escrito por\" \/>\n\t<meta name=\"twitter:data1\" content=\"Natalia Pereira\" \/>\n\t<meta name=\"twitter:label2\" content=\"Est. tempo de leitura\" \/>\n\t<meta name=\"twitter:data2\" content=\"9 minutos\" \/>\n<script type=\"application\/ld+json\" class=\"yoast-schema-graph\">{\"@context\":\"https:\/\/schema.org\",\"@graph\":[{\"@type\":\"Article\",\"@id\":\"https:\/\/shared-php.server.vaidebolsa.com.br\/blog\/dicas-e-curiosidades\/plano-nacional-de-educacao\/#article\",\"isPartOf\":{\"@id\":\"https:\/\/shared-php.server.vaidebolsa.com.br\/blog\/dicas-e-curiosidades\/plano-nacional-de-educacao\/\"},\"author\":{\"name\":\"Natalia Pereira\",\"@id\":\"https:\/\/vaidebolsa.com.br\/blog\/#\/schema\/person\/66c9e3f3a84ba9e04deec23f2938a105\"},\"headline\":\"Quais as principais metas do Plano Nacional de Educa\u00e7\u00e3o?\",\"datePublished\":\"2019-11-15T10:55:40+00:00\",\"dateModified\":\"2023-10-10T14:19:14+00:00\",\"mainEntityOfPage\":{\"@id\":\"https:\/\/shared-php.server.vaidebolsa.com.br\/blog\/dicas-e-curiosidades\/plano-nacional-de-educacao\/\"},\"wordCount\":1886,\"commentCount\":1,\"publisher\":{\"@id\":\"https:\/\/vaidebolsa.com.br\/blog\/#organization\"},\"articleSection\":[\"Dicas e Curiosidades\"],\"inLanguage\":\"pt-BR\",\"potentialAction\":[{\"@type\":\"CommentAction\",\"name\":\"Comment\",\"target\":[\"https:\/\/shared-php.server.vaidebolsa.com.br\/blog\/dicas-e-curiosidades\/plano-nacional-de-educacao\/#respond\"]}]},{\"@type\":\"WebPage\",\"@id\":\"https:\/\/shared-php.server.vaidebolsa.com.br\/blog\/dicas-e-curiosidades\/plano-nacional-de-educacao\/\",\"url\":\"https:\/\/shared-php.server.vaidebolsa.com.br\/blog\/dicas-e-curiosidades\/plano-nacional-de-educacao\/\",\"name\":\"Plano Nacional de Educa\u00e7\u00e3o: Saiba o que \u00e9 e conhe\u00e7a as metas do PNE\",\"isPartOf\":{\"@id\":\"https:\/\/vaidebolsa.com.br\/blog\/#website\"},\"datePublished\":\"2019-11-15T10:55:40+00:00\",\"dateModified\":\"2023-10-10T14:19:14+00:00\",\"description\":\"Conhe\u00e7a os detalhes do Plano Nacional de Educa\u00e7\u00e3o, o que s\u00e3o as 20 metas, os desafios e sua import\u00e2ncia para o Brasil. Boa leitura!\",\"breadcrumb\":{\"@id\":\"https:\/\/shared-php.server.vaidebolsa.com.br\/blog\/dicas-e-curiosidades\/plano-nacional-de-educacao\/#breadcrumb\"},\"inLanguage\":\"pt-BR\",\"potentialAction\":[{\"@type\":\"ReadAction\",\"target\":[\"https:\/\/shared-php.server.vaidebolsa.com.br\/blog\/dicas-e-curiosidades\/plano-nacional-de-educacao\/\"]}]},{\"@type\":\"BreadcrumbList\",\"@id\":\"https:\/\/shared-php.server.vaidebolsa.com.br\/blog\/dicas-e-curiosidades\/plano-nacional-de-educacao\/#breadcrumb\",\"itemListElement\":[{\"@type\":\"ListItem\",\"position\":1,\"name\":\"Home\",\"item\":\"https:\/\/vaidebolsa.com.br\/blog\/\"},{\"@type\":\"ListItem\",\"position\":2,\"name\":\"Quais as principais metas do Plano Nacional de Educa\u00e7\u00e3o?\"}]},{\"@type\":\"WebSite\",\"@id\":\"https:\/\/vaidebolsa.com.br\/blog\/#website\",\"url\":\"https:\/\/vaidebolsa.com.br\/blog\/\",\"name\":\"Vai de Bolsa\",\"description\":\"Vai de Bolsa: Bolsas de Estudo com at\u00e9 70% de Desconto!\",\"publisher\":{\"@id\":\"https:\/\/vaidebolsa.com.br\/blog\/#organization\"},\"potentialAction\":[{\"@type\":\"SearchAction\",\"target\":{\"@type\":\"EntryPoint\",\"urlTemplate\":\"https:\/\/vaidebolsa.com.br\/blog\/?s={search_term_string}\"},\"query-input\":{\"@type\":\"PropertyValueSpecification\",\"valueRequired\":true,\"valueName\":\"search_term_string\"}}],\"inLanguage\":\"pt-BR\"},{\"@type\":\"Organization\",\"@id\":\"https:\/\/vaidebolsa.com.br\/blog\/#organization\",\"name\":\"Vai de Bolsa\",\"url\":\"https:\/\/vaidebolsa.com.br\/blog\/\",\"logo\":{\"@type\":\"ImageObject\",\"inLanguage\":\"pt-BR\",\"@id\":\"https:\/\/vaidebolsa.com.br\/blog\/#\/schema\/logo\/image\/\",\"url\":\"https:\/\/vaidebolsa.com.br\/blog\/wp-content\/uploads\/2022\/03\/Logo-Vai-de-Bolsa-cor-e1648649224262.png\",\"contentUrl\":\"https:\/\/vaidebolsa.com.br\/blog\/wp-content\/uploads\/2022\/03\/Logo-Vai-de-Bolsa-cor-e1648649224262.png\",\"width\":180,\"height\":90,\"caption\":\"Vai de Bolsa\"},\"image\":{\"@id\":\"https:\/\/vaidebolsa.com.br\/blog\/#\/schema\/logo\/image\/\"},\"sameAs\":[\"https:\/\/www.facebook.com\/vdbeducacional\",\"https:\/\/www.instagram.com\/vaidebolsa_\/\"]},{\"@type\":\"Person\",\"@id\":\"https:\/\/vaidebolsa.com.br\/blog\/#\/schema\/person\/66c9e3f3a84ba9e04deec23f2938a105\",\"name\":\"Natalia Pereira\",\"image\":{\"@type\":\"ImageObject\",\"inLanguage\":\"pt-BR\",\"@id\":\"https:\/\/vaidebolsa.com.br\/blog\/#\/schema\/person\/image\/\",\"url\":\"http:\/\/0.gravatar.com\/avatar\/f1ab57fb53849c617df1cb34eb8ae2d8?s=96&d=mm&r=g\",\"contentUrl\":\"http:\/\/0.gravatar.com\/avatar\/f1ab57fb53849c617df1cb34eb8ae2d8?s=96&d=mm&r=g\",\"caption\":\"Natalia Pereira\"},\"description\":\"Formada em Publicidade e Propaganda com bolsa de estudos, Nat\u00e1lia Pereira passou por todos os dilemas que envolvem a vida de um jovem que est\u00e1 prestes a sair do ensino m\u00e9dio e se depara com o desafio de entrar em uma boa faculdade pagando pouco. Hoje, aos 23 anos, atua como Analista de Marketing e escreve sobre educa\u00e7\u00e3o no Vai de Bolsa.\",\"url\":\"https:\/\/vaidebolsa.com.br\/blog\/author\/natalia\/\"}]}<\/script>\n<!-- \/ Yoast SEO plugin. -->","yoast_head_json":{"title":"Plano Nacional de Educa\u00e7\u00e3o: Saiba o que \u00e9 e conhe\u00e7a as metas do PNE","description":"Conhe\u00e7a os detalhes do Plano Nacional de Educa\u00e7\u00e3o, o que s\u00e3o as 20 metas, os desafios e sua import\u00e2ncia para o Brasil. Boa leitura!","robots":{"index":"index","follow":"follow","max-snippet":"max-snippet:-1","max-image-preview":"max-image-preview:large","max-video-preview":"max-video-preview:-1"},"canonical":"https:\/\/shared-php.server.vaidebolsa.com.br\/blog\/dicas-e-curiosidades\/plano-nacional-de-educacao\/","og_locale":"pt_BR","og_type":"article","og_title":"Plano Nacional de Educa\u00e7\u00e3o: Saiba o que \u00e9 e conhe\u00e7a as metas do PNE","og_description":"Conhe\u00e7a os detalhes do Plano Nacional de Educa\u00e7\u00e3o, o que s\u00e3o as 20 metas, os desafios e sua import\u00e2ncia para o Brasil. Boa leitura!","og_url":"https:\/\/shared-php.server.vaidebolsa.com.br\/blog\/dicas-e-curiosidades\/plano-nacional-de-educacao\/","og_site_name":"Vai de Bolsa","article_publisher":"https:\/\/www.facebook.com\/vdbeducacional","article_published_time":"2019-11-15T10:55:40+00:00","article_modified_time":"2023-10-10T14:19:14+00:00","author":"Natalia Pereira","twitter_card":"summary_large_image","twitter_misc":{"Escrito por":"Natalia Pereira","Est. tempo de leitura":"9 minutos"},"schema":{"@context":"https:\/\/schema.org","@graph":[{"@type":"Article","@id":"https:\/\/shared-php.server.vaidebolsa.com.br\/blog\/dicas-e-curiosidades\/plano-nacional-de-educacao\/#article","isPartOf":{"@id":"https:\/\/shared-php.server.vaidebolsa.com.br\/blog\/dicas-e-curiosidades\/plano-nacional-de-educacao\/"},"author":{"name":"Natalia Pereira","@id":"https:\/\/vaidebolsa.com.br\/blog\/#\/schema\/person\/66c9e3f3a84ba9e04deec23f2938a105"},"headline":"Quais as principais metas do Plano Nacional de Educa\u00e7\u00e3o?","datePublished":"2019-11-15T10:55:40+00:00","dateModified":"2023-10-10T14:19:14+00:00","mainEntityOfPage":{"@id":"https:\/\/shared-php.server.vaidebolsa.com.br\/blog\/dicas-e-curiosidades\/plano-nacional-de-educacao\/"},"wordCount":1886,"commentCount":1,"publisher":{"@id":"https:\/\/vaidebolsa.com.br\/blog\/#organization"},"articleSection":["Dicas e Curiosidades"],"inLanguage":"pt-BR","potentialAction":[{"@type":"CommentAction","name":"Comment","target":["https:\/\/shared-php.server.vaidebolsa.com.br\/blog\/dicas-e-curiosidades\/plano-nacional-de-educacao\/#respond"]}]},{"@type":"WebPage","@id":"https:\/\/shared-php.server.vaidebolsa.com.br\/blog\/dicas-e-curiosidades\/plano-nacional-de-educacao\/","url":"https:\/\/shared-php.server.vaidebolsa.com.br\/blog\/dicas-e-curiosidades\/plano-nacional-de-educacao\/","name":"Plano Nacional de Educa\u00e7\u00e3o: Saiba o que \u00e9 e conhe\u00e7a as metas do PNE","isPartOf":{"@id":"https:\/\/vaidebolsa.com.br\/blog\/#website"},"datePublished":"2019-11-15T10:55:40+00:00","dateModified":"2023-10-10T14:19:14+00:00","description":"Conhe\u00e7a os detalhes do Plano Nacional de Educa\u00e7\u00e3o, o que s\u00e3o as 20 metas, os desafios e sua import\u00e2ncia para o Brasil. Boa leitura!","breadcrumb":{"@id":"https:\/\/shared-php.server.vaidebolsa.com.br\/blog\/dicas-e-curiosidades\/plano-nacional-de-educacao\/#breadcrumb"},"inLanguage":"pt-BR","potentialAction":[{"@type":"ReadAction","target":["https:\/\/shared-php.server.vaidebolsa.com.br\/blog\/dicas-e-curiosidades\/plano-nacional-de-educacao\/"]}]},{"@type":"BreadcrumbList","@id":"https:\/\/shared-php.server.vaidebolsa.com.br\/blog\/dicas-e-curiosidades\/plano-nacional-de-educacao\/#breadcrumb","itemListElement":[{"@type":"ListItem","position":1,"name":"Home","item":"https:\/\/vaidebolsa.com.br\/blog\/"},{"@type":"ListItem","position":2,"name":"Quais as principais metas do Plano Nacional de Educa\u00e7\u00e3o?"}]},{"@type":"WebSite","@id":"https:\/\/vaidebolsa.com.br\/blog\/#website","url":"https:\/\/vaidebolsa.com.br\/blog\/","name":"Vai de Bolsa","description":"Vai de Bolsa: Bolsas de Estudo com at\u00e9 70% de Desconto!","publisher":{"@id":"https:\/\/vaidebolsa.com.br\/blog\/#organization"},"potentialAction":[{"@type":"SearchAction","target":{"@type":"EntryPoint","urlTemplate":"https:\/\/vaidebolsa.com.br\/blog\/?s={search_term_string}"},"query-input":{"@type":"PropertyValueSpecification","valueRequired":true,"valueName":"search_term_string"}}],"inLanguage":"pt-BR"},{"@type":"Organization","@id":"https:\/\/vaidebolsa.com.br\/blog\/#organization","name":"Vai de Bolsa","url":"https:\/\/vaidebolsa.com.br\/blog\/","logo":{"@type":"ImageObject","inLanguage":"pt-BR","@id":"https:\/\/vaidebolsa.com.br\/blog\/#\/schema\/logo\/image\/","url":"https:\/\/vaidebolsa.com.br\/blog\/wp-content\/uploads\/2022\/03\/Logo-Vai-de-Bolsa-cor-e1648649224262.png","contentUrl":"https:\/\/vaidebolsa.com.br\/blog\/wp-content\/uploads\/2022\/03\/Logo-Vai-de-Bolsa-cor-e1648649224262.png","width":180,"height":90,"caption":"Vai de Bolsa"},"image":{"@id":"https:\/\/vaidebolsa.com.br\/blog\/#\/schema\/logo\/image\/"},"sameAs":["https:\/\/www.facebook.com\/vdbeducacional","https:\/\/www.instagram.com\/vaidebolsa_\/"]},{"@type":"Person","@id":"https:\/\/vaidebolsa.com.br\/blog\/#\/schema\/person\/66c9e3f3a84ba9e04deec23f2938a105","name":"Natalia Pereira","image":{"@type":"ImageObject","inLanguage":"pt-BR","@id":"https:\/\/vaidebolsa.com.br\/blog\/#\/schema\/person\/image\/","url":"http:\/\/0.gravatar.com\/avatar\/f1ab57fb53849c617df1cb34eb8ae2d8?s=96&d=mm&r=g","contentUrl":"http:\/\/0.gravatar.com\/avatar\/f1ab57fb53849c617df1cb34eb8ae2d8?s=96&d=mm&r=g","caption":"Natalia Pereira"},"description":"Formada em Publicidade e Propaganda com bolsa de estudos, Nat\u00e1lia Pereira passou por todos os dilemas que envolvem a vida de um jovem que est\u00e1 prestes a sair do ensino m\u00e9dio e se depara com o desafio de entrar em uma boa faculdade pagando pouco. Hoje, aos 23 anos, atua como Analista de Marketing e escreve sobre educa\u00e7\u00e3o no Vai de Bolsa.","url":"https:\/\/vaidebolsa.com.br\/blog\/author\/natalia\/"}]}},"_links":{"self":[{"href":"https:\/\/vaidebolsa.com.br\/blog\/wp-json\/wp\/v2\/posts\/4125"}],"collection":[{"href":"https:\/\/vaidebolsa.com.br\/blog\/wp-json\/wp\/v2\/posts"}],"about":[{"href":"https:\/\/vaidebolsa.com.br\/blog\/wp-json\/wp\/v2\/types\/post"}],"author":[{"embeddable":true,"href":"https:\/\/vaidebolsa.com.br\/blog\/wp-json\/wp\/v2\/users\/67"}],"replies":[{"embeddable":true,"href":"https:\/\/vaidebolsa.com.br\/blog\/wp-json\/wp\/v2\/comments?post=4125"}],"version-history":[{"count":2,"href":"https:\/\/vaidebolsa.com.br\/blog\/wp-json\/wp\/v2\/posts\/4125\/revisions"}],"predecessor-version":[{"id":17181323115,"href":"https:\/\/vaidebolsa.com.br\/blog\/wp-json\/wp\/v2\/posts\/4125\/revisions\/17181323115"}],"wp:attachment":[{"href":"https:\/\/vaidebolsa.com.br\/blog\/wp-json\/wp\/v2\/media?parent=4125"}],"wp:term":[{"taxonomy":"category","embeddable":true,"href":"https:\/\/vaidebolsa.com.br\/blog\/wp-json\/wp\/v2\/categories?post=4125"},{"taxonomy":"post_tag","embeddable":true,"href":"https:\/\/vaidebolsa.com.br\/blog\/wp-json\/wp\/v2\/tags?post=4125"}],"curies":[{"name":"wp","href":"https:\/\/api.w.org\/{rel}","templated":true}]}}