{"id":4403,"date":"2019-12-06T07:33:00","date_gmt":"2019-12-06T10:33:00","guid":{"rendered":"https:\/\/vaidebolsa.com.br\/?p=4403"},"modified":"2023-08-14T15:30:25","modified_gmt":"2023-08-14T18:30:25","slug":"10-fatos-historicos-que-fazem-aniversario-em-2019","status":"publish","type":"post","link":"https:\/\/vaidebolsa.com.br\/blog\/dicas-e-curiosidades\/10-fatos-historicos-que-fazem-aniversario-em-2019\/","title":{"rendered":"10 fatos hist\u00f3ricos que fazem anivers\u00e1rio em 2019"},"content":{"rendered":"<p>Saber mais sobre fatos hist\u00f3ricos pode ampliar o seu leque de informa\u00e7\u00f5es e fazer voc\u00ea ir bem em uma prova de conhecimentos gerais e em reda\u00e7\u00f5es. Por isso, buscar mais conhecimento sobre atualidades pode ser uma maneira muito \u00fatil para ingressar em uma universidade, por exemplo. Em 2019, tivemos v\u00e1rios fatos hist\u00f3ricos que fizeram anivers\u00e1rio, como os 50 anos em que o homem pisou na lua.<\/p>\n<p>No <a href=\"https:\/\/vaidebolsa.com.br\/historia-do-enem\/\" target=\"_blank\" rel=\"noopener noreferrer\">Enem<\/a>, \u00e9 comum que os enunciados das quest\u00f5es estejam contextualizados com temas atuais ou marcantes na hist\u00f3ria. Al\u00e9m disso, datas hist\u00f3ricas, como as que vamos relembrar a seguir, podem ser citadas ou utilizadas para embasar argumentos usados na sua <a href=\"https:\/\/vaidebolsa.com.br\/estrutura-da-redacao-enem\/\" target=\"_blank\" rel=\"noopener noreferrer\">prova de reda\u00e7\u00e3o<\/a>.<\/p>\n<p>Nesse contexto, veja a seguir os principais fatos hist\u00f3ricos que mudaram o rumo da humanidade e que fazem anivers\u00e1rio em 2019.<\/p>\n<h2>10 fatos hist\u00f3ricos mais marcantes que fazem anivers\u00e1rio em 2019<\/h2>\n<p>A seguir voc\u00ea confere uma lista para relembrar fatos hist\u00f3ricos que completam uma data redonda neste ano e que, apesar de terem acontecido h\u00e1 tempos, sempre ser\u00e3o temas atuais:<\/p>\n<h3>1 &#8211; 50 anos em que o homem pisou na lua<\/h3>\n<p>Precisamente, no dia 20 de julho de 1969, a Apolo 11 fez com que o homem colocasse os p\u00e9s em solo lunar. Foi nesse local e nessa data que foi dado &#8220;um passo pequenino para um homem e um salto gigantesco para a humanidade&#8221;. O astronauta americano Neil Armstrong foi a primeira pessoa a pisar na lua. Mas afinal, por que isso \u00e9 importante?<\/p>\n<p>Esse feito fez com que os Estados Unidos vencesse a corrida espacial contra a antiga Uni\u00e3o Sovi\u00e9tica. Desse modo, um regime capitalista venceu um regime socialista na luta tecnol\u00f3gica para a conquista do espa\u00e7o.<\/p>\n<p>Sendo assim, a import\u00e2ncia de chegar \u00e0 lua pode ser comparada a grande era das navega\u00e7\u00f5es. Al\u00e9m disso, esse fato hist\u00f3rico p\u00f4de ser acompanhado ao vivo atrav\u00e9s das redes de televis\u00e3o, tornando esse evento como um dos mais importantes do s\u00e9culo 20.<\/p>\n<p>Se voc\u00ea gosta de cinema, talvez seja uma boa pedida assistir o filme\u00a0 <em>First Man<\/em> (Primeiro Homem). Ele conta a hist\u00f3ria da miss\u00e3o da Apolo 11 e um pouco da vida de Neil Armstrong. Veja o <em>trailer <\/em>a seguir:<\/p>\n<div class=\"ast-oembed-container \" style=\"height: 100%;\"><iframe title=\"O PRIMEIRO HOMEM Trailer Brasileiro LEGENDADO (2018) Ryan Gosling Filme\" width=\"500\" height=\"281\" src=\"https:\/\/www.youtube.com\/embed\/GbnW_h0fIA8?feature=oembed\" frameborder=\"0\" allow=\"accelerometer; autoplay; clipboard-write; encrypted-media; gyroscope; picture-in-picture; web-share\" referrerpolicy=\"strict-origin-when-cross-origin\" allowfullscreen><\/iframe><\/div>\n<h3>2 &#8211; Tratado de Versalhes<\/h3>\n<p>No ano de 1919, as pot\u00eancias econ\u00f4micas europeias puseram fim \u00e0\u00a0<a href=\"https:\/\/vaidebolsa.com.br\/filmes-de-guerra-para-estudar-historia\/\" target=\"_blank\" rel=\"noopener noreferrer\">Primeira Guerra Mundial<\/a> atrav\u00e9s de um acordo de paz firmado principalmente pelo Reino Unido e Fran\u00e7a. Este acordo ficou conhecido como Tratado de Versalhes.<\/p>\n<p>Desse modo, h\u00e1 100 anos, era oficialmente encerrada a Primeira Grande Guerra. Isso fez com que a Alemanha fosse considerada culpada pela guerra e, vergonhosamente, for\u00e7ada a assinar o acordo, sendo obrigada a pagar tributos por esses atos.<\/p>\n<p>Portanto, nos tempos p\u00f3s-guerra, a Alemanha enfrentou crises econ\u00f4micas severas, o que permitiu a ascens\u00e3o do nazismo posteriormente. Tudo isso culminou em uma esp\u00e9cie de revanche e ressentimento, que resultou na Segunda Guerra Mundial.<\/p>\n<h3>3 &#8211; 80 anos da Segunda Guerra Mundial<\/h3>\n<p>No ano de 1939, o mundo viu o in\u00edcio de um dos per\u00edodos mais conflituosos da era moderna. O dia 1.\u00ba\u00a0 de setembro de 1939 \u00e9 considerado oficialmente como in\u00edcio da Segunda Guerra. Nessa data, a Alemanha Nazista invadiu a Pol\u00f4nia, Fran\u00e7a e Reino Unido, que responderam declarando guerra, resultando em um conflito militar global que teve fim no ano de 1945.<\/p>\n<p>Al\u00e9m disso, absurdos e atentados contra a humanidade foram cometidos pela Alemanha Nazista sob a batuta de Adolf Hitler e seus seguidores.<\/p>\n<p>Durante o per\u00edodo da Segunda Guerra Mundial, aproximadamente 6 milh\u00f5es de judeus foram exterminados em campos de concentra\u00e7\u00e3o. Esse \u00e9 um dos fatos hist\u00f3ricos que fez com que o mundo se horrorizasse e perdesse o sossego com o maior genoc\u00eddio do s\u00e9culo 20, marcando negativamente esse per\u00edodo da humanidade como um dos mais terr\u00edveis de todos os tempos.<\/p>\n<h3>4- 150 anos da Tabela Peri\u00f3dica<\/h3>\n<p>Embora a tabela peri\u00f3dica j\u00e1 existisse anteriormente, foi em 1869 que\u00a0Dmitri Mendeleev\u00a0publicou o modelo de tabela conhecida e usada nos tempos atuais.<\/p>\n<p>O grade trunfo de Mendeleev foi deixar lacunas sobre elementos ainda n\u00e3o descobertos e a forma sistem\u00e1tica da organiza\u00e7\u00e3o dos elementos qu\u00edmicos. Dessa forma, ele publicou a vers\u00e3o amplamente reconhecida, que predizia as propriedades de elementos ainda desconhecidos e que futuramente preencheriam as lacunas designadas a cada um deles, nesse caso, o G\u00e1lio e o Germ\u00e2nio, por exemplo.<\/p>\n<p>Portanto, esse modelo tem sido expandido e estudado desde ent\u00e3o. No entanto, esse \u00e9 um dos fatos hist\u00f3ricos que marcam positivamente o avan\u00e7o da ci\u00eancia e afeta a todos, seja cientista ou estudante. No dia 20 de dezembro de 2017, a Organiza\u00e7\u00e3o das Na\u00e7\u00f5es Unidas (ONU) proclamou o ano de 2019 como o Ano Internacional da Tabela Peri\u00f3dica dos Elementos Qu\u00edmicos.<\/p>\n<h3>5 &#8211; 50 anos da primeira edi\u00e7\u00e3o do festival de <em>Woodstock<\/em><\/h3>\n<p>Esse festival de m\u00fasica que ocorreu entre os dias 15 e 18 de agosto de 1969 marcou hist\u00f3ria. Al\u00e9m da grandiosidade dos artistas que se apresentaram, ele foi muito importante para o movimento da contracultura do final da d\u00e9cada de 60.<\/p>\n<p>Desse forma, foi um protesto ao modo de consumo e de vida americano, que surgiu ap\u00f3s a Segunda Guerra, chamado <em>American Way of Life<\/em>. Ao mesmo tempo, os Estados Unidos estava envolvido na Guerra do Vietn\u00e3 e enviava milhares de jovens \u00e0 guerra.<\/p>\n<div class=\"ast-oembed-container \" style=\"height: 100%;\"><iframe title=\"Richie Havens - Freedom at Woodstock 1969 (HD)\" width=\"500\" height=\"281\" src=\"https:\/\/www.youtube.com\/embed\/rynxqdNMry4?feature=oembed\" frameborder=\"0\" allow=\"accelerometer; autoplay; clipboard-write; encrypted-media; gyroscope; picture-in-picture; web-share\" referrerpolicy=\"strict-origin-when-cross-origin\" allowfullscreen><\/iframe><\/div>\n<p>Todo esse momento de tens\u00e3o, o enorme p\u00fablico e a causa do festival fizeram com que ele tenha sido \u00fanico e lend\u00e1rio.<\/p>\n<p>Portanto, pode ser reconhecido como um dos maiores eventos de rock da hist\u00f3ria e tamb\u00e9m de contesta\u00e7\u00e3o dos valores morais e pol\u00edticos dessa \u00e9poca. O festival trouxe muita liberdade de express\u00e3o e apresenta\u00e7\u00f5es marcantes e \u00fanicas de artistas como Janis Joplin e Jimi Hendrix.<\/p>\n<h3>6 &#8211; 30 anos da queda do Muro de Berlim<\/h3>\n<p><i>Berliner Mauer <\/i>(Muro de Berlim) foi uma barreira f\u00edsica que dividiu e separou a Alemanha socialista da Alemanha capitalista. O muro foi constru\u00eddo em 1961 e simbolizava o mundo dividido em duas partes, uma representava o capitalismo, encabe\u00e7ado pelos Estados Unidos, e a outra o socialismo, comandado pelo regime sovi\u00e9tico.<\/p>\n<p>Ele era patrulhado por militares, que tinham ordens de atirar para matar quem tentasse transpass\u00e1-lo. Al\u00e9m disso, o Muro de Berlim foi um s\u00edmbolo da Guerra Fria e um \u00edcone de ideologia.<\/p>\n<p>Mas a queda do imp\u00e9rio sovi\u00e9tico e o seu colapso do modelo pol\u00edtico econ\u00f4mico na metade da d\u00e9cada de 80 fez com que a Uni\u00e3o Sovi\u00e9tica perdesse as zonas de influ\u00eancia, inclusive a Alemanha Oriental.<\/p>\n<p>Desse modo, em 1989, houve press\u00f5es e protestos pela popula\u00e7\u00e3o alem\u00e3, que colocou abaixo o muro a marretadas, machadas e marteladas no dia 9 de novembro de 1989. Esse fato hist\u00f3rico foi televisionado e unificou e libertou novamente o povo da Alemanha depois de 28 anos de exist\u00eancia.<\/p>\n<h3>7 &#8211; Crise de 1929<\/h3>\n<p>A Grande Depress\u00e3o, tamb\u00e9m conhecida como Crise de 1929 foi um enorme colapso econ\u00f4mico sofrido pelos Estados Unidos. Com o fim da Primeira Guerra Mundial, a Europa em crise, os Estados Unidos tiveram um enorme lucro com exporta\u00e7\u00e3o e um volume sem precedentes na produ\u00e7\u00e3o. Por\u00e9m a Europa se restabeleceu em seguida e passou a comprar cada vez menos dos americanos.<\/p>\n<p>Essa retra\u00e7\u00e3o econ\u00f4mica fez com que houvesse mais oferta do que demanda, consequentemente o com\u00e9rcio entrou em colapso, o pre\u00e7o dos produtos despencaram e o desemprego aumentou de forma estratosf\u00e9rica. Portanto, esses fatores resultaram nas quedas das a\u00e7\u00f5es e posteriormente na quebra da bolsa no ano de 1929.<\/p>\n<p>Desse modo, o ano de 1929 \u00e9 tamb\u00e9m conhecido como o ano do <em>crash<\/em> da bolsa e esse \u00e9 um dos fatos hist\u00f3ricos que merece destaque e \u00e9 importante se informar.<\/p>\n<h3>8 &#8211; 30 anos da morte de Salvador Dal\u00ed<\/h3>\n<p>No dia 23 de janeiro de 1989 falecia um dos maiores g\u00eanios da pintura e do surrealismo. O artista catal\u00e3o \u00e9 uma das maiores refer\u00eancias desse estilo e tamb\u00e9m um dos fundadores. Ningu\u00e9m como ele conseguiu trazer com tanto brilhantismo as imagens do inconsciente para as telas.<\/p>\n<p>Dal\u00ed n\u00e3o foi conhecido apenas por sua obra, foi uma figura extravagante, egoc\u00eantrica, rebelde, genial e muitas vezes arrogante. Conseguiu, como poucos, passar pelo mundo e ser percebido por suas grandes obras.<\/p>\n<div class=\"ast-oembed-container \" style=\"height: 100%;\"><iframe title=\"SALVADOR DAL\u00cd - 50 FATOS #VIVIEUVI\" width=\"500\" height=\"281\" src=\"https:\/\/www.youtube.com\/embed\/pAOtpxH3RGE?feature=oembed\" frameborder=\"0\" allow=\"accelerometer; autoplay; clipboard-write; encrypted-media; gyroscope; picture-in-picture; web-share\" referrerpolicy=\"strict-origin-when-cross-origin\" allowfullscreen><\/iframe><\/div>\n<p>Salvador Dal\u00ed faleceu aos 84 anos no hospital de Figueres, Espanha. Por ser uma personalidade t\u00e3o emblem\u00e1tica e amb\u00edgua \u00e9 lembrado acima de tudo por sua genialidade e extravag\u00e2ncia.<\/p>\n<p>Sua morte \u00e9 um fato hist\u00f3rico, que inevitavelmente deixa um legado para a hist\u00f3ria universal da arte.<\/p>\n<h3>9 &#8211; 10 anos de surto do v\u00edrus H1N1<\/h3>\n<p>No ano de 2019 completam-se 10 anos do surto do<span style=\"font-size: 1rem;\">\u00a0H1N1, um tipo de v\u00edrus Influenza A, uma gripe de origem animal que pode infectar os humanos. Segundo dados oficiais divulgados pelo site <\/span>G1<span style=\"font-size: 1rem;\">, estima-se que a epidemia tenha vitimado 18,5 mil pessoas. Por\u00e9m, pesquisas recentes dizem que o n\u00famero de mortes pode ter chegado a 575,4 mil pessoas.<\/span><\/p>\n<p>Esse surto foi um caso de emerg\u00eancia de sa\u00fade p\u00fablica internacional e at\u00e9 o Brasil foi impactado por essa epidemia.\u00a0 Desse modo todos ficaram em alerta e constante preocupa\u00e7\u00e3o.<\/p>\n<h3>10 &#8211; Revolu\u00e7\u00e3o Cubana<\/h3>\n<p>No ano de 1959 foi destitu\u00eddo o ditador Fulgencio Batista. A revolu\u00e7\u00e3o cubana foi liderada pelo revolucion\u00e1rio Fidel Castro. Esse movimento foi caracterizado pelo anticapitalismo e tamb\u00e9m foi conhecido como antiamericano. Isso fez com que os Estados Unidos cortassem rela\u00e7\u00f5es econ\u00f4micas com Cuba e aplicasse diversas san\u00e7\u00f5es comerciais que perduram at\u00e9 os dias atuais.<\/p>\n<p>Al\u00e9m disso, o movimento enfatizou a alfabetiza\u00e7\u00e3o e escolariza\u00e7\u00e3o em massa e fez com que Cuba tivesse uma das melhores redes de sa\u00fade p\u00fablica do mundo. O governo da era Fidel Castro \u00e9 de muita ambiguidade e agrega diversos fatores positivos e negativos.<\/p>\n<p>Um dos fatores negativos mais evidentes \u00e9 a pobreza. Em contrapartida, Cuba tem um sistema eficiente de ensino, saneamento b\u00e1sico e tamb\u00e9m eliminou a fome ap\u00f3s esse movimento. Portanto, Cuba \u00e9 um pa\u00eds que vem se mantendo \u00e0 margem do capitalismo h\u00e1 d\u00e9cadas e a revolu\u00e7\u00e3o cubana \u00e9 um dos fatos hist\u00f3ricos que completam 60 anos no ano de 2019.<\/p>\n<h2>Fique atento aos fatos hist\u00f3ricos!<\/h2>\n<p>Agora que voc\u00ea sabe mais sobre os fatos hist\u00f3ricos, certamente est\u00e1 mais informado sobre as efem\u00e9rides que fecham um n\u00famero redondo em 2019. Saber sobre essa quest\u00f5es permite que voc\u00ea tenha mais conhecimento sobre a hist\u00f3ria do mundo e perceber o quanto alguns fatos marca positivamente ou negativamente a humanidade.<\/p>\n<p>Se voc\u00ea gostou desse assunto e deseja saber mais sobre educa\u00e7\u00e3o, mercado de trabalho ou curiosidades, n\u00e3o deixe de acessar o blog <a href=\"https:\/\/vaidebolsa.com.br\/\">Vai de Bolsa<\/a>.<\/p>\n","protected":false},"excerpt":{"rendered":"<p>Saber mais sobre fatos hist\u00f3ricos pode ampliar o seu leque de informa\u00e7\u00f5es e fazer voc\u00ea ir bem em uma prova de conhecimentos gerais e em reda\u00e7\u00f5es. Por isso, buscar mais conhecimento sobre atualidades pode ser uma maneira muito \u00fatil para ingressar em uma universidade, por exemplo. Em 2019, tivemos v\u00e1rios fatos hist\u00f3ricos que fizeram anivers\u00e1rio, [&hellip;]<\/p>\n","protected":false},"author":67,"featured_media":0,"comment_status":"open","ping_status":"open","sticky":false,"template":"","format":"standard","meta":{"om_disable_all_campaigns":false,"site-sidebar-layout":"default","site-content-layout":"","ast-site-content-layout":"","site-content-style":"default","site-sidebar-style":"default","ast-global-header-display":"","ast-banner-title-visibility":"","ast-main-header-display":"","ast-hfb-above-header-display":"","ast-hfb-below-header-display":"","ast-hfb-mobile-header-display":"","site-post-title":"","ast-breadcrumbs-content":"","ast-featured-img":"","footer-sml-layout":"","theme-transparent-header-meta":"","adv-header-id-meta":"","stick-header-meta":"","header-above-stick-meta":"","header-main-stick-meta":"","header-below-stick-meta":"","astra-migrate-meta-layouts":"default","ast-page-background-enabled":"default","ast-page-background-meta":{"desktop":{"background-color":"var(--ast-global-color-4)","background-image":"","background-repeat":"repeat","background-position":"center center","background-size":"auto","background-attachment":"scroll","background-type":"","background-media":"","overlay-type":"","overlay-color":"","overlay-opacity":"","overlay-gradient":""},"tablet":{"background-color":"","background-image":"","background-repeat":"repeat","background-position":"center center","background-size":"auto","background-attachment":"scroll","background-type":"","background-media":"","overlay-type":"","overlay-color":"","overlay-opacity":"","overlay-gradient":""},"mobile":{"background-color":"","background-image":"","background-repeat":"repeat","background-position":"center center","background-size":"auto","background-attachment":"scroll","background-type":"","background-media":"","overlay-type":"","overlay-color":"","overlay-opacity":"","overlay-gradient":""}},"ast-content-background-meta":{"desktop":{"background-color":"var(--ast-global-color-5)","background-image":"","background-repeat":"repeat","background-position":"center center","background-size":"auto","background-attachment":"scroll","background-type":"","background-media":"","overlay-type":"","overlay-color":"","overlay-opacity":"","overlay-gradient":""},"tablet":{"background-color":"var(--ast-global-color-5)","background-image":"","background-repeat":"repeat","background-position":"center center","background-size":"auto","background-attachment":"scroll","background-type":"","background-media":"","overlay-type":"","overlay-color":"","overlay-opacity":"","overlay-gradient":""},"mobile":{"background-color":"var(--ast-global-color-5)","background-image":"","background-repeat":"repeat","background-position":"center center","background-size":"auto","background-attachment":"scroll","background-type":"","background-media":"","overlay-type":"","overlay-color":"","overlay-opacity":"","overlay-gradient":""}},"_themeisle_gutenberg_block_has_review":false,"footnotes":""},"categories":[151972],"tags":[],"class_list":["post-4403","post","type-post","status-publish","format-standard","hentry","category-dicas-e-curiosidades"],"yoast_head":"<!-- This site is optimized with the Yoast SEO plugin v23.4 - https:\/\/yoast.com\/wordpress\/plugins\/seo\/ -->\n<title>10 fatos hist\u00f3ricos que fazem anivers\u00e1rio em 2019 - Vai de Bolsa<\/title>\n<meta name=\"description\" content=\"Confira mais informa\u00e7\u00f5es sobre 10 fatos hist\u00f3ricos que marcaram \u00e9poca no ano de 2019 e que podem ser tema de reda\u00e7\u00f5es em provas de vestibulares\" \/>\n<meta name=\"robots\" content=\"index, follow, max-snippet:-1, max-image-preview:large, max-video-preview:-1\" \/>\n<link rel=\"canonical\" href=\"https:\/\/vaidebolsa.com.br\/blog\/dicas-e-curiosidades\/10-fatos-historicos-que-fazem-aniversario-em-2019\/\" \/>\n<meta property=\"og:locale\" content=\"pt_BR\" \/>\n<meta property=\"og:type\" content=\"article\" \/>\n<meta property=\"og:title\" content=\"10 fatos hist\u00f3ricos que fazem anivers\u00e1rio em 2019 - Vai de Bolsa\" \/>\n<meta property=\"og:description\" content=\"Confira mais informa\u00e7\u00f5es sobre 10 fatos hist\u00f3ricos que marcaram \u00e9poca no ano de 2019 e que podem ser tema de reda\u00e7\u00f5es em provas de vestibulares\" \/>\n<meta property=\"og:url\" content=\"https:\/\/vaidebolsa.com.br\/blog\/dicas-e-curiosidades\/10-fatos-historicos-que-fazem-aniversario-em-2019\/\" \/>\n<meta property=\"og:site_name\" content=\"Vai de Bolsa\" \/>\n<meta property=\"article:publisher\" content=\"https:\/\/www.facebook.com\/vdbeducacional\" \/>\n<meta property=\"article:published_time\" content=\"2019-12-06T10:33:00+00:00\" \/>\n<meta property=\"article:modified_time\" content=\"2023-08-14T18:30:25+00:00\" \/>\n<meta name=\"author\" content=\"Natalia Pereira\" \/>\n<meta name=\"twitter:card\" content=\"summary_large_image\" \/>\n<meta name=\"twitter:label1\" content=\"Escrito por\" \/>\n\t<meta name=\"twitter:data1\" content=\"Natalia Pereira\" \/>\n\t<meta name=\"twitter:label2\" content=\"Est. tempo de leitura\" \/>\n\t<meta name=\"twitter:data2\" content=\"9 minutos\" \/>\n<script type=\"application\/ld+json\" class=\"yoast-schema-graph\">{\"@context\":\"https:\/\/schema.org\",\"@graph\":[{\"@type\":\"Article\",\"@id\":\"https:\/\/vaidebolsa.com.br\/blog\/dicas-e-curiosidades\/10-fatos-historicos-que-fazem-aniversario-em-2019\/#article\",\"isPartOf\":{\"@id\":\"https:\/\/vaidebolsa.com.br\/blog\/dicas-e-curiosidades\/10-fatos-historicos-que-fazem-aniversario-em-2019\/\"},\"author\":{\"name\":\"Natalia Pereira\",\"@id\":\"https:\/\/vaidebolsa.com.br\/blog\/#\/schema\/person\/66c9e3f3a84ba9e04deec23f2938a105\"},\"headline\":\"10 fatos hist\u00f3ricos que fazem anivers\u00e1rio em 2019\",\"datePublished\":\"2019-12-06T10:33:00+00:00\",\"dateModified\":\"2023-08-14T18:30:25+00:00\",\"mainEntityOfPage\":{\"@id\":\"https:\/\/vaidebolsa.com.br\/blog\/dicas-e-curiosidades\/10-fatos-historicos-que-fazem-aniversario-em-2019\/\"},\"wordCount\":1844,\"commentCount\":0,\"publisher\":{\"@id\":\"https:\/\/vaidebolsa.com.br\/blog\/#organization\"},\"articleSection\":[\"Dicas e Curiosidades\"],\"inLanguage\":\"pt-BR\",\"potentialAction\":[{\"@type\":\"CommentAction\",\"name\":\"Comment\",\"target\":[\"https:\/\/vaidebolsa.com.br\/blog\/dicas-e-curiosidades\/10-fatos-historicos-que-fazem-aniversario-em-2019\/#respond\"]}]},{\"@type\":\"WebPage\",\"@id\":\"https:\/\/vaidebolsa.com.br\/blog\/dicas-e-curiosidades\/10-fatos-historicos-que-fazem-aniversario-em-2019\/\",\"url\":\"https:\/\/vaidebolsa.com.br\/blog\/dicas-e-curiosidades\/10-fatos-historicos-que-fazem-aniversario-em-2019\/\",\"name\":\"10 fatos hist\u00f3ricos que fazem anivers\u00e1rio em 2019 - Vai de Bolsa\",\"isPartOf\":{\"@id\":\"https:\/\/vaidebolsa.com.br\/blog\/#website\"},\"datePublished\":\"2019-12-06T10:33:00+00:00\",\"dateModified\":\"2023-08-14T18:30:25+00:00\",\"description\":\"Confira mais informa\u00e7\u00f5es sobre 10 fatos hist\u00f3ricos que marcaram \u00e9poca no ano de 2019 e que podem ser tema de reda\u00e7\u00f5es em provas de vestibulares\",\"breadcrumb\":{\"@id\":\"https:\/\/vaidebolsa.com.br\/blog\/dicas-e-curiosidades\/10-fatos-historicos-que-fazem-aniversario-em-2019\/#breadcrumb\"},\"inLanguage\":\"pt-BR\",\"potentialAction\":[{\"@type\":\"ReadAction\",\"target\":[\"https:\/\/vaidebolsa.com.br\/blog\/dicas-e-curiosidades\/10-fatos-historicos-que-fazem-aniversario-em-2019\/\"]}]},{\"@type\":\"BreadcrumbList\",\"@id\":\"https:\/\/vaidebolsa.com.br\/blog\/dicas-e-curiosidades\/10-fatos-historicos-que-fazem-aniversario-em-2019\/#breadcrumb\",\"itemListElement\":[{\"@type\":\"ListItem\",\"position\":1,\"name\":\"Home\",\"item\":\"https:\/\/vaidebolsa.com.br\/blog\/\"},{\"@type\":\"ListItem\",\"position\":2,\"name\":\"10 fatos hist\u00f3ricos que fazem anivers\u00e1rio em 2019\"}]},{\"@type\":\"WebSite\",\"@id\":\"https:\/\/vaidebolsa.com.br\/blog\/#website\",\"url\":\"https:\/\/vaidebolsa.com.br\/blog\/\",\"name\":\"Vai de Bolsa\",\"description\":\"Vai de Bolsa: Bolsas de Estudo com at\u00e9 70% de Desconto!\",\"publisher\":{\"@id\":\"https:\/\/vaidebolsa.com.br\/blog\/#organization\"},\"potentialAction\":[{\"@type\":\"SearchAction\",\"target\":{\"@type\":\"EntryPoint\",\"urlTemplate\":\"https:\/\/vaidebolsa.com.br\/blog\/?s={search_term_string}\"},\"query-input\":{\"@type\":\"PropertyValueSpecification\",\"valueRequired\":true,\"valueName\":\"search_term_string\"}}],\"inLanguage\":\"pt-BR\"},{\"@type\":\"Organization\",\"@id\":\"https:\/\/vaidebolsa.com.br\/blog\/#organization\",\"name\":\"Vai de Bolsa\",\"url\":\"https:\/\/vaidebolsa.com.br\/blog\/\",\"logo\":{\"@type\":\"ImageObject\",\"inLanguage\":\"pt-BR\",\"@id\":\"https:\/\/vaidebolsa.com.br\/blog\/#\/schema\/logo\/image\/\",\"url\":\"https:\/\/vaidebolsa.com.br\/blog\/wp-content\/uploads\/2022\/03\/Logo-Vai-de-Bolsa-cor-e1648649224262.png\",\"contentUrl\":\"https:\/\/vaidebolsa.com.br\/blog\/wp-content\/uploads\/2022\/03\/Logo-Vai-de-Bolsa-cor-e1648649224262.png\",\"width\":180,\"height\":90,\"caption\":\"Vai de Bolsa\"},\"image\":{\"@id\":\"https:\/\/vaidebolsa.com.br\/blog\/#\/schema\/logo\/image\/\"},\"sameAs\":[\"https:\/\/www.facebook.com\/vdbeducacional\",\"https:\/\/www.instagram.com\/vaidebolsa_\/\"]},{\"@type\":\"Person\",\"@id\":\"https:\/\/vaidebolsa.com.br\/blog\/#\/schema\/person\/66c9e3f3a84ba9e04deec23f2938a105\",\"name\":\"Natalia Pereira\",\"image\":{\"@type\":\"ImageObject\",\"inLanguage\":\"pt-BR\",\"@id\":\"https:\/\/vaidebolsa.com.br\/blog\/#\/schema\/person\/image\/\",\"url\":\"http:\/\/0.gravatar.com\/avatar\/f1ab57fb53849c617df1cb34eb8ae2d8?s=96&d=mm&r=g\",\"contentUrl\":\"http:\/\/0.gravatar.com\/avatar\/f1ab57fb53849c617df1cb34eb8ae2d8?s=96&d=mm&r=g\",\"caption\":\"Natalia Pereira\"},\"description\":\"Formada em Publicidade e Propaganda com bolsa de estudos, Nat\u00e1lia Pereira passou por todos os dilemas que envolvem a vida de um jovem que est\u00e1 prestes a sair do ensino m\u00e9dio e se depara com o desafio de entrar em uma boa faculdade pagando pouco. Hoje, aos 23 anos, atua como Analista de Marketing e escreve sobre educa\u00e7\u00e3o no Vai de Bolsa.\",\"url\":\"https:\/\/vaidebolsa.com.br\/blog\/author\/natalia\/\"}]}<\/script>\n<!-- \/ Yoast SEO plugin. -->","yoast_head_json":{"title":"10 fatos hist\u00f3ricos que fazem anivers\u00e1rio em 2019 - Vai de Bolsa","description":"Confira mais informa\u00e7\u00f5es sobre 10 fatos hist\u00f3ricos que marcaram \u00e9poca no ano de 2019 e que podem ser tema de reda\u00e7\u00f5es em provas de vestibulares","robots":{"index":"index","follow":"follow","max-snippet":"max-snippet:-1","max-image-preview":"max-image-preview:large","max-video-preview":"max-video-preview:-1"},"canonical":"https:\/\/vaidebolsa.com.br\/blog\/dicas-e-curiosidades\/10-fatos-historicos-que-fazem-aniversario-em-2019\/","og_locale":"pt_BR","og_type":"article","og_title":"10 fatos hist\u00f3ricos que fazem anivers\u00e1rio em 2019 - Vai de Bolsa","og_description":"Confira mais informa\u00e7\u00f5es sobre 10 fatos hist\u00f3ricos que marcaram \u00e9poca no ano de 2019 e que podem ser tema de reda\u00e7\u00f5es em provas de vestibulares","og_url":"https:\/\/vaidebolsa.com.br\/blog\/dicas-e-curiosidades\/10-fatos-historicos-que-fazem-aniversario-em-2019\/","og_site_name":"Vai de Bolsa","article_publisher":"https:\/\/www.facebook.com\/vdbeducacional","article_published_time":"2019-12-06T10:33:00+00:00","article_modified_time":"2023-08-14T18:30:25+00:00","author":"Natalia Pereira","twitter_card":"summary_large_image","twitter_misc":{"Escrito por":"Natalia Pereira","Est. tempo de leitura":"9 minutos"},"schema":{"@context":"https:\/\/schema.org","@graph":[{"@type":"Article","@id":"https:\/\/vaidebolsa.com.br\/blog\/dicas-e-curiosidades\/10-fatos-historicos-que-fazem-aniversario-em-2019\/#article","isPartOf":{"@id":"https:\/\/vaidebolsa.com.br\/blog\/dicas-e-curiosidades\/10-fatos-historicos-que-fazem-aniversario-em-2019\/"},"author":{"name":"Natalia Pereira","@id":"https:\/\/vaidebolsa.com.br\/blog\/#\/schema\/person\/66c9e3f3a84ba9e04deec23f2938a105"},"headline":"10 fatos hist\u00f3ricos que fazem anivers\u00e1rio em 2019","datePublished":"2019-12-06T10:33:00+00:00","dateModified":"2023-08-14T18:30:25+00:00","mainEntityOfPage":{"@id":"https:\/\/vaidebolsa.com.br\/blog\/dicas-e-curiosidades\/10-fatos-historicos-que-fazem-aniversario-em-2019\/"},"wordCount":1844,"commentCount":0,"publisher":{"@id":"https:\/\/vaidebolsa.com.br\/blog\/#organization"},"articleSection":["Dicas e Curiosidades"],"inLanguage":"pt-BR","potentialAction":[{"@type":"CommentAction","name":"Comment","target":["https:\/\/vaidebolsa.com.br\/blog\/dicas-e-curiosidades\/10-fatos-historicos-que-fazem-aniversario-em-2019\/#respond"]}]},{"@type":"WebPage","@id":"https:\/\/vaidebolsa.com.br\/blog\/dicas-e-curiosidades\/10-fatos-historicos-que-fazem-aniversario-em-2019\/","url":"https:\/\/vaidebolsa.com.br\/blog\/dicas-e-curiosidades\/10-fatos-historicos-que-fazem-aniversario-em-2019\/","name":"10 fatos hist\u00f3ricos que fazem anivers\u00e1rio em 2019 - Vai de Bolsa","isPartOf":{"@id":"https:\/\/vaidebolsa.com.br\/blog\/#website"},"datePublished":"2019-12-06T10:33:00+00:00","dateModified":"2023-08-14T18:30:25+00:00","description":"Confira mais informa\u00e7\u00f5es sobre 10 fatos hist\u00f3ricos que marcaram \u00e9poca no ano de 2019 e que podem ser tema de reda\u00e7\u00f5es em provas de vestibulares","breadcrumb":{"@id":"https:\/\/vaidebolsa.com.br\/blog\/dicas-e-curiosidades\/10-fatos-historicos-que-fazem-aniversario-em-2019\/#breadcrumb"},"inLanguage":"pt-BR","potentialAction":[{"@type":"ReadAction","target":["https:\/\/vaidebolsa.com.br\/blog\/dicas-e-curiosidades\/10-fatos-historicos-que-fazem-aniversario-em-2019\/"]}]},{"@type":"BreadcrumbList","@id":"https:\/\/vaidebolsa.com.br\/blog\/dicas-e-curiosidades\/10-fatos-historicos-que-fazem-aniversario-em-2019\/#breadcrumb","itemListElement":[{"@type":"ListItem","position":1,"name":"Home","item":"https:\/\/vaidebolsa.com.br\/blog\/"},{"@type":"ListItem","position":2,"name":"10 fatos hist\u00f3ricos que fazem anivers\u00e1rio em 2019"}]},{"@type":"WebSite","@id":"https:\/\/vaidebolsa.com.br\/blog\/#website","url":"https:\/\/vaidebolsa.com.br\/blog\/","name":"Vai de Bolsa","description":"Vai de Bolsa: Bolsas de Estudo com at\u00e9 70% de Desconto!","publisher":{"@id":"https:\/\/vaidebolsa.com.br\/blog\/#organization"},"potentialAction":[{"@type":"SearchAction","target":{"@type":"EntryPoint","urlTemplate":"https:\/\/vaidebolsa.com.br\/blog\/?s={search_term_string}"},"query-input":{"@type":"PropertyValueSpecification","valueRequired":true,"valueName":"search_term_string"}}],"inLanguage":"pt-BR"},{"@type":"Organization","@id":"https:\/\/vaidebolsa.com.br\/blog\/#organization","name":"Vai de Bolsa","url":"https:\/\/vaidebolsa.com.br\/blog\/","logo":{"@type":"ImageObject","inLanguage":"pt-BR","@id":"https:\/\/vaidebolsa.com.br\/blog\/#\/schema\/logo\/image\/","url":"https:\/\/vaidebolsa.com.br\/blog\/wp-content\/uploads\/2022\/03\/Logo-Vai-de-Bolsa-cor-e1648649224262.png","contentUrl":"https:\/\/vaidebolsa.com.br\/blog\/wp-content\/uploads\/2022\/03\/Logo-Vai-de-Bolsa-cor-e1648649224262.png","width":180,"height":90,"caption":"Vai de Bolsa"},"image":{"@id":"https:\/\/vaidebolsa.com.br\/blog\/#\/schema\/logo\/image\/"},"sameAs":["https:\/\/www.facebook.com\/vdbeducacional","https:\/\/www.instagram.com\/vaidebolsa_\/"]},{"@type":"Person","@id":"https:\/\/vaidebolsa.com.br\/blog\/#\/schema\/person\/66c9e3f3a84ba9e04deec23f2938a105","name":"Natalia Pereira","image":{"@type":"ImageObject","inLanguage":"pt-BR","@id":"https:\/\/vaidebolsa.com.br\/blog\/#\/schema\/person\/image\/","url":"http:\/\/0.gravatar.com\/avatar\/f1ab57fb53849c617df1cb34eb8ae2d8?s=96&d=mm&r=g","contentUrl":"http:\/\/0.gravatar.com\/avatar\/f1ab57fb53849c617df1cb34eb8ae2d8?s=96&d=mm&r=g","caption":"Natalia Pereira"},"description":"Formada em Publicidade e Propaganda com bolsa de estudos, Nat\u00e1lia Pereira passou por todos os dilemas que envolvem a vida de um jovem que est\u00e1 prestes a sair do ensino m\u00e9dio e se depara com o desafio de entrar em uma boa faculdade pagando pouco. Hoje, aos 23 anos, atua como Analista de Marketing e escreve sobre educa\u00e7\u00e3o no Vai de Bolsa.","url":"https:\/\/vaidebolsa.com.br\/blog\/author\/natalia\/"}]}},"_links":{"self":[{"href":"https:\/\/vaidebolsa.com.br\/blog\/wp-json\/wp\/v2\/posts\/4403"}],"collection":[{"href":"https:\/\/vaidebolsa.com.br\/blog\/wp-json\/wp\/v2\/posts"}],"about":[{"href":"https:\/\/vaidebolsa.com.br\/blog\/wp-json\/wp\/v2\/types\/post"}],"author":[{"embeddable":true,"href":"https:\/\/vaidebolsa.com.br\/blog\/wp-json\/wp\/v2\/users\/67"}],"replies":[{"embeddable":true,"href":"https:\/\/vaidebolsa.com.br\/blog\/wp-json\/wp\/v2\/comments?post=4403"}],"version-history":[{"count":1,"href":"https:\/\/vaidebolsa.com.br\/blog\/wp-json\/wp\/v2\/posts\/4403\/revisions"}],"predecessor-version":[{"id":17181321746,"href":"https:\/\/vaidebolsa.com.br\/blog\/wp-json\/wp\/v2\/posts\/4403\/revisions\/17181321746"}],"wp:attachment":[{"href":"https:\/\/vaidebolsa.com.br\/blog\/wp-json\/wp\/v2\/media?parent=4403"}],"wp:term":[{"taxonomy":"category","embeddable":true,"href":"https:\/\/vaidebolsa.com.br\/blog\/wp-json\/wp\/v2\/categories?post=4403"},{"taxonomy":"post_tag","embeddable":true,"href":"https:\/\/vaidebolsa.com.br\/blog\/wp-json\/wp\/v2\/tags?post=4403"}],"curies":[{"name":"wp","href":"https:\/\/api.w.org\/{rel}","templated":true}]}}