{"id":479424,"date":"2019-07-11T10:10:35","date_gmt":"2019-07-11T13:10:35","guid":{"rendered":"https:\/\/vaidebolsa.com.br\/?p=472"},"modified":"2023-10-10T11:26:18","modified_gmt":"2023-10-10T14:26:18","slug":"5-caracteristicas-profissionais-em-alta-no-mercado","status":"publish","type":"post","link":"https:\/\/vaidebolsa.com.br\/blog\/mercado-de-trabalho\/5-caracteristicas-profissionais-em-alta-no-mercado\/","title":{"rendered":"5 caracter\u00edsticas profissionais em alta no mercado"},"content":{"rendered":"<p><!DOCTYPE html PUBLIC \"-\/\/W3C\/\/DTD HTML 4.0 Transitional\/\/EN\" \"http:\/\/www.w3.org\/TR\/REC-html40\/loose.dtd\"><br \/>\n<?xml encoding=\"utf-8\" ?><?xml encoding=\"utf-8\" ?><html><body><\/p>\n<p>Quando voc&ecirc; pensa no <a href=\"https:\/\/vaidebolsa.com.br\/descubra-as-habilidades-e-competencias-mais-procuradas-do-mercado\/\" target=\"_blank\" rel=\"noopener\"><strong>mercado de trabalho<\/strong><\/a> do futuro, tamb&eacute;m passa pela sua cabe&ccedil;a que muitas vagas que existem atualmente podem ser &ldquo;perdidas&rdquo; para rob&ocirc;s? Bem, a verdade &eacute; que algumas fun&ccedil;&otilde;es realmente poder&atilde;o ser substitu&iacute;das por rob&ocirc;s e intelig&ecirc;ncia artificial (AI), mas n&atilde;o todas. Apesar de desempenharem um papel importante na revolu&ccedil;&atilde;o tecnol&oacute;gica, os rob&ocirc;s e a AI n&atilde;o conseguem exercer algumas caracter&iacute;sticas profissionais que s&atilde;o exclusivas de humanos.<\/p>\n<p><!--more--><\/p>\n<p>&Eacute; fato que rob&ocirc;s e AI ter&atilde;o um papel importante no <a href=\"https:\/\/vaidebolsa.com.br\/profissoes-em-alta-conheca-carreiras-favorecidas-pela-tecnologia\/\" target=\"_blank\" rel=\"noopener\"><strong>futuro<\/strong><\/a> (ou podemos dizer que j&aacute; t&ecirc;m?), mas a presen&ccedil;a de seres humanos ainda ser&aacute; indispens&aacute;vel em muitas fun&ccedil;&otilde;es. Por isso, para suprir as necessidades de um novo mercado, novos postos de trabalho ainda ser&atilde;o criados. Se voc&ecirc; quer se preparar para o futuro do mercado de trabalho e descobrir quais caracter&iacute;sticas profissionais est&atilde;o em alta e seguir&atilde;o assim nos pr&oacute;ximos anos, continue lendo este conte&uacute;do!\n<\/p>\n<h2>As 5 caracter&iacute;sticas profissionais que mais ser&atilde;o requisitadas no futuro<\/h2>\n<p>Segundo <a href=\"https:\/\/reports.weforum.org\/future-of-jobs-2016\/chapter-1-the-future-of-jobs-and-skills\/\" target=\"_blank\" rel=\"noopener\"><strong>pesquisa<\/strong><\/a> desenvolvida pelo World Economic Forum (WEF), mais da metade dos empregos que os jovens atuais ter&atilde;o no futuro ser&aacute; criada em profiss&otilde;es que ainda n&atilde;o existem. Portanto, para ter sucesso no mercado de trabalho futuro &eacute; preciso desenvolver algumas caracter&iacute;sticas profissionais indispens&aacute;veis.<\/p>\n<p>Para entender quais s&atilde;o as caracter&iacute;sticas necess&aacute;rias para suprir as novas demandas do mercado, cada vez mais permeadas por tecnologias digitais, f&iacute;sicas e biol&oacute;gicas, o WEF desenvolveu uma pesquisa junto aos maiores especialistas de recursos humanos e gest&atilde;o do mundo. Esse levantamento originou o relat&oacute;rio <a href=\"https:\/\/www.weforum.org\/agenda\/2016\/01\/the-10-skills-you-need-to-thrive-in-the-fourth-industrial-revolution\/\" target=\"_blank\" rel=\"noopener\"><strong>The Future of Jobs: Employment, Skills and Workforce Strategy for the Fourth Industrial Revolution<\/strong><\/a>.<\/p>\n<p>Esse documento lista algumas habilidades que todo profissional deve desenvolver at&eacute; 2020 se quiser prosperar no mercado de trabalho que est&aacute; em cria&ccedil;&atilde;o e expans&atilde;o. Abaixo, listamos as 5 caracter&iacute;sticas profissionais consideradas fundamentais. Confira:<\/p>\n<h3>1. Flexibilidade cognitiva<\/h3>\n<p>Desenvolver a habilidade de resolver problemas com caminhos alternativos, saber olhar para diferentes alternativas e solu&ccedil;&otilde;es, imaginar novas formas de fazer as mesmas coisas s&atilde;o algumas das maneiras de definir o que &eacute; flexibilidade cognitiva.<\/p>\n<p>Se desafiar constantemente para sair da zona de conforto &eacute; uma habilidade cada vez mais pedida, por isso os profissionais precisam ser flex&iacute;veis. Como muitos problemas ainda est&atilde;o sendo mapeados e n&atilde;o tem uma solu&ccedil;&atilde;o em um guia ou manual, as organiza&ccedil;&otilde;es precisam cada vez mais de profissionais que possam apresentar respostas para as demandas que surgem diariamente.<\/p>\n<h3>2. Negocia&ccedil;&atilde;o<\/h3>\n<p>A automa&ccedil;&atilde;o proporciona mais agilidade aos processos, mas as m&aacute;quinas n&atilde;o exercem habilidades sociais. Por isso os profissionais do futuro, que devem trabalhar com pessoas e com rob&ocirc;s e intelig&ecirc;ncia artificial de forma simult&acirc;nea, precisam desenvolver as habilidades sociais e de negocia&ccedil;&atilde;o para estar sempre &agrave; frente.<\/p>\n<p>Nesse sentido, saber negociar com colegas, clientes, gestores e equipe ser&aacute; fundamental no cen&aacute;rio do mercado do futuro. Isso, inclusive, no caso dos <a href=\"https:\/\/vaidebolsa.com.br\/empregabilidade-por-que-o-ensino-tecnico-ajuda-a-conseguir-uma-vaga\/\" target=\"_blank\" rel=\"noopener\"><strong>cargos t&eacute;cnicos<\/strong><\/a>. Para conquistar essa que &eacute; uma das mais importantes caracter&iacute;sticas profissionais do futuro, treine suas habilidades interpessoais.<\/p>\n<h3>3. Pensamento cr&iacute;tico<\/h3>\n<p>Pensar de forma cr&iacute;tica, l&oacute;gica e racional &eacute; uma caracter&iacute;stica profissional requisitada em todas as &aacute;reas e que ser&aacute; cada vez mais valorizada. No futuro, ser&aacute; imprescind&iacute;vel saber usar o racioc&iacute;nio l&oacute;gico para identificar novas solu&ccedil;&otilde;es e considerar diferentes caminhos a seguir a fim de superar os desafios di&aacute;rios.<\/p>\n<h3>4. Intelig&ecirc;ncia emocional<\/h3>\n<p>Talvez a mais comentada na lista das caracter&iacute;sticas profissionais do <a href=\"https:\/\/vaidebolsa.com.br\/5-estrategias-para-acelerar-a-sua-ascensao-profissional-e-voltar-a-estudar\/\" target=\"_blank\" rel=\"noopener\"><strong>mercado de trabalho<\/strong><\/a> do futuro, a intelig&ecirc;ncia emocional &eacute; a habilidade de reconhecer e avaliar suas emo&ccedil;&otilde;es e sentimentos, al&eacute;m de ter empatia com os sentimentos dos outros para trabalhar em harmonia e atingir os resultados almejados.<\/p>\n<p>Essa &eacute; outra habilidade social extremamente importante e imposs&iacute;vel de ser desempenhada por m&aacute;quinas. Por isso mesmo, ela ser&aacute; fundamental para os profissionais que quiserem continuar competitivos no mercado, principalmente para quem deseja desempenhar cargos de lideran&ccedil;a e de gest&atilde;o.<\/p>\n<h3>5. Criatividade<\/h3>\n<p>O que falar da capacidade humana em conectar informa&ccedil;&otilde;es diferentes para apresentar ideias inovadoras? A criatividade &eacute; uma habilidade inerente aos humanos e o novo mercado de trabalho, com suas <a href=\"https:\/\/vaidebolsa.com.br\/por-que-os-cursos-de-graduacao-tecnologica-estao-em-alta\/\" target=\"_blank\" rel=\"noopener\"><strong>novas tecnologias<\/strong><\/a> e produtos, exige a atua&ccedil;&atilde;o de profissionais que possam usar do seu senso criativo para assimilar e criar novos neg&oacute;cios e solu&ccedil;&otilde;es em meio a uma realidade de mudan&ccedil;as constantes.<\/p>\n<p>Chegamos ao fim de mais um conte&uacute;do e &eacute; ineg&aacute;vel como as constantes mudan&ccedil;as e avan&ccedil;os tecnol&oacute;gicos transformaram rapidamente o mercado de trabalho. Para n&atilde;o ficar de fora, portanto, &eacute; importante desenvolver as caracter&iacute;sticas profissionais que acompanham essas mudan&ccedil;as.<\/p>\n<p>A faculdade &eacute; o ambiente em que as habilidades de um profissional s&atilde;o valorizadas e desenvolvidas. Sabendo disso, aproveite a &eacute;poca da <a href=\"https:\/\/matriculas.estacio.br\/cursos?utm_source=blog_post&amp;utm_medium=blog&amp;utm_content=5-caracteristicas-profissionais-em-alta-no-mercado\" target=\"_blank\" rel=\"noopener\"><strong>gradua&ccedil;&atilde;o<\/strong><\/a> para estimular o aprendizado das novas caracter&iacute;sticas profissionais relevantes para o mercado de trabalho e prepare-se para um futuro de muito sucesso!<\/p>\n<p>&nbsp;<\/p>\n<p><a href=\"https:\/\/vaidebolsa.com.br\/escolha-sua-bolsa\/\" target=\"_blank\" rel=\"noopener\"><img fetchpriority=\"high\" decoding=\"async\" class=\"alignnone wp-image-184 size-full\" src=\"https:\/\/vaidebolsa.com.br\/blog\/wp-content\/uploads\/2018\/11\/cta-blog_Prancheta-1.jpg\" alt=\"5 caracter&iacute;sticas profissionais em alta no mercado\" width=\"750\" height=\"360\"><\/a><\/body><\/html><\/p>\n","protected":false},"excerpt":{"rendered":"<p>Quando voc&ecirc; pensa no mercado de trabalho do futuro, tamb&eacute;m passa pela sua cabe&ccedil;a que muitas vagas que existem atualmente podem ser &ldquo;perdidas&rdquo; para rob&ocirc;s? Bem, a verdade &eacute; que algumas fun&ccedil;&otilde;es realmente poder&atilde;o ser substitu&iacute;das por rob&ocirc;s e intelig&ecirc;ncia artificial (AI), mas n&atilde;o todas. Apesar de desempenharem um papel importante na revolu&ccedil;&atilde;o tecnol&oacute;gica, os [&hellip;]<\/p>\n","protected":false},"author":67,"featured_media":0,"comment_status":"open","ping_status":"open","sticky":false,"template":"","format":"standard","meta":{"om_disable_all_campaigns":false,"site-sidebar-layout":"default","site-content-layout":"","ast-site-content-layout":"","site-content-style":"default","site-sidebar-style":"default","ast-global-header-display":"","ast-banner-title-visibility":"","ast-main-header-display":"","ast-hfb-above-header-display":"","ast-hfb-below-header-display":"","ast-hfb-mobile-header-display":"","site-post-title":"","ast-breadcrumbs-content":"","ast-featured-img":"","footer-sml-layout":"","theme-transparent-header-meta":"","adv-header-id-meta":"","stick-header-meta":"","header-above-stick-meta":"","header-main-stick-meta":"","header-below-stick-meta":"","astra-migrate-meta-layouts":"default","ast-page-background-enabled":"default","ast-page-background-meta":{"desktop":{"background-color":"var(--ast-global-color-4)","background-image":"","background-repeat":"repeat","background-position":"center center","background-size":"auto","background-attachment":"scroll","background-type":"","background-media":"","overlay-type":"","overlay-color":"","overlay-opacity":"","overlay-gradient":""},"tablet":{"background-color":"","background-image":"","background-repeat":"repeat","background-position":"center center","background-size":"auto","background-attachment":"scroll","background-type":"","background-media":"","overlay-type":"","overlay-color":"","overlay-opacity":"","overlay-gradient":""},"mobile":{"background-color":"","background-image":"","background-repeat":"repeat","background-position":"center center","background-size":"auto","background-attachment":"scroll","background-type":"","background-media":"","overlay-type":"","overlay-color":"","overlay-opacity":"","overlay-gradient":""}},"ast-content-background-meta":{"desktop":{"background-color":"var(--ast-global-color-5)","background-image":"","background-repeat":"repeat","background-position":"center center","background-size":"auto","background-attachment":"scroll","background-type":"","background-media":"","overlay-type":"","overlay-color":"","overlay-opacity":"","overlay-gradient":""},"tablet":{"background-color":"var(--ast-global-color-5)","background-image":"","background-repeat":"repeat","background-position":"center center","background-size":"auto","background-attachment":"scroll","background-type":"","background-media":"","overlay-type":"","overlay-color":"","overlay-opacity":"","overlay-gradient":""},"mobile":{"background-color":"var(--ast-global-color-5)","background-image":"","background-repeat":"repeat","background-position":"center center","background-size":"auto","background-attachment":"scroll","background-type":"","background-media":"","overlay-type":"","overlay-color":"","overlay-opacity":"","overlay-gradient":""}},"_themeisle_gutenberg_block_has_review":false,"footnotes":""},"categories":[151969],"tags":[],"class_list":["post-479424","post","type-post","status-publish","format-standard","hentry","category-mercado-de-trabalho"],"yoast_head":"<!-- This site is optimized with the Yoast SEO plugin v23.4 - https:\/\/yoast.com\/wordpress\/plugins\/seo\/ -->\n<title>5 caracter\u00edsticas profissionais em alta no mercado<\/title>\n<meta name=\"description\" content=\"Muitas profiss\u00f5es v\u00e3o sumir com o tempo ou ser substitu\u00eddas pela tecnologia. Mas h\u00e1 caracter\u00edsticas profissionais que sempre ser\u00e3o feitas por humanos.\" \/>\n<meta name=\"robots\" content=\"index, follow, max-snippet:-1, max-image-preview:large, max-video-preview:-1\" \/>\n<link rel=\"canonical\" href=\"https:\/\/shared-php.server.vaidebolsa.com.br\/blog\/mercado-de-trabalho\/5-caracteristicas-profissionais-em-alta-no-mercado\/\" \/>\n<meta property=\"og:locale\" content=\"pt_BR\" \/>\n<meta property=\"og:type\" content=\"article\" \/>\n<meta property=\"og:title\" content=\"5 caracter\u00edsticas profissionais em alta no mercado\" \/>\n<meta property=\"og:description\" content=\"Muitas profiss\u00f5es v\u00e3o sumir com o tempo ou ser substitu\u00eddas pela tecnologia. Mas h\u00e1 caracter\u00edsticas profissionais que sempre ser\u00e3o feitas por humanos.\" \/>\n<meta property=\"og:url\" content=\"https:\/\/shared-php.server.vaidebolsa.com.br\/blog\/mercado-de-trabalho\/5-caracteristicas-profissionais-em-alta-no-mercado\/\" \/>\n<meta property=\"og:site_name\" content=\"Vai de Bolsa\" \/>\n<meta property=\"article:publisher\" content=\"https:\/\/www.facebook.com\/vdbeducacional\" \/>\n<meta property=\"article:published_time\" content=\"2019-07-11T13:10:35+00:00\" \/>\n<meta property=\"article:modified_time\" content=\"2023-10-10T14:26:18+00:00\" \/>\n<meta property=\"og:image\" content=\"https:\/\/vaidebolsa.com.br\/blog\/wp-content\/uploads\/2018\/11\/cta-blog_Prancheta-1.jpg\" \/>\n<meta name=\"author\" content=\"Natalia Pereira\" \/>\n<meta name=\"twitter:card\" content=\"summary_large_image\" \/>\n<meta name=\"twitter:label1\" content=\"Escrito por\" \/>\n\t<meta name=\"twitter:data1\" content=\"Natalia Pereira\" \/>\n\t<meta name=\"twitter:label2\" content=\"Est. tempo de leitura\" \/>\n\t<meta name=\"twitter:data2\" content=\"5 minutos\" \/>\n<script type=\"application\/ld+json\" class=\"yoast-schema-graph\">{\"@context\":\"https:\/\/schema.org\",\"@graph\":[{\"@type\":\"Article\",\"@id\":\"https:\/\/shared-php.server.vaidebolsa.com.br\/blog\/mercado-de-trabalho\/5-caracteristicas-profissionais-em-alta-no-mercado\/#article\",\"isPartOf\":{\"@id\":\"https:\/\/shared-php.server.vaidebolsa.com.br\/blog\/mercado-de-trabalho\/5-caracteristicas-profissionais-em-alta-no-mercado\/\"},\"author\":{\"name\":\"Natalia Pereira\",\"@id\":\"https:\/\/vaidebolsa.com.br\/blog\/#\/schema\/person\/66c9e3f3a84ba9e04deec23f2938a105\"},\"headline\":\"5 caracter\u00edsticas profissionais em alta no mercado\",\"datePublished\":\"2019-07-11T13:10:35+00:00\",\"dateModified\":\"2023-10-10T14:26:18+00:00\",\"mainEntityOfPage\":{\"@id\":\"https:\/\/shared-php.server.vaidebolsa.com.br\/blog\/mercado-de-trabalho\/5-caracteristicas-profissionais-em-alta-no-mercado\/\"},\"wordCount\":994,\"commentCount\":0,\"publisher\":{\"@id\":\"https:\/\/vaidebolsa.com.br\/blog\/#organization\"},\"image\":{\"@id\":\"https:\/\/shared-php.server.vaidebolsa.com.br\/blog\/mercado-de-trabalho\/5-caracteristicas-profissionais-em-alta-no-mercado\/#primaryimage\"},\"thumbnailUrl\":\"https:\/\/vaidebolsa.com.br\/blog\/wp-content\/uploads\/2018\/11\/cta-blog_Prancheta-1.jpg\",\"articleSection\":[\"Mercado de trabalho\"],\"inLanguage\":\"pt-BR\",\"potentialAction\":[{\"@type\":\"CommentAction\",\"name\":\"Comment\",\"target\":[\"https:\/\/shared-php.server.vaidebolsa.com.br\/blog\/mercado-de-trabalho\/5-caracteristicas-profissionais-em-alta-no-mercado\/#respond\"]}]},{\"@type\":\"WebPage\",\"@id\":\"https:\/\/shared-php.server.vaidebolsa.com.br\/blog\/mercado-de-trabalho\/5-caracteristicas-profissionais-em-alta-no-mercado\/\",\"url\":\"https:\/\/shared-php.server.vaidebolsa.com.br\/blog\/mercado-de-trabalho\/5-caracteristicas-profissionais-em-alta-no-mercado\/\",\"name\":\"5 caracter\u00edsticas profissionais em alta no mercado\",\"isPartOf\":{\"@id\":\"https:\/\/vaidebolsa.com.br\/blog\/#website\"},\"primaryImageOfPage\":{\"@id\":\"https:\/\/shared-php.server.vaidebolsa.com.br\/blog\/mercado-de-trabalho\/5-caracteristicas-profissionais-em-alta-no-mercado\/#primaryimage\"},\"image\":{\"@id\":\"https:\/\/shared-php.server.vaidebolsa.com.br\/blog\/mercado-de-trabalho\/5-caracteristicas-profissionais-em-alta-no-mercado\/#primaryimage\"},\"thumbnailUrl\":\"https:\/\/vaidebolsa.com.br\/blog\/wp-content\/uploads\/2018\/11\/cta-blog_Prancheta-1.jpg\",\"datePublished\":\"2019-07-11T13:10:35+00:00\",\"dateModified\":\"2023-10-10T14:26:18+00:00\",\"description\":\"Muitas profiss\u00f5es v\u00e3o sumir com o tempo ou ser substitu\u00eddas pela tecnologia. Mas h\u00e1 caracter\u00edsticas profissionais que sempre ser\u00e3o feitas por humanos.\",\"breadcrumb\":{\"@id\":\"https:\/\/shared-php.server.vaidebolsa.com.br\/blog\/mercado-de-trabalho\/5-caracteristicas-profissionais-em-alta-no-mercado\/#breadcrumb\"},\"inLanguage\":\"pt-BR\",\"potentialAction\":[{\"@type\":\"ReadAction\",\"target\":[\"https:\/\/shared-php.server.vaidebolsa.com.br\/blog\/mercado-de-trabalho\/5-caracteristicas-profissionais-em-alta-no-mercado\/\"]}]},{\"@type\":\"ImageObject\",\"inLanguage\":\"pt-BR\",\"@id\":\"https:\/\/shared-php.server.vaidebolsa.com.br\/blog\/mercado-de-trabalho\/5-caracteristicas-profissionais-em-alta-no-mercado\/#primaryimage\",\"url\":\"https:\/\/vaidebolsa.com.br\/blog\/wp-content\/uploads\/2018\/11\/cta-blog_Prancheta-1.jpg\",\"contentUrl\":\"https:\/\/vaidebolsa.com.br\/blog\/wp-content\/uploads\/2018\/11\/cta-blog_Prancheta-1.jpg\"},{\"@type\":\"BreadcrumbList\",\"@id\":\"https:\/\/shared-php.server.vaidebolsa.com.br\/blog\/mercado-de-trabalho\/5-caracteristicas-profissionais-em-alta-no-mercado\/#breadcrumb\",\"itemListElement\":[{\"@type\":\"ListItem\",\"position\":1,\"name\":\"Home\",\"item\":\"https:\/\/vaidebolsa.com.br\/blog\/\"},{\"@type\":\"ListItem\",\"position\":2,\"name\":\"5 caracter\u00edsticas profissionais em alta no mercado\"}]},{\"@type\":\"WebSite\",\"@id\":\"https:\/\/vaidebolsa.com.br\/blog\/#website\",\"url\":\"https:\/\/vaidebolsa.com.br\/blog\/\",\"name\":\"Vai de Bolsa\",\"description\":\"Vai de Bolsa: Bolsas de Estudo com at\u00e9 70% de Desconto!\",\"publisher\":{\"@id\":\"https:\/\/vaidebolsa.com.br\/blog\/#organization\"},\"potentialAction\":[{\"@type\":\"SearchAction\",\"target\":{\"@type\":\"EntryPoint\",\"urlTemplate\":\"https:\/\/vaidebolsa.com.br\/blog\/?s={search_term_string}\"},\"query-input\":{\"@type\":\"PropertyValueSpecification\",\"valueRequired\":true,\"valueName\":\"search_term_string\"}}],\"inLanguage\":\"pt-BR\"},{\"@type\":\"Organization\",\"@id\":\"https:\/\/vaidebolsa.com.br\/blog\/#organization\",\"name\":\"Vai de Bolsa\",\"url\":\"https:\/\/vaidebolsa.com.br\/blog\/\",\"logo\":{\"@type\":\"ImageObject\",\"inLanguage\":\"pt-BR\",\"@id\":\"https:\/\/vaidebolsa.com.br\/blog\/#\/schema\/logo\/image\/\",\"url\":\"https:\/\/vaidebolsa.com.br\/blog\/wp-content\/uploads\/2022\/03\/Logo-Vai-de-Bolsa-cor-e1648649224262.png\",\"contentUrl\":\"https:\/\/vaidebolsa.com.br\/blog\/wp-content\/uploads\/2022\/03\/Logo-Vai-de-Bolsa-cor-e1648649224262.png\",\"width\":180,\"height\":90,\"caption\":\"Vai de Bolsa\"},\"image\":{\"@id\":\"https:\/\/vaidebolsa.com.br\/blog\/#\/schema\/logo\/image\/\"},\"sameAs\":[\"https:\/\/www.facebook.com\/vdbeducacional\",\"https:\/\/www.instagram.com\/vaidebolsa_\/\"]},{\"@type\":\"Person\",\"@id\":\"https:\/\/vaidebolsa.com.br\/blog\/#\/schema\/person\/66c9e3f3a84ba9e04deec23f2938a105\",\"name\":\"Natalia Pereira\",\"image\":{\"@type\":\"ImageObject\",\"inLanguage\":\"pt-BR\",\"@id\":\"https:\/\/vaidebolsa.com.br\/blog\/#\/schema\/person\/image\/\",\"url\":\"http:\/\/0.gravatar.com\/avatar\/f1ab57fb53849c617df1cb34eb8ae2d8?s=96&d=mm&r=g\",\"contentUrl\":\"http:\/\/0.gravatar.com\/avatar\/f1ab57fb53849c617df1cb34eb8ae2d8?s=96&d=mm&r=g\",\"caption\":\"Natalia Pereira\"},\"description\":\"Formada em Publicidade e Propaganda com bolsa de estudos, Nat\u00e1lia Pereira passou por todos os dilemas que envolvem a vida de um jovem que est\u00e1 prestes a sair do ensino m\u00e9dio e se depara com o desafio de entrar em uma boa faculdade pagando pouco. Hoje, aos 23 anos, atua como Analista de Marketing e escreve sobre educa\u00e7\u00e3o no Vai de Bolsa.\",\"url\":\"https:\/\/vaidebolsa.com.br\/blog\/author\/natalia\/\"}]}<\/script>\n<!-- \/ Yoast SEO plugin. -->","yoast_head_json":{"title":"5 caracter\u00edsticas profissionais em alta no mercado","description":"Muitas profiss\u00f5es v\u00e3o sumir com o tempo ou ser substitu\u00eddas pela tecnologia. Mas h\u00e1 caracter\u00edsticas profissionais que sempre ser\u00e3o feitas por humanos.","robots":{"index":"index","follow":"follow","max-snippet":"max-snippet:-1","max-image-preview":"max-image-preview:large","max-video-preview":"max-video-preview:-1"},"canonical":"https:\/\/shared-php.server.vaidebolsa.com.br\/blog\/mercado-de-trabalho\/5-caracteristicas-profissionais-em-alta-no-mercado\/","og_locale":"pt_BR","og_type":"article","og_title":"5 caracter\u00edsticas profissionais em alta no mercado","og_description":"Muitas profiss\u00f5es v\u00e3o sumir com o tempo ou ser substitu\u00eddas pela tecnologia. Mas h\u00e1 caracter\u00edsticas profissionais que sempre ser\u00e3o feitas por humanos.","og_url":"https:\/\/shared-php.server.vaidebolsa.com.br\/blog\/mercado-de-trabalho\/5-caracteristicas-profissionais-em-alta-no-mercado\/","og_site_name":"Vai de Bolsa","article_publisher":"https:\/\/www.facebook.com\/vdbeducacional","article_published_time":"2019-07-11T13:10:35+00:00","article_modified_time":"2023-10-10T14:26:18+00:00","og_image":[{"url":"https:\/\/vaidebolsa.com.br\/blog\/wp-content\/uploads\/2018\/11\/cta-blog_Prancheta-1.jpg"}],"author":"Natalia Pereira","twitter_card":"summary_large_image","twitter_misc":{"Escrito por":"Natalia Pereira","Est. tempo de leitura":"5 minutos"},"schema":{"@context":"https:\/\/schema.org","@graph":[{"@type":"Article","@id":"https:\/\/shared-php.server.vaidebolsa.com.br\/blog\/mercado-de-trabalho\/5-caracteristicas-profissionais-em-alta-no-mercado\/#article","isPartOf":{"@id":"https:\/\/shared-php.server.vaidebolsa.com.br\/blog\/mercado-de-trabalho\/5-caracteristicas-profissionais-em-alta-no-mercado\/"},"author":{"name":"Natalia Pereira","@id":"https:\/\/vaidebolsa.com.br\/blog\/#\/schema\/person\/66c9e3f3a84ba9e04deec23f2938a105"},"headline":"5 caracter\u00edsticas profissionais em alta no mercado","datePublished":"2019-07-11T13:10:35+00:00","dateModified":"2023-10-10T14:26:18+00:00","mainEntityOfPage":{"@id":"https:\/\/shared-php.server.vaidebolsa.com.br\/blog\/mercado-de-trabalho\/5-caracteristicas-profissionais-em-alta-no-mercado\/"},"wordCount":994,"commentCount":0,"publisher":{"@id":"https:\/\/vaidebolsa.com.br\/blog\/#organization"},"image":{"@id":"https:\/\/shared-php.server.vaidebolsa.com.br\/blog\/mercado-de-trabalho\/5-caracteristicas-profissionais-em-alta-no-mercado\/#primaryimage"},"thumbnailUrl":"https:\/\/vaidebolsa.com.br\/blog\/wp-content\/uploads\/2018\/11\/cta-blog_Prancheta-1.jpg","articleSection":["Mercado de trabalho"],"inLanguage":"pt-BR","potentialAction":[{"@type":"CommentAction","name":"Comment","target":["https:\/\/shared-php.server.vaidebolsa.com.br\/blog\/mercado-de-trabalho\/5-caracteristicas-profissionais-em-alta-no-mercado\/#respond"]}]},{"@type":"WebPage","@id":"https:\/\/shared-php.server.vaidebolsa.com.br\/blog\/mercado-de-trabalho\/5-caracteristicas-profissionais-em-alta-no-mercado\/","url":"https:\/\/shared-php.server.vaidebolsa.com.br\/blog\/mercado-de-trabalho\/5-caracteristicas-profissionais-em-alta-no-mercado\/","name":"5 caracter\u00edsticas profissionais em alta no mercado","isPartOf":{"@id":"https:\/\/vaidebolsa.com.br\/blog\/#website"},"primaryImageOfPage":{"@id":"https:\/\/shared-php.server.vaidebolsa.com.br\/blog\/mercado-de-trabalho\/5-caracteristicas-profissionais-em-alta-no-mercado\/#primaryimage"},"image":{"@id":"https:\/\/shared-php.server.vaidebolsa.com.br\/blog\/mercado-de-trabalho\/5-caracteristicas-profissionais-em-alta-no-mercado\/#primaryimage"},"thumbnailUrl":"https:\/\/vaidebolsa.com.br\/blog\/wp-content\/uploads\/2018\/11\/cta-blog_Prancheta-1.jpg","datePublished":"2019-07-11T13:10:35+00:00","dateModified":"2023-10-10T14:26:18+00:00","description":"Muitas profiss\u00f5es v\u00e3o sumir com o tempo ou ser substitu\u00eddas pela tecnologia. Mas h\u00e1 caracter\u00edsticas profissionais que sempre ser\u00e3o feitas por humanos.","breadcrumb":{"@id":"https:\/\/shared-php.server.vaidebolsa.com.br\/blog\/mercado-de-trabalho\/5-caracteristicas-profissionais-em-alta-no-mercado\/#breadcrumb"},"inLanguage":"pt-BR","potentialAction":[{"@type":"ReadAction","target":["https:\/\/shared-php.server.vaidebolsa.com.br\/blog\/mercado-de-trabalho\/5-caracteristicas-profissionais-em-alta-no-mercado\/"]}]},{"@type":"ImageObject","inLanguage":"pt-BR","@id":"https:\/\/shared-php.server.vaidebolsa.com.br\/blog\/mercado-de-trabalho\/5-caracteristicas-profissionais-em-alta-no-mercado\/#primaryimage","url":"https:\/\/vaidebolsa.com.br\/blog\/wp-content\/uploads\/2018\/11\/cta-blog_Prancheta-1.jpg","contentUrl":"https:\/\/vaidebolsa.com.br\/blog\/wp-content\/uploads\/2018\/11\/cta-blog_Prancheta-1.jpg"},{"@type":"BreadcrumbList","@id":"https:\/\/shared-php.server.vaidebolsa.com.br\/blog\/mercado-de-trabalho\/5-caracteristicas-profissionais-em-alta-no-mercado\/#breadcrumb","itemListElement":[{"@type":"ListItem","position":1,"name":"Home","item":"https:\/\/vaidebolsa.com.br\/blog\/"},{"@type":"ListItem","position":2,"name":"5 caracter\u00edsticas profissionais em alta no mercado"}]},{"@type":"WebSite","@id":"https:\/\/vaidebolsa.com.br\/blog\/#website","url":"https:\/\/vaidebolsa.com.br\/blog\/","name":"Vai de Bolsa","description":"Vai de Bolsa: Bolsas de Estudo com at\u00e9 70% de Desconto!","publisher":{"@id":"https:\/\/vaidebolsa.com.br\/blog\/#organization"},"potentialAction":[{"@type":"SearchAction","target":{"@type":"EntryPoint","urlTemplate":"https:\/\/vaidebolsa.com.br\/blog\/?s={search_term_string}"},"query-input":{"@type":"PropertyValueSpecification","valueRequired":true,"valueName":"search_term_string"}}],"inLanguage":"pt-BR"},{"@type":"Organization","@id":"https:\/\/vaidebolsa.com.br\/blog\/#organization","name":"Vai de Bolsa","url":"https:\/\/vaidebolsa.com.br\/blog\/","logo":{"@type":"ImageObject","inLanguage":"pt-BR","@id":"https:\/\/vaidebolsa.com.br\/blog\/#\/schema\/logo\/image\/","url":"https:\/\/vaidebolsa.com.br\/blog\/wp-content\/uploads\/2022\/03\/Logo-Vai-de-Bolsa-cor-e1648649224262.png","contentUrl":"https:\/\/vaidebolsa.com.br\/blog\/wp-content\/uploads\/2022\/03\/Logo-Vai-de-Bolsa-cor-e1648649224262.png","width":180,"height":90,"caption":"Vai de Bolsa"},"image":{"@id":"https:\/\/vaidebolsa.com.br\/blog\/#\/schema\/logo\/image\/"},"sameAs":["https:\/\/www.facebook.com\/vdbeducacional","https:\/\/www.instagram.com\/vaidebolsa_\/"]},{"@type":"Person","@id":"https:\/\/vaidebolsa.com.br\/blog\/#\/schema\/person\/66c9e3f3a84ba9e04deec23f2938a105","name":"Natalia Pereira","image":{"@type":"ImageObject","inLanguage":"pt-BR","@id":"https:\/\/vaidebolsa.com.br\/blog\/#\/schema\/person\/image\/","url":"http:\/\/0.gravatar.com\/avatar\/f1ab57fb53849c617df1cb34eb8ae2d8?s=96&d=mm&r=g","contentUrl":"http:\/\/0.gravatar.com\/avatar\/f1ab57fb53849c617df1cb34eb8ae2d8?s=96&d=mm&r=g","caption":"Natalia Pereira"},"description":"Formada em Publicidade e Propaganda com bolsa de estudos, Nat\u00e1lia Pereira passou por todos os dilemas que envolvem a vida de um jovem que est\u00e1 prestes a sair do ensino m\u00e9dio e se depara com o desafio de entrar em uma boa faculdade pagando pouco. Hoje, aos 23 anos, atua como Analista de Marketing e escreve sobre educa\u00e7\u00e3o no Vai de Bolsa.","url":"https:\/\/vaidebolsa.com.br\/blog\/author\/natalia\/"}]}},"_links":{"self":[{"href":"https:\/\/vaidebolsa.com.br\/blog\/wp-json\/wp\/v2\/posts\/479424"}],"collection":[{"href":"https:\/\/vaidebolsa.com.br\/blog\/wp-json\/wp\/v2\/posts"}],"about":[{"href":"https:\/\/vaidebolsa.com.br\/blog\/wp-json\/wp\/v2\/types\/post"}],"author":[{"embeddable":true,"href":"https:\/\/vaidebolsa.com.br\/blog\/wp-json\/wp\/v2\/users\/67"}],"replies":[{"embeddable":true,"href":"https:\/\/vaidebolsa.com.br\/blog\/wp-json\/wp\/v2\/comments?post=479424"}],"version-history":[{"count":3,"href":"https:\/\/vaidebolsa.com.br\/blog\/wp-json\/wp\/v2\/posts\/479424\/revisions"}],"predecessor-version":[{"id":17181323452,"href":"https:\/\/vaidebolsa.com.br\/blog\/wp-json\/wp\/v2\/posts\/479424\/revisions\/17181323452"}],"wp:attachment":[{"href":"https:\/\/vaidebolsa.com.br\/blog\/wp-json\/wp\/v2\/media?parent=479424"}],"wp:term":[{"taxonomy":"category","embeddable":true,"href":"https:\/\/vaidebolsa.com.br\/blog\/wp-json\/wp\/v2\/categories?post=479424"},{"taxonomy":"post_tag","embeddable":true,"href":"https:\/\/vaidebolsa.com.br\/blog\/wp-json\/wp\/v2\/tags?post=479424"}],"curies":[{"name":"wp","href":"https:\/\/api.w.org\/{rel}","templated":true}]}}