{"id":7095,"date":"2019-12-16T07:30:23","date_gmt":"2019-12-16T10:30:23","guid":{"rendered":"https:\/\/vaidebolsa.com.br\/?p=7095"},"modified":"2023-08-14T15:52:02","modified_gmt":"2023-08-14T18:52:02","slug":"faculdade-de-danca","status":"publish","type":"post","link":"https:\/\/vaidebolsa.com.br\/blog\/graduacao\/faculdade-de-danca\/","title":{"rendered":"Faculdade de Dan\u00e7a: saiba como \u00e9 o curso e a carreira na \u00e1rea"},"content":{"rendered":"\n<p>Voc\u00ea sabia que no Brasil existe Faculdade de Dan\u00e7a?\u00a0Essa gradua\u00e7\u00e3o forma profissionais habilitados a trabalhar em diversas frentes que envolvem essa arte, tais como coreografia, doc\u00eancia, dramaturgia, produ\u00e7\u00e3o art\u00edstica, pesquisa cient\u00edfica, e muito mais. Apesar de as faculdades de Dan\u00e7a no Brasil n\u00e3o formarem bailarinos profissionais, que precisam de certificados emitidos pelos sindicatos da categoria, h\u00e1 um campo de trabalho muito amplo neste universo.<\/p>\n\n\n\n<p>Se voc\u00ea tem interesse em saber se existe faculdade de Dan\u00e7a no Brasil, acompanhe esse texto e entenda detalhes sobre o curso e quais as possibilidade de atua\u00e7\u00e3o para os profissionais graduados na \u00e1rea. Ah, e n\u00e3o esque\u00e7a de contar com a <a href=\"https:\/\/vaidebolsa.com.br\/\">plataforma do Vai de Bolsa<\/a> para pesquisar pelo seu curso de gradua\u00e7\u00e3o nas melhores institui\u00e7\u00f5es de ensino do pa\u00eds, em com bolsas de estudo de at\u00e9 70%. Inclusive, no campo das artes, como <a href=\"https:\/\/vaidebolsa.com.br\/cursos\/graduacao?name=ARTES+VISUAIS\" target=\"_blank\" rel=\"noreferrer noopener\">Artes Visuais<\/a>. <\/p>\n\n\n\n<p>Vale a pena conferir. Boa leitura!<\/p>\n\n\n\n<p><strong>Leia tamb\u00e9m:<\/strong> <a href=\"https:\/\/vaidebolsa.com.br\/blog\/graduacao\/cursos-para-quem-gosta-de-artes\/\" target=\"_blank\" rel=\"noreferrer noopener\">Cursos para quem gosta de artes: op\u00e7\u00f5es para despertar o artista em voc\u00ea<\/a><\/p>\n\n\n\n<h2 class=\"wp-block-heading\">Como \u00e9 a faculdade de Dan\u00e7a<\/h2>\n\n\n\n<p>Faculdade de Dan\u00e7a quantos anos? A gradua\u00e7\u00e3o superior em Dan\u00e7a tem dura\u00e7\u00e3o m\u00e9dia de 4 anos e forma alunos com habilita\u00e7\u00e3o em <a href=\"https:\/\/vaidebolsa.com.br\/blog\/graduacao\/o-que-e-licenciatura-3\/\" target=\"_blank\" rel=\"noreferrer noopener\">Bacharelado e Licenciatura<\/a>.\u00a0Os alunos que se graduam como bachar\u00e9is s\u00e3o habilitados a atuar como core\u00f3grafos, pesquisadores ou bailarinos (este \u00faltimo com o atestado do sindicato da categoria).<\/p>\n\n\n\n<p>Os alunos graduados com habilita\u00e7\u00e3o em Licenciatura s\u00e3o aptos a trabalhar como professores no ensino fundamental e m\u00e9dio ou em cursos livres de dan\u00e7a. Nos quatro anos da faculdade de Dan\u00e7a, os estudantes t\u00eam contato disciplinas te\u00f3ricas, mas a grande maioria da grade curricular \u00e9 composta de aulas pr\u00e1ticas.<\/p>\n\n\n\n<p>Para entrar no curso, al\u00e9m de prestar vestibular, o aluno precisa tamb\u00e9m fazer uma prova de habilidades. S\u00f3 com as duas aprova\u00e7\u00f5es estar\u00e1 apto a frequentar a faculdade de Dan\u00e7a. <\/p>\n\n\n\n<p>No Brasil, algumas das faculdades que oferecem os melhores cursos de Dan\u00e7a s\u00e3o:<\/p>\n\n\n\n<ul class=\"wp-block-list\"><li>Universidade Estadual de Campinas (Unicamp);<\/li><li>Universidade Anhembi Morumbi;<\/li><li>Universidade Federal do Rio de Janeiro (UFRJ);<\/li><li>Faculdade Angel Vianna (FAV), no Rio de Janeiro;<\/li><li>Faculdade de Artes do Paran\u00e1 (FAP), em Curitiba;<\/li><li>Universidade do Estado do Amazonas (UEA);<\/li><li>Universidade Est\u00e1cio de S\u00e1 (UNESA), no Rio de Janeiro;<\/li><li>Universidade Federal de Minas Gerais (UFMG);<\/li><li>Universidade Federal da Bahia (UFBA) ;<\/li><li>Universidade Federal de Vi\u00e7osa (UFV).<\/li><\/ul>\n\n\n\n<h2 class=\"wp-block-heading\">O que estuda Dan\u00e7a?<\/h2>\n\n\n\n<p>Nos anos iniciais de gradua\u00e7\u00e3o na Faculdade de Dan\u00e7a, o aluno possui um curr\u00edculo b\u00e1sico para forma\u00e7\u00e3o em Bacharelado ou Licenciatura.\u00a0Mas assim que define qual forma\u00e7\u00e3o seguir, as disciplinas se diferenciam em alguns pontos. Conhe\u00e7a as principais disciplinas que fazem parte de uma Faculdade de Dan\u00e7a:<\/p>\n\n\n\n<ul class=\"wp-block-list\"><li>Cinesiologia Aplicada \u00e0 Dan\u00e7a;<\/li><li>Comportamento Motor;<\/li><li>Dan\u00e7a Cl\u00e1ssica e Contempor\u00e2nea;<\/li><li>Dan\u00e7a e seus Novos Paradigmas Educacionais;<\/li><li>Di\u00e1logos entre a Dan\u00e7a e outras Linguagens;<\/li><li>Dramaturgia da Dan\u00e7a;<\/li><li>Elementos Musicais e Dan\u00e7a, Visuais e Sonoros do Espet\u00e1culo;<\/li><li>Ensino da Dan\u00e7a;<\/li><li>Est\u00e9tica Coreogr\u00e1fica;<\/li><li>Estudo de Coreografia, do Movimento, Interpreta\u00e7\u00e3o e Dire\u00e7\u00e3o de Espet\u00e1culo;<\/li><li>Estudos Hist\u00f3ricos, Filos\u00f3ficos, Culturais e Cinesiol\u00f3gicos em suas interfaces com a Dan\u00e7a;<\/li><li><span style=\"color: var(--ast-global-color-3); font-size: 1rem; background-color: var(--ast-global-color-5);\">Improvisa\u00e7\u00e3o e Composi\u00e7\u00e3o Coreogr\u00e1fica;<\/span><\/li><li>Hist\u00f3ria da Arte;<\/li><li>L\u00f3gicas da Dan\u00e7a;<\/li><li>Metodologia e Pr\u00e1tica de ensino de Dan\u00e7a;<\/li><li>Montagem C\u00eanica;<\/li><li>Novas Tecnologias e as Diversas Manifesta\u00e7\u00f5es Art\u00edsticas e Culturais;<\/li><li>Pluralidade Cultural e Orienta\u00e7\u00e3o Sexual;<\/li><li>Po\u00e9tica da Cena;<\/li><li>Prepara\u00e7\u00e3o do Corpo C\u00eanico;<\/li><li>Psicologia da Educa\u00e7\u00e3o;<\/li><li>Rela\u00e7\u00f5es Ci\u00eancia, Tecnologia e Sociedade (CTS).<\/li><li>Tecnologias da informa\u00e7\u00e3o e comunica\u00e7\u00e3o aplicadas ao ensino de Dan\u00e7a;<\/li><li>Teoria da Dan\u00e7a; entre outros.<\/li><\/ul>\n\n\n\n<p><strong>Leia tamb\u00e9m:<\/strong> <a href=\"https:\/\/vaidebolsa.com.br\/blog\/graduacao\/faculdade-de-artes-visuais\/\" target=\"_blank\" rel=\"noreferrer noopener\">Faculdade de Artes Visuais: entenda como \u00e9 essa gradua\u00e7\u00e3o<\/a><\/p>\n\n\n\n<figure class=\"wp-block-image size-large\"><a href=\"https:\/\/vaidebolsa.com.br\/blog\/wp-content\/uploads\/2019\/12\/faculdade-de-danca-2.jpg\"><img fetchpriority=\"high\" decoding=\"async\" width=\"1024\" height=\"502\" src=\"https:\/\/vaidebolsa.com.br\/blog\/wp-content\/uploads\/2019\/12\/faculdade-de-danca-2-1024x502.jpg\" alt=\"faculdade de dan\u00e7a\" class=\"wp-image-17181314368\" srcset=\"https:\/\/vaidebolsa.com.br\/blog\/wp-content\/uploads\/2019\/12\/faculdade-de-danca-2-1024x502.jpg 1024w, https:\/\/vaidebolsa.com.br\/blog\/wp-content\/uploads\/2019\/12\/faculdade-de-danca-2-300x147.jpg 300w, https:\/\/vaidebolsa.com.br\/blog\/wp-content\/uploads\/2019\/12\/faculdade-de-danca-2-768x377.jpg 768w, https:\/\/vaidebolsa.com.br\/blog\/wp-content\/uploads\/2019\/12\/faculdade-de-danca-2-150x74.jpg 150w, https:\/\/vaidebolsa.com.br\/blog\/wp-content\/uploads\/2019\/12\/faculdade-de-danca-2.jpg 1280w\" sizes=\"(max-width: 1024px) 100vw, 1024px\" \/><\/a><\/figure>\n\n\n\n<h2 class=\"wp-block-heading\">Perfil profissional do formado em Dan\u00e7a<\/h2>\n\n\n\n<p>Quem atua na \u00e1rea de dan\u00e7a certamente tem afinidade para as artes, a est\u00e9tica e conta com uma criatividade agu\u00e7ada. Como voc\u00ea pode ver a partir do curso, a dan\u00e7a est\u00e1 muito ligada \u00e0 express\u00e3o corporal e todos os estudos que envolvem esse campo. Por essa raz\u00e3o, o perfil da pessoa formada em Dan\u00e7a \u00e9 voltado a explora\u00e7\u00e3o dos limites do corpo e da comunica\u00e7\u00e3o por movimentos.<\/p>\n\n\n\n<p>E essas caracter\u00edsticas s\u00e3o fundamentais para que ele possa exercer a profiss\u00e3o nas diversas frentes que essa forma\u00e7\u00e3o o capacita.<\/p>\n\n\n\n<h2 class=\"wp-block-heading\">Quem faz faculdade de Dan\u00e7a pode trabalhar em qu\u00ea?<\/h2>\n\n\n\n<p>Entre as atividades que um graduado em Dan\u00e7a pode exercer est\u00e3o:<\/p>\n\n\n\n<ul class=\"wp-block-list\"><li>Ser bailarino;<\/li><li>Atuar em Programas Sociais com a recupera\u00e7\u00e3o e reintegra\u00e7\u00e3o de crian\u00e7as e adolescentes em situa\u00e7\u00e3o de risco;<\/li><li>Core\u00f3grafo;<\/li><li>Dire\u00e7\u00e3o de shows de dan\u00e7a e musicais;<\/li><li>Coordena\u00e7\u00e3o de equipes em shows e apresenta\u00e7\u00f5es musicais;<\/li><li>Professor de dan\u00e7a;<\/li><li>Cr\u00edtico de espet\u00e1culos;<\/li><li>Prepara\u00e7\u00e3o de bailarinos;<\/li><li>Pesquisas relacionadas ao universo da dan\u00e7a; entre outros.<\/li><\/ul>\n\n\n\n<h2 class=\"wp-block-heading\">Mercado de trabalho<\/h2>\n\n\n\n<p>Com o surgimento e populariza\u00e7\u00e3o das Leis de Incentivo a Cultura, a demanda por bachar\u00e9is em dan\u00e7a tamb\u00e9m aumentou, movimentando o mercado de trabalho para esses profissionais. Com isso, a procura por bailarinos, diretores e core\u00f3grafos aumentou principalmente para trabalharem em espet\u00e1culos musicais.<\/p>\n\n\n\n<p>Outros setores que t\u00eam buscado por profissionais graduados em Dan\u00e7a s\u00e3o:<\/p>\n\n\n\n<ul class=\"wp-block-list\"><li>Clubes;<\/li><li>Centros comunit\u00e1rios;<\/li><li>Academias e est\u00fadios de dan\u00e7a;<\/li><li>Grupos ou companhias de dan\u00e7a;<\/li><li>Hot\u00e9is;<\/li><li>Condom\u00ednios;<\/li><li>Associa\u00e7\u00f5es recreativas;<\/li><li>Escolas de educa\u00e7\u00e3o b\u00e1sica.<\/li><\/ul>\n\n\n\n<p>Nestes casos, os profissionais s\u00e3o contratados principalmente para atuarem como professores ou recreadores.\u00a0\u00c9 comum tamb\u00e9m que os profissionais de Dan\u00e7a acabem montando seu pr\u00f3prio est\u00fadio ou formem uma companhia de dan\u00e7a. Dessa forma atuam de forma aut\u00f4noma ou busquem incentivos para a cria\u00e7\u00e3o de pe\u00e7as e musicais.<\/p>\n\n\n\n<p>Atuar profissionalmente como graduado em Dan\u00e7a n\u00e3o \u00e9 tarefa f\u00e1cil. Por isso, a paix\u00e3o pela profiss\u00e3o e pelas artes se torna fundamental para que esses profissionais busquem por oportunidades melhores ou mesmo que as crie.<\/p>\n\n\n\n<p><strong>Leia tamb\u00e9m: <\/strong><a href=\"https:\/\/vaidebolsa.com.br\/blog\/graduacao\/artes-cenicas\/\" target=\"_blank\" rel=\"noreferrer noopener\">Artes C\u00eanicas: veja tudo sobre o curso, a profiss\u00e3o e o mercado de trabalho <\/a><\/p>\n\n\n\n<h2 class=\"wp-block-heading\">Quanto ganha uma pessoa que faz faculdade de Dan\u00e7a?<\/h2>\n\n\n\n<p>Como consequ\u00eancia da for\u00e7a da produ\u00e7\u00e3o cultural, as melhores oportunidades para quem se forma em uma faculdade de Dan\u00e7a est\u00e3o em Minas Gerais, S\u00e3o Paulo e Rio de Janeiro.<\/p>\n\n\n\n<p>Quem trabalha como profissional de dan\u00e7a no Brasil pode receber um sal\u00e1rio que varia entre R$ 2 mil a R$ 5 mil mensais, em m\u00e9dia. \u00c9 claro que essa \u00e9 apenas uma m\u00e9dia. Afinal de contas, o sal\u00e1rio do profissional de Dan\u00e7a ir\u00e1 variar conforme uma s\u00e9rie de fatores, entre eles:<\/p>\n\n\n\n<ul class=\"wp-block-list\"><li>Local de atua\u00e7\u00e3o;<\/li><li>Tamanho da companhia de dan\u00e7a;<\/li><li>Quantidade de apresenta\u00e7\u00f5es;<\/li><li>Tamanho do espet\u00e1culo;<\/li><li>Experi\u00eancia profissional, entre outros.<\/li><\/ul>\n\n\n\n<p>Al\u00e9m da gradua\u00e7\u00e3o, o profissional que deseja encontrar melhores oportunidades de emprego e tamb\u00e9m de sal\u00e1rio podem optar por realizar uma especializa\u00e7\u00e3o. A p\u00f3s-gradua\u00e7\u00e3o em Dan\u00e7a \u00e9 oferecida em diversas universidades e pode ser feita nas modalidades presencial ou semipresencial. H\u00e1, inclusive, a p\u00f3s-gradua\u00e7\u00e3o em <a href=\"https:\/\/vaidebolsa.com.br\/cursos\/pos-graduacao?name=Dan%C3%A7aterapia&amp;city&amp;modalities=\" target=\"_blank\" rel=\"noreferrer noopener\">Dan\u00e7aterapia<\/a>.<\/p>\n\n\n\n<h2 class=\"wp-block-heading\">Op\u00e7\u00f5es de cursos para expressar a criatividade<\/h2>\n\n\n\n<p>Se voc\u00ea gostou da Faculdade de Dan\u00e7a mas ainda est\u00e1 em d\u00favida quanto seguir nessa \u00e1rea, veja outros cursos em que voc\u00ea pode expressar sua criatividade e seguir carreira profissional:<\/p>\n\n\n\n<ul class=\"wp-block-list\"><li><a href=\"https:\/\/vaidebolsa.com.br\/cursos\/graduacao?name=ARTES+VISUAIS&amp;city&amp;modalities=\" target=\"_blank\" rel=\"noreferrer noopener\">Artes visuais<\/a><\/li><li><a href=\"https:\/\/vaidebolsa.com.br\/cursos\/graduacao?name=DESIGN+DE+MODA\" target=\"_blank\" rel=\"noreferrer noopener\">Design de Moda<\/a><\/li><li><a href=\"https:\/\/vaidebolsa.com.br\/cursos\/graduacao?name=DESIGN+DE+ANIMA%C3%87%C3%83O\" target=\"_blank\" rel=\"noreferrer noopener\">Design de Anima\u00e7\u00e3o<\/a><\/li><li><a href=\"https:\/\/vaidebolsa.com.br\/cursos\/graduacao?name=PRODUCAO+AUDIOVISUAL\" target=\"_blank\" rel=\"noreferrer noopener\">Produ\u00e7\u00e3o Audiovisual<\/a><\/li><li><a href=\"https:\/\/vaidebolsa.com.br\/cursos\/graduacao?name=PRODU%C3%87%C3%83O+MULTIM%C3%8DDIA+EM+REALIDADE+AUMENTADA\" target=\"_blank\" rel=\"noreferrer noopener\">Produ\u00e7\u00e3o Multim\u00eddia em realidade aumentada<\/a><\/li><\/ul>\n\n\n\n<h2 class=\"wp-block-heading\">Faculdade de Dan\u00e7a: \u00e9 a sua \u00e1rea?<\/h2>\n\n\n\n<p>Como voc\u00ea pode perceber, a gradua\u00e7\u00e3o em Dan\u00e7a exige muita dedica\u00e7\u00e3o e, principalmente, perseveran\u00e7a. Essa n\u00e3o \u00e9 uma carreira simples de se seguir, mas com certeza vale o esfor\u00e7o de quem se dedica e sonha com essa profiss\u00e3o. Uma outra op\u00e7\u00e3o \u00e9 complementar a faculdade de Dan\u00e7a com outra gradua\u00e7\u00e3o superior ou curso tecnol\u00f3gico, como o <a href=\"https:\/\/vaidebolsa.com.br\/cursos\/graduacao?name=EDUCACAO+FISICA\" target=\"_blank\" rel=\"noreferrer noopener\">curso de Educa\u00e7\u00e3o F\u00edsica<\/a>, por exemplo, ou <a href=\"https:\/\/vaidebolsa.com.br\/cursos\/graduacao?name=PRODUCAO+FONOGRAFICA\" target=\"_blank\" rel=\"noreferrer noopener\">Produ\u00e7\u00e3o Fonogr\u00e1fica<\/a> e <a href=\"https:\/\/vaidebolsa.com.br\/cursos\/graduacao?name=HISTORIA\" target=\"_blank\" rel=\"noreferrer noopener\">Hist\u00f3ria<\/a>.<\/p>\n\n\n\n<p>Assim, o aluno aumenta suas possibilidades no mercado de trabalho. Lembre-se que na <a href=\"https:\/\/vaidebolsa.com.br\/\">plataforma do Vai de Bolsa<\/a> voc\u00ea pode procurar pelo curso de gradua\u00e7\u00e3o de seu interesse nas principais institui\u00e7\u00f5es de ensino do Brasil, e com possibilidade de bolsa de estudo de at\u00e9 70%. Vale a pena acessar e conferir.<\/p>\n\n\n\n<p>Para saber mais sobre cursos que podem interessar voc\u00ea, assine a nossa newsletter e fique por dentro de todas as novidades do <a aria-label=\"Blog do Vai de Bolsa (abre numa nova aba)\" href=\"https:\/\/vaidebolsa.com.br\/\" target=\"_blank\" rel=\"noreferrer noopener\">Blog do Vai de Bolsa<\/a>.<\/p>\n","protected":false},"excerpt":{"rendered":"<p>Voc\u00ea sabia que no Brasil existe Faculdade de Dan\u00e7a?\u00a0Essa gradua\u00e7\u00e3o forma profissionais habilitados a trabalhar em diversas frentes que envolvem essa arte, tais como coreografia, doc\u00eancia, dramaturgia, produ\u00e7\u00e3o art\u00edstica, pesquisa cient\u00edfica, e muito mais. Apesar de as faculdades de Dan\u00e7a no Brasil n\u00e3o formarem bailarinos profissionais, que precisam de certificados emitidos pelos sindicatos da categoria, [&hellip;]<\/p>\n","protected":false},"author":67,"featured_media":17181314366,"comment_status":"open","ping_status":"open","sticky":false,"template":"","format":"standard","meta":{"om_disable_all_campaigns":false,"site-sidebar-layout":"default","site-content-layout":"","ast-site-content-layout":"","site-content-style":"default","site-sidebar-style":"default","ast-global-header-display":"","ast-banner-title-visibility":"","ast-main-header-display":"","ast-hfb-above-header-display":"","ast-hfb-below-header-display":"","ast-hfb-mobile-header-display":"","site-post-title":"","ast-breadcrumbs-content":"","ast-featured-img":"","footer-sml-layout":"","theme-transparent-header-meta":"","adv-header-id-meta":"","stick-header-meta":"","header-above-stick-meta":"","header-main-stick-meta":"","header-below-stick-meta":"","astra-migrate-meta-layouts":"default","ast-page-background-enabled":"default","ast-page-background-meta":{"desktop":{"background-color":"var(--ast-global-color-4)","background-image":"","background-repeat":"repeat","background-position":"center center","background-size":"auto","background-attachment":"scroll","background-type":"","background-media":"","overlay-type":"","overlay-color":"","overlay-opacity":"","overlay-gradient":""},"tablet":{"background-color":"","background-image":"","background-repeat":"repeat","background-position":"center center","background-size":"auto","background-attachment":"scroll","background-type":"","background-media":"","overlay-type":"","overlay-color":"","overlay-opacity":"","overlay-gradient":""},"mobile":{"background-color":"","background-image":"","background-repeat":"repeat","background-position":"center center","background-size":"auto","background-attachment":"scroll","background-type":"","background-media":"","overlay-type":"","overlay-color":"","overlay-opacity":"","overlay-gradient":""}},"ast-content-background-meta":{"desktop":{"background-color":"var(--ast-global-color-5)","background-image":"","background-repeat":"repeat","background-position":"center center","background-size":"auto","background-attachment":"scroll","background-type":"","background-media":"","overlay-type":"","overlay-color":"","overlay-opacity":"","overlay-gradient":""},"tablet":{"background-color":"var(--ast-global-color-5)","background-image":"","background-repeat":"repeat","background-position":"center center","background-size":"auto","background-attachment":"scroll","background-type":"","background-media":"","overlay-type":"","overlay-color":"","overlay-opacity":"","overlay-gradient":""},"mobile":{"background-color":"var(--ast-global-color-5)","background-image":"","background-repeat":"repeat","background-position":"center center","background-size":"auto","background-attachment":"scroll","background-type":"","background-media":"","overlay-type":"","overlay-color":"","overlay-opacity":"","overlay-gradient":""}},"_themeisle_gutenberg_block_has_review":false,"footnotes":""},"categories":[49],"tags":[],"class_list":["post-7095","post","type-post","status-publish","format-standard","has-post-thumbnail","hentry","category-graduacao"],"yoast_head":"<!-- This site is optimized with the Yoast SEO plugin v23.4 - https:\/\/yoast.com\/wordpress\/plugins\/seo\/ -->\n<title>Faculdade de Dan\u00e7a: saiba como \u00e9 o curso e a carreira na \u00e1rea<\/title>\n<meta name=\"description\" content=\"Entenda detalhes sobre como \u00e9 a faculdade de Dan\u00e7a e quais as possibilidade de atua\u00e7\u00e3o para os profissionais graduados neste curso.\" \/>\n<meta name=\"robots\" content=\"index, follow, max-snippet:-1, max-image-preview:large, max-video-preview:-1\" \/>\n<link rel=\"canonical\" href=\"https:\/\/shared-php.server.vaidebolsa.com.br\/blog\/graduacao\/faculdade-de-danca\/\" \/>\n<meta property=\"og:locale\" content=\"pt_BR\" \/>\n<meta property=\"og:type\" content=\"article\" \/>\n<meta property=\"og:title\" content=\"Faculdade de Dan\u00e7a: saiba como \u00e9 o curso e a carreira na \u00e1rea\" \/>\n<meta property=\"og:description\" content=\"Entenda detalhes sobre como \u00e9 a faculdade de Dan\u00e7a e quais as possibilidade de atua\u00e7\u00e3o para os profissionais graduados neste curso.\" \/>\n<meta property=\"og:url\" content=\"https:\/\/shared-php.server.vaidebolsa.com.br\/blog\/graduacao\/faculdade-de-danca\/\" \/>\n<meta property=\"og:site_name\" content=\"Vai de Bolsa\" \/>\n<meta property=\"article:publisher\" content=\"https:\/\/www.facebook.com\/vdbeducacional\" \/>\n<meta property=\"article:published_time\" content=\"2019-12-16T10:30:23+00:00\" \/>\n<meta property=\"article:modified_time\" content=\"2023-08-14T18:52:02+00:00\" \/>\n<meta property=\"og:image\" content=\"https:\/\/shared-php.server.vaidebolsa.com.br\/blog\/wp-content\/uploads\/2019\/12\/faculdade-de-danca.jpg\" \/>\n\t<meta property=\"og:image:width\" content=\"1280\" \/>\n\t<meta property=\"og:image:height\" content=\"628\" \/>\n\t<meta property=\"og:image:type\" content=\"image\/jpeg\" \/>\n<meta name=\"author\" content=\"Natalia Pereira\" \/>\n<meta name=\"twitter:card\" content=\"summary_large_image\" \/>\n<meta name=\"twitter:label1\" content=\"Escrito por\" \/>\n\t<meta name=\"twitter:data1\" content=\"Natalia Pereira\" \/>\n\t<meta name=\"twitter:label2\" content=\"Est. tempo de leitura\" \/>\n\t<meta name=\"twitter:data2\" content=\"8 minutos\" \/>\n<script type=\"application\/ld+json\" class=\"yoast-schema-graph\">{\"@context\":\"https:\/\/schema.org\",\"@graph\":[{\"@type\":\"Article\",\"@id\":\"https:\/\/shared-php.server.vaidebolsa.com.br\/blog\/graduacao\/faculdade-de-danca\/#article\",\"isPartOf\":{\"@id\":\"https:\/\/shared-php.server.vaidebolsa.com.br\/blog\/graduacao\/faculdade-de-danca\/\"},\"author\":{\"name\":\"Natalia Pereira\",\"@id\":\"https:\/\/vaidebolsa.com.br\/blog\/#\/schema\/person\/66c9e3f3a84ba9e04deec23f2938a105\"},\"headline\":\"Faculdade de Dan\u00e7a: saiba como \u00e9 o curso e a carreira na \u00e1rea\",\"datePublished\":\"2019-12-16T10:30:23+00:00\",\"dateModified\":\"2023-08-14T18:52:02+00:00\",\"mainEntityOfPage\":{\"@id\":\"https:\/\/shared-php.server.vaidebolsa.com.br\/blog\/graduacao\/faculdade-de-danca\/\"},\"wordCount\":1472,\"commentCount\":0,\"publisher\":{\"@id\":\"https:\/\/vaidebolsa.com.br\/blog\/#organization\"},\"image\":{\"@id\":\"https:\/\/shared-php.server.vaidebolsa.com.br\/blog\/graduacao\/faculdade-de-danca\/#primaryimage\"},\"thumbnailUrl\":\"https:\/\/vaidebolsa.com.br\/blog\/wp-content\/uploads\/2019\/12\/faculdade-de-danca.jpg\",\"articleSection\":[\"Gradua\u00e7\u00e3o\"],\"inLanguage\":\"pt-BR\",\"potentialAction\":[{\"@type\":\"CommentAction\",\"name\":\"Comment\",\"target\":[\"https:\/\/shared-php.server.vaidebolsa.com.br\/blog\/graduacao\/faculdade-de-danca\/#respond\"]}]},{\"@type\":\"WebPage\",\"@id\":\"https:\/\/shared-php.server.vaidebolsa.com.br\/blog\/graduacao\/faculdade-de-danca\/\",\"url\":\"https:\/\/shared-php.server.vaidebolsa.com.br\/blog\/graduacao\/faculdade-de-danca\/\",\"name\":\"Faculdade de Dan\u00e7a: saiba como \u00e9 o curso e a carreira na \u00e1rea\",\"isPartOf\":{\"@id\":\"https:\/\/vaidebolsa.com.br\/blog\/#website\"},\"primaryImageOfPage\":{\"@id\":\"https:\/\/shared-php.server.vaidebolsa.com.br\/blog\/graduacao\/faculdade-de-danca\/#primaryimage\"},\"image\":{\"@id\":\"https:\/\/shared-php.server.vaidebolsa.com.br\/blog\/graduacao\/faculdade-de-danca\/#primaryimage\"},\"thumbnailUrl\":\"https:\/\/vaidebolsa.com.br\/blog\/wp-content\/uploads\/2019\/12\/faculdade-de-danca.jpg\",\"datePublished\":\"2019-12-16T10:30:23+00:00\",\"dateModified\":\"2023-08-14T18:52:02+00:00\",\"description\":\"Entenda detalhes sobre como \u00e9 a faculdade de Dan\u00e7a e quais as possibilidade de atua\u00e7\u00e3o para os profissionais graduados neste curso.\",\"breadcrumb\":{\"@id\":\"https:\/\/shared-php.server.vaidebolsa.com.br\/blog\/graduacao\/faculdade-de-danca\/#breadcrumb\"},\"inLanguage\":\"pt-BR\",\"potentialAction\":[{\"@type\":\"ReadAction\",\"target\":[\"https:\/\/shared-php.server.vaidebolsa.com.br\/blog\/graduacao\/faculdade-de-danca\/\"]}]},{\"@type\":\"ImageObject\",\"inLanguage\":\"pt-BR\",\"@id\":\"https:\/\/shared-php.server.vaidebolsa.com.br\/blog\/graduacao\/faculdade-de-danca\/#primaryimage\",\"url\":\"https:\/\/vaidebolsa.com.br\/blog\/wp-content\/uploads\/2019\/12\/faculdade-de-danca.jpg\",\"contentUrl\":\"https:\/\/vaidebolsa.com.br\/blog\/wp-content\/uploads\/2019\/12\/faculdade-de-danca.jpg\",\"width\":1280,\"height\":628,\"caption\":\"faculdade de dan\u00e7a\"},{\"@type\":\"BreadcrumbList\",\"@id\":\"https:\/\/shared-php.server.vaidebolsa.com.br\/blog\/graduacao\/faculdade-de-danca\/#breadcrumb\",\"itemListElement\":[{\"@type\":\"ListItem\",\"position\":1,\"name\":\"Home\",\"item\":\"https:\/\/vaidebolsa.com.br\/blog\/\"},{\"@type\":\"ListItem\",\"position\":2,\"name\":\"Faculdade de Dan\u00e7a: saiba como \u00e9 o curso e a carreira na \u00e1rea\"}]},{\"@type\":\"WebSite\",\"@id\":\"https:\/\/vaidebolsa.com.br\/blog\/#website\",\"url\":\"https:\/\/vaidebolsa.com.br\/blog\/\",\"name\":\"Vai de Bolsa\",\"description\":\"Vai de Bolsa: Bolsas de Estudo com at\u00e9 70% de Desconto!\",\"publisher\":{\"@id\":\"https:\/\/vaidebolsa.com.br\/blog\/#organization\"},\"potentialAction\":[{\"@type\":\"SearchAction\",\"target\":{\"@type\":\"EntryPoint\",\"urlTemplate\":\"https:\/\/vaidebolsa.com.br\/blog\/?s={search_term_string}\"},\"query-input\":{\"@type\":\"PropertyValueSpecification\",\"valueRequired\":true,\"valueName\":\"search_term_string\"}}],\"inLanguage\":\"pt-BR\"},{\"@type\":\"Organization\",\"@id\":\"https:\/\/vaidebolsa.com.br\/blog\/#organization\",\"name\":\"Vai de Bolsa\",\"url\":\"https:\/\/vaidebolsa.com.br\/blog\/\",\"logo\":{\"@type\":\"ImageObject\",\"inLanguage\":\"pt-BR\",\"@id\":\"https:\/\/vaidebolsa.com.br\/blog\/#\/schema\/logo\/image\/\",\"url\":\"https:\/\/vaidebolsa.com.br\/blog\/wp-content\/uploads\/2022\/03\/Logo-Vai-de-Bolsa-cor-e1648649224262.png\",\"contentUrl\":\"https:\/\/vaidebolsa.com.br\/blog\/wp-content\/uploads\/2022\/03\/Logo-Vai-de-Bolsa-cor-e1648649224262.png\",\"width\":180,\"height\":90,\"caption\":\"Vai de Bolsa\"},\"image\":{\"@id\":\"https:\/\/vaidebolsa.com.br\/blog\/#\/schema\/logo\/image\/\"},\"sameAs\":[\"https:\/\/www.facebook.com\/vdbeducacional\",\"https:\/\/www.instagram.com\/vaidebolsa_\/\"]},{\"@type\":\"Person\",\"@id\":\"https:\/\/vaidebolsa.com.br\/blog\/#\/schema\/person\/66c9e3f3a84ba9e04deec23f2938a105\",\"name\":\"Natalia Pereira\",\"image\":{\"@type\":\"ImageObject\",\"inLanguage\":\"pt-BR\",\"@id\":\"https:\/\/vaidebolsa.com.br\/blog\/#\/schema\/person\/image\/\",\"url\":\"http:\/\/0.gravatar.com\/avatar\/f1ab57fb53849c617df1cb34eb8ae2d8?s=96&d=mm&r=g\",\"contentUrl\":\"http:\/\/0.gravatar.com\/avatar\/f1ab57fb53849c617df1cb34eb8ae2d8?s=96&d=mm&r=g\",\"caption\":\"Natalia Pereira\"},\"description\":\"Formada em Publicidade e Propaganda com bolsa de estudos, Nat\u00e1lia Pereira passou por todos os dilemas que envolvem a vida de um jovem que est\u00e1 prestes a sair do ensino m\u00e9dio e se depara com o desafio de entrar em uma boa faculdade pagando pouco. Hoje, aos 23 anos, atua como Analista de Marketing e escreve sobre educa\u00e7\u00e3o no Vai de Bolsa.\",\"url\":\"https:\/\/vaidebolsa.com.br\/blog\/author\/natalia\/\"}]}<\/script>\n<!-- \/ Yoast SEO plugin. -->","yoast_head_json":{"title":"Faculdade de Dan\u00e7a: saiba como \u00e9 o curso e a carreira na \u00e1rea","description":"Entenda detalhes sobre como \u00e9 a faculdade de Dan\u00e7a e quais as possibilidade de atua\u00e7\u00e3o para os profissionais graduados neste curso.","robots":{"index":"index","follow":"follow","max-snippet":"max-snippet:-1","max-image-preview":"max-image-preview:large","max-video-preview":"max-video-preview:-1"},"canonical":"https:\/\/shared-php.server.vaidebolsa.com.br\/blog\/graduacao\/faculdade-de-danca\/","og_locale":"pt_BR","og_type":"article","og_title":"Faculdade de Dan\u00e7a: saiba como \u00e9 o curso e a carreira na \u00e1rea","og_description":"Entenda detalhes sobre como \u00e9 a faculdade de Dan\u00e7a e quais as possibilidade de atua\u00e7\u00e3o para os profissionais graduados neste curso.","og_url":"https:\/\/shared-php.server.vaidebolsa.com.br\/blog\/graduacao\/faculdade-de-danca\/","og_site_name":"Vai de Bolsa","article_publisher":"https:\/\/www.facebook.com\/vdbeducacional","article_published_time":"2019-12-16T10:30:23+00:00","article_modified_time":"2023-08-14T18:52:02+00:00","og_image":[{"width":1280,"height":628,"url":"https:\/\/shared-php.server.vaidebolsa.com.br\/blog\/wp-content\/uploads\/2019\/12\/faculdade-de-danca.jpg","type":"image\/jpeg"}],"author":"Natalia Pereira","twitter_card":"summary_large_image","twitter_misc":{"Escrito por":"Natalia Pereira","Est. tempo de leitura":"8 minutos"},"schema":{"@context":"https:\/\/schema.org","@graph":[{"@type":"Article","@id":"https:\/\/shared-php.server.vaidebolsa.com.br\/blog\/graduacao\/faculdade-de-danca\/#article","isPartOf":{"@id":"https:\/\/shared-php.server.vaidebolsa.com.br\/blog\/graduacao\/faculdade-de-danca\/"},"author":{"name":"Natalia Pereira","@id":"https:\/\/vaidebolsa.com.br\/blog\/#\/schema\/person\/66c9e3f3a84ba9e04deec23f2938a105"},"headline":"Faculdade de Dan\u00e7a: saiba como \u00e9 o curso e a carreira na \u00e1rea","datePublished":"2019-12-16T10:30:23+00:00","dateModified":"2023-08-14T18:52:02+00:00","mainEntityOfPage":{"@id":"https:\/\/shared-php.server.vaidebolsa.com.br\/blog\/graduacao\/faculdade-de-danca\/"},"wordCount":1472,"commentCount":0,"publisher":{"@id":"https:\/\/vaidebolsa.com.br\/blog\/#organization"},"image":{"@id":"https:\/\/shared-php.server.vaidebolsa.com.br\/blog\/graduacao\/faculdade-de-danca\/#primaryimage"},"thumbnailUrl":"https:\/\/vaidebolsa.com.br\/blog\/wp-content\/uploads\/2019\/12\/faculdade-de-danca.jpg","articleSection":["Gradua\u00e7\u00e3o"],"inLanguage":"pt-BR","potentialAction":[{"@type":"CommentAction","name":"Comment","target":["https:\/\/shared-php.server.vaidebolsa.com.br\/blog\/graduacao\/faculdade-de-danca\/#respond"]}]},{"@type":"WebPage","@id":"https:\/\/shared-php.server.vaidebolsa.com.br\/blog\/graduacao\/faculdade-de-danca\/","url":"https:\/\/shared-php.server.vaidebolsa.com.br\/blog\/graduacao\/faculdade-de-danca\/","name":"Faculdade de Dan\u00e7a: saiba como \u00e9 o curso e a carreira na \u00e1rea","isPartOf":{"@id":"https:\/\/vaidebolsa.com.br\/blog\/#website"},"primaryImageOfPage":{"@id":"https:\/\/shared-php.server.vaidebolsa.com.br\/blog\/graduacao\/faculdade-de-danca\/#primaryimage"},"image":{"@id":"https:\/\/shared-php.server.vaidebolsa.com.br\/blog\/graduacao\/faculdade-de-danca\/#primaryimage"},"thumbnailUrl":"https:\/\/vaidebolsa.com.br\/blog\/wp-content\/uploads\/2019\/12\/faculdade-de-danca.jpg","datePublished":"2019-12-16T10:30:23+00:00","dateModified":"2023-08-14T18:52:02+00:00","description":"Entenda detalhes sobre como \u00e9 a faculdade de Dan\u00e7a e quais as possibilidade de atua\u00e7\u00e3o para os profissionais graduados neste curso.","breadcrumb":{"@id":"https:\/\/shared-php.server.vaidebolsa.com.br\/blog\/graduacao\/faculdade-de-danca\/#breadcrumb"},"inLanguage":"pt-BR","potentialAction":[{"@type":"ReadAction","target":["https:\/\/shared-php.server.vaidebolsa.com.br\/blog\/graduacao\/faculdade-de-danca\/"]}]},{"@type":"ImageObject","inLanguage":"pt-BR","@id":"https:\/\/shared-php.server.vaidebolsa.com.br\/blog\/graduacao\/faculdade-de-danca\/#primaryimage","url":"https:\/\/vaidebolsa.com.br\/blog\/wp-content\/uploads\/2019\/12\/faculdade-de-danca.jpg","contentUrl":"https:\/\/vaidebolsa.com.br\/blog\/wp-content\/uploads\/2019\/12\/faculdade-de-danca.jpg","width":1280,"height":628,"caption":"faculdade de dan\u00e7a"},{"@type":"BreadcrumbList","@id":"https:\/\/shared-php.server.vaidebolsa.com.br\/blog\/graduacao\/faculdade-de-danca\/#breadcrumb","itemListElement":[{"@type":"ListItem","position":1,"name":"Home","item":"https:\/\/vaidebolsa.com.br\/blog\/"},{"@type":"ListItem","position":2,"name":"Faculdade de Dan\u00e7a: saiba como \u00e9 o curso e a carreira na \u00e1rea"}]},{"@type":"WebSite","@id":"https:\/\/vaidebolsa.com.br\/blog\/#website","url":"https:\/\/vaidebolsa.com.br\/blog\/","name":"Vai de Bolsa","description":"Vai de Bolsa: Bolsas de Estudo com at\u00e9 70% de Desconto!","publisher":{"@id":"https:\/\/vaidebolsa.com.br\/blog\/#organization"},"potentialAction":[{"@type":"SearchAction","target":{"@type":"EntryPoint","urlTemplate":"https:\/\/vaidebolsa.com.br\/blog\/?s={search_term_string}"},"query-input":{"@type":"PropertyValueSpecification","valueRequired":true,"valueName":"search_term_string"}}],"inLanguage":"pt-BR"},{"@type":"Organization","@id":"https:\/\/vaidebolsa.com.br\/blog\/#organization","name":"Vai de Bolsa","url":"https:\/\/vaidebolsa.com.br\/blog\/","logo":{"@type":"ImageObject","inLanguage":"pt-BR","@id":"https:\/\/vaidebolsa.com.br\/blog\/#\/schema\/logo\/image\/","url":"https:\/\/vaidebolsa.com.br\/blog\/wp-content\/uploads\/2022\/03\/Logo-Vai-de-Bolsa-cor-e1648649224262.png","contentUrl":"https:\/\/vaidebolsa.com.br\/blog\/wp-content\/uploads\/2022\/03\/Logo-Vai-de-Bolsa-cor-e1648649224262.png","width":180,"height":90,"caption":"Vai de Bolsa"},"image":{"@id":"https:\/\/vaidebolsa.com.br\/blog\/#\/schema\/logo\/image\/"},"sameAs":["https:\/\/www.facebook.com\/vdbeducacional","https:\/\/www.instagram.com\/vaidebolsa_\/"]},{"@type":"Person","@id":"https:\/\/vaidebolsa.com.br\/blog\/#\/schema\/person\/66c9e3f3a84ba9e04deec23f2938a105","name":"Natalia Pereira","image":{"@type":"ImageObject","inLanguage":"pt-BR","@id":"https:\/\/vaidebolsa.com.br\/blog\/#\/schema\/person\/image\/","url":"http:\/\/0.gravatar.com\/avatar\/f1ab57fb53849c617df1cb34eb8ae2d8?s=96&d=mm&r=g","contentUrl":"http:\/\/0.gravatar.com\/avatar\/f1ab57fb53849c617df1cb34eb8ae2d8?s=96&d=mm&r=g","caption":"Natalia Pereira"},"description":"Formada em Publicidade e Propaganda com bolsa de estudos, Nat\u00e1lia Pereira passou por todos os dilemas que envolvem a vida de um jovem que est\u00e1 prestes a sair do ensino m\u00e9dio e se depara com o desafio de entrar em uma boa faculdade pagando pouco. Hoje, aos 23 anos, atua como Analista de Marketing e escreve sobre educa\u00e7\u00e3o no Vai de Bolsa.","url":"https:\/\/vaidebolsa.com.br\/blog\/author\/natalia\/"}]}},"_links":{"self":[{"href":"https:\/\/vaidebolsa.com.br\/blog\/wp-json\/wp\/v2\/posts\/7095"}],"collection":[{"href":"https:\/\/vaidebolsa.com.br\/blog\/wp-json\/wp\/v2\/posts"}],"about":[{"href":"https:\/\/vaidebolsa.com.br\/blog\/wp-json\/wp\/v2\/types\/post"}],"author":[{"embeddable":true,"href":"https:\/\/vaidebolsa.com.br\/blog\/wp-json\/wp\/v2\/users\/67"}],"replies":[{"embeddable":true,"href":"https:\/\/vaidebolsa.com.br\/blog\/wp-json\/wp\/v2\/comments?post=7095"}],"version-history":[{"count":1,"href":"https:\/\/vaidebolsa.com.br\/blog\/wp-json\/wp\/v2\/posts\/7095\/revisions"}],"predecessor-version":[{"id":17181322074,"href":"https:\/\/vaidebolsa.com.br\/blog\/wp-json\/wp\/v2\/posts\/7095\/revisions\/17181322074"}],"wp:featuredmedia":[{"embeddable":true,"href":"https:\/\/vaidebolsa.com.br\/blog\/wp-json\/wp\/v2\/media\/17181314366"}],"wp:attachment":[{"href":"https:\/\/vaidebolsa.com.br\/blog\/wp-json\/wp\/v2\/media?parent=7095"}],"wp:term":[{"taxonomy":"category","embeddable":true,"href":"https:\/\/vaidebolsa.com.br\/blog\/wp-json\/wp\/v2\/categories?post=7095"},{"taxonomy":"post_tag","embeddable":true,"href":"https:\/\/vaidebolsa.com.br\/blog\/wp-json\/wp\/v2\/tags?post=7095"}],"curies":[{"name":"wp","href":"https:\/\/api.w.org\/{rel}","templated":true}]}}