{"id":8111,"date":"2021-05-19T09:01:00","date_gmt":"2021-05-19T12:01:00","guid":{"rendered":"https:\/\/vaidebolsa.com.br\/?p=8111"},"modified":"2023-08-14T15:11:46","modified_gmt":"2023-08-14T18:11:46","slug":"tecnologo-em-defesa-cibernetica","status":"publish","type":"post","link":"https:\/\/vaidebolsa.com.br\/blog\/graduacao\/tecnologo-em-defesa-cibernetica\/","title":{"rendered":"Curso de Defesa Cibern\u00e9tica: guia completo sobre a gradua\u00e7\u00e3o"},"content":{"rendered":"<p>Um mundo cada vez mais conectado por meio da internet. Assim, as facilidades aumentam e a troca de informa\u00e7\u00f5es fica mais \u00e1gil. S\u00f3 que um simples clique nesse ambiente pode comprometer a seguran\u00e7a de dados de uma empresa, por exemplo.<\/p>\n<p>Foi por isso que surgiu o curso de tecn\u00f3logo em Defesa Cibern\u00e9tica.<\/p>\n<p>Afinal, \u00e9 preciso formar profissionais mais capacitados para garantir que a <a href=\"https:\/\/vaidebolsa.com.br\/cursos-na-area-da-tecnologia\/\">evolu\u00e7\u00e3o tecn<\/a>o<a href=\"https:\/\/vaidebolsa.com.br\/cursos-na-area-da-tecnologia\/\" target=\"_blank\" rel=\"noopener\">l\u00f3gica<\/a> n\u00e3o traga problemas para as pessoas e organiza\u00e7\u00f5es.<\/p>\n<p>Por essa raz\u00e3o, uma boa recomenda\u00e7\u00e3o a quem tem interesse na \u00e1rea \u00e9 procurar pelo <a href=\"https:\/\/vaidebolsa.com.br\/qual-a-diferenca-entre-curso-tecnico-e-tecnologo\/\" target=\"_blank\" rel=\"noopener\">curso de Tecn\u00f3logo<\/a> em Defesa Cibern\u00e9tica, que dura pelo menos dois anos.<\/p>\n<p>Tendo esse contexto, \u00e9 importante saber que o Tecn\u00f3logo em Defesa Cibern\u00e9tica dura pelo menos dois anos. Sendo assim, ap\u00f3s esse per\u00edodo voc\u00ea ter\u00e1 acesso a um diploma do ensino superior.<\/p>\n<p>Nas empresas, sua miss\u00e3o ser\u00e1 sempre a de garantir a seguran\u00e7a de dados e informa\u00e7\u00f5es digitais.<\/p>\n<p>A partir da\u00ed, receber\u00e1 capacita\u00e7\u00e3o para diminuir os riscos de invas\u00f5es e vulnerabilidades que podem atingir sistemas tecnol\u00f3gicos, principalmente aqueles conectados \u00e0 internet.<\/p>\n<p>Confira mais detalhes sobre o curso nesse post.<\/p>\n<h2>Curso Tecn\u00f3logo em Defesa Cibern\u00e9tica<\/h2>\n<p>Agora que voc\u00ea j\u00e1 entendeu\u00a0 como funciona essa \u00e1rea de atua\u00e7\u00e3o e como voc\u00ea pode se preparar para ocupar uma das oportunidades, vamos entender melhor o curso Tecn\u00f3logo em Defesa Cibern\u00e9tica.<\/p>\n<p>O curso tem dura\u00e7\u00e3o de apenas dois anos e \u00e9 focado no mercado de trabalho.<\/p>\n<p>Sendo assim, na sala de aula voc\u00ea ter\u00e1 disciplinas mais pr\u00e1ticas. Al\u00e9m disso, ter\u00e1 muitas aulas em laborat\u00f3rios e mat\u00e9rias que apoiem na resolu\u00e7\u00e3o de problemas do dia a dia.<\/p>\n<p>Essa vertente \u00e9 muito bem vista pelos empregadores. Afinal, o que se espera de um profissional formado no Tecn\u00f3logo em Defesa Cibern\u00e9tica \u00e9 que ele consiga resolver os problemas dentro de uma empresa.<\/p>\n<p>Sendo assim, se voc\u00ea gosta de colocar a m\u00e3o na massa, pode optar por esse curso.<\/p>\n<p>A vantagem \u00e9 que voc\u00ea pode escolher entre as <a href=\"https:\/\/vaidebolsa.com.br\/faculdade-ead-ou-presencial\/\" target=\"_blank\" rel=\"noopener\">modalidades presencial e EAD<\/a>.<\/p>\n<p>Tudo depende da sua regi\u00e3o e tamb\u00e9m da faculdade que decidir prestar. Por isso, \u00e9 preciso pesquisar bastante, afinal, voc\u00ea precisa estar atento ao conte\u00fado program\u00e1tico do curso para ter a certeza de que ele se encaixa no seu objetivo profissional.<\/p>\n<p>De forma geral, nos dois primeiros semestres dessa especializa\u00e7\u00e3o voc\u00ea vai dominar todas as t\u00e9cnicas sobre as novas tecnologias da comunica\u00e7\u00e3o em ambientes multiplataformas.<\/p>\n<p>Assim, ter\u00e1 o seu primeiro contato com as disciplinas mais amplas. Mas, como voc\u00ea j\u00e1 deve esperar, j\u00e1 que o Tecn\u00f3logo em Defesa Cibern\u00e9tica \u00e9 muito r\u00e1pido e bastante pr\u00e1tico, o curso tamb\u00e9m vai exigir mais de voc\u00ea.<\/p>\n<p>Sendo assim, \u00e9 indispens\u00e1vel que voc\u00ea tenha um perfil apurado sobre as ferramentas, tecnologias e estrat\u00e9gias para evitar ataques cibern\u00e9ticos.<\/p>\n<p>Al\u00e9m disso, \u00e9 muito importante que voc\u00ea tenha um perfil mais focado nas inova\u00e7\u00f5es e que goste de ficar sempre atualizado.<\/p>\n<p>Tamb\u00e9m \u00e9 importante <a href=\"\/\/vaidebolsa.com.br\/cursos-para-quem-gosta-de-tecnologia\/\" target=\"_blank\" rel=\"noopener\">gostar de tecnologia<\/a>, ter aten\u00e7\u00e3o e organiza\u00e7\u00e3o. Afinal, s\u00e3o caracter\u00edsticas fundamentais de um profissional dessa \u00e1rea.<\/p>\n<h2><b>Curso de Defesa Cibern\u00e9tica<\/b><\/h2>\n<p><span style=\"font-weight: 400;\">O curso de Defesa Cibern\u00e9tica \u00e9 tecnol\u00f3gico e tem dura\u00e7\u00e3o de dois anos e meio, al\u00e9m de estar dispon\u00edvel na modalidade EAD.<\/span><\/p>\n<p><span style=\"font-weight: 400;\">Durante essa gradua\u00e7\u00e3o, os alunos recebem capacita\u00e7\u00e3o necess\u00e1ria sobre todas as tecnologias relacionadas \u00e0 defesa cibern\u00e9tica em diferentes ambientes e dispositivos. <\/span><\/p>\n<p><span style=\"font-weight: 400;\">Al\u00e9m disso, s\u00e3o habilitados a controlar a seguran\u00e7a de espa\u00e7os operacionais e trabalhar com planos de preven\u00e7\u00e3o de ataques virtuais.<\/span><\/p>\n<p><span style=\"font-weight: 400;\">O profissional formado nessa \u00e1rea pode atuar em empresas de diferentes setores da economia, n\u00e3o apenas as de pequeno e m\u00e9dio porte, como tamb\u00e9m as de grande porte. <\/span><\/p>\n<p><span style=\"font-weight: 400;\">Do mesmo modo, atua no desenvolvimento de softwares, em startups, empresas de tecnologia e, at\u00e9 mesmo, em \u00f3rg\u00e3os p\u00fablicos.<\/span><\/p>\n<h3>Grade curricular<\/h3>\n<p>Conhe\u00e7a as principais disciplinas que voc\u00ea vai encontrar no Tecn\u00f3logo em Defesa Cibern\u00e9tica ou na p\u00f3s-gradua\u00e7\u00e3o.<\/p>\n<p>Avalie se o conte\u00fado est\u00e1 de acordo com o que voc\u00ea espera do mercado de trabalho e para as necessidades de atua\u00e7\u00e3o. S\u00f3 assim, ter\u00e1 a certeza que o curso estar\u00e1 alinhado com as suas expectativas.<\/p>\n<p>Aproveite para dar uma \u00f3tima olhada no conte\u00fado program\u00e1tico da faculdade que escolher e tamb\u00e9m dos requisitos necess\u00e1rios para a sua matr\u00edcula e conclus\u00e3o do curso.<\/p>\n<ul>\n<li>An\u00e1lise de Malwares<\/li>\n<li>A Defesa Cibern\u00e9tica no Contexto<\/li>\n<li>Desenvolvimento Profissional<\/li>\n<li>Gest\u00e3o de Riscos e Amea\u00e7as<\/li>\n<li>Jogos e Simula\u00e7\u00f5es de Guerras Cibern\u00e9ticas<\/li>\n<li>Macroprocessos para Mapeamento de Ativos de Informa\u00e7\u00e3o<\/li>\n<li>Pol\u00edticas, Gest\u00e3o de Seguran\u00e7a da Informa\u00e7\u00e3o e da Continuidade de Neg\u00f3cios<\/li>\n<li>Procedimentos e Recursos Humanos e Tecnol\u00f3gicos Empregados na Detec\u00e7\u00e3o e Investiga\u00e7\u00e3o de Il\u00edcitos<\/li>\n<li>Seguran\u00e7a em Sistemas da Informa\u00e7\u00e3o<\/li>\n<li>Sistemas Criptogr\u00e1ficos, Biom\u00e9tricos, Direito Digital e Responsabilidade Civil na Quest\u00e3o da Monitora\u00e7\u00e3o Eletr\u00f4nica<\/li>\n<li>Times de Gerenciamento e Tratamento de Respostas a Incidentes em Redes Cibern\u00e9ticas<\/li>\n<\/ul>\n<h2>P\u00f3s em Defesa Cibern\u00e9tica<\/h2>\n<p>Saiba que al\u00e9m do Tecn\u00f3logo em Defesa Cibern\u00e9tica, \u00e9 poss\u00edvel fazer uma <a href=\"https:\/\/vaidebolsa.com.br\/pos-graduacao-ti\/\" target=\"_blank\" rel=\"noopener\">p\u00f3s-gradua\u00e7\u00e3o nessa \u00e1rea<\/a>. Ou seja, se voc\u00ea j\u00e1 tem uma forma\u00e7\u00e3o parecida, mas n\u00e3o necessariamente atua nesse segmento, pode se especializar.<\/p>\n<p>Existem muitos cursos dispon\u00edveis no mercado e a p\u00f3s-gradua\u00e7\u00e3o em Defesa Cibern\u00e9tica \u00e9 mais voltada para Gestores de Tecnologia da Informa\u00e7\u00e3o, de Internet das Coisas, Analistas de sistemas e os pr\u00f3prios tecn\u00f3logos em Defesa Cibern\u00e9tica.<\/p>\n<p>A sua p\u00f3s-gradua\u00e7\u00e3o deve seguir quase o mesmo conte\u00fado de um Tecn\u00f3logo em Defesa Cibern\u00e9tica.<\/p>\n<p>No entanto, s\u00f3 pode ser acessada por profissionais que j\u00e1 possuam uma gradua\u00e7\u00e3o na \u00e1rea da tecnologia. Ent\u00e3o, essa tamb\u00e9m pode ser uma boa op\u00e7\u00e3o se voc\u00ea deseja ampliar o curr\u00edculo e partir para outra \u00e1rea de atua\u00e7\u00e3o.<\/p>\n<h2>Mercado de trabalho em Defesa Cibern\u00e9tica<\/h2>\n<p>As suas possibilidades de atua\u00e7\u00e3o s\u00e3o bem amplas.<\/p>\n<p>Afinal, com a forma\u00e7\u00e3o no Tecn\u00f3logo em Defesa Cibern\u00e9tica d\u00e1 para trabalhar em empresas de desenvolvimento de softwares, startups, empresas de tecnologia e, at\u00e9 mesmo, em \u00f3rg\u00e3os p\u00fablicos.<\/p>\n<p>Veja que as op\u00e7\u00f5es s\u00e3o variadas e quase todas as empresas precisam de um profissional com a sua especializa\u00e7\u00e3o.<\/p>\n<p>Dessa forma, a sua empregabilidade est\u00e1 quase garantida. O importante \u00e9 saber procurar emprego e tamb\u00e9m conseguir cada vez mais experi\u00eancia e qualifica\u00e7\u00e3o para avan\u00e7ar no mercado de trabalho.<\/p>\n<p>De forma geral, como todas as informa\u00e7\u00f5es est\u00e3o cada vez mais online, todas as empresas buscam meios de proteger as informa\u00e7\u00f5es dispon\u00edveis nos sistemas. Sua miss\u00e3o \u00e9 a de bloquear vazamento de informa\u00e7\u00f5es.<\/p>\n<p>Ent\u00e3o, tamb\u00e9m \u00e9 uma \u00e1rea muito valorizada.<\/p>\n<p>No mercado de trabalho voc\u00ea ser\u00e1 o respons\u00e1vel por gerenciar os ativos de redes, monitorar a seguran\u00e7a e identificar a necessidade de atualiza\u00e7\u00e3o e mudan\u00e7as.<\/p>\n<p>Depois de concluir o Tecn\u00f3logo em Defesa Cibern\u00e9tica, d\u00e1 para atuar como:<\/p>\n<ul>\n<li>Especialista;<\/li>\n<li>Consultor e assessor em defesa cibern\u00e9tica;<\/li>\n<li><a href=\"https:\/\/vaidebolsa.com.br\/investigacao-forense\/\" target=\"_blank\" rel=\"noopener\">Per\u00edcia forense<\/a>;<\/li>\n<li>Seguran\u00e7a cibern\u00e9tica;<\/li>\n<li><em>Ethical hacking <\/em>;<\/li>\n<li>Governan\u00e7a e gest\u00e3o de vulnerabilidades de sistemas de informa\u00e7\u00e3o;<\/li>\n<li>Computa\u00e7\u00e3o forense;<\/li>\n<li>Projetos de defesa cibern\u00e9tica.<\/li>\n<\/ul>\n<h2>Sal\u00e1rio<\/h2>\n<p>Al\u00e9m de conhecer melhor suas tarefas, \u00e9 bem importante saber como \u00e9 o sal\u00e1rio para uma pessoa formada no Tecn\u00f3logo em Defesa Cibern\u00e9tica.<\/p>\n<p>Por isso, separamos aqui uma tabela de refer\u00eancia. Consideramos as empresas de pequeno, m\u00e9dio e grande porte.<\/p>\n<p>No entanto, saiba que o sal\u00e1rio varia bastante.<\/p>\n<p>Afinal, est\u00e1 relacionado com o seu n\u00edvel de experi\u00eancia, a regi\u00e3o de procura por trabalho e tamb\u00e9m a quantidade de profissionais dispon\u00edveis para uma vaga.<\/p>\n<p>Al\u00e9m disso, se voc\u00ea optar por trabalhar como prestador de servi\u00e7os, esses valores n\u00e3o se aplicam. Visto que estamos considerando os profissionais com carteira assinada em regime CLT.<\/p>\n<h4>Grande Empresa<\/h4>\n<p>M\u00ednimo: R$ 4.251,82<\/p>\n<p>M\u00e9dio: R$ 6.643,46<\/p>\n<p>M\u00e1ximo: R$ 10.380,41<\/p>\n<h4>M\u00e9dia Empresa\u00a0\u00a0\u00a0<strong>\u00a0\u00a0\u00a0\u00a0\u00a0\u00a0\u00a0\u00a0\u00a0\u00a0\u00a0 <\/strong><\/h4>\n<p>M\u00ednimo: R$ 3.270,62<\/p>\n<p>M\u00e9dio: R$ 5.110,35<\/p>\n<p>M\u00e1ximo: R$ 7.984,93<\/p>\n<h4>Pequena Empresa<\/h4>\n<p>M\u00ednimo: R$ 2.515,86<\/p>\n<p>M\u00e9dio: R$ 3.931,04<\/p>\n<p>M\u00e1ximo: R$ 6.142,25<\/p>\n<p>Com base nesses sal\u00e1rios, voc\u00ea pode procurar um bom emprego.<\/p>\n<h2>Gostou do curso Tecn\u00f3logo em Defesa Cibern\u00e9tica?<\/h2>\n<p>Como voc\u00ea pode ver, profissionais da \u00e1rea de Defesa Cibern\u00e9tica \u00e9 muito requisitados no mercado de trabalho. \u00c9 poss\u00edvel dizer que est\u00e1 sobrando emprego para quem entende do assunto.<\/p>\n<p>Acesse mais informa\u00e7\u00f5es sobre cursos, capacita\u00e7\u00f5es, mercado de trabalho e dicas no <a href=\"https:\/\/vaidebolsa.com.br\/\" target=\"_blank\" rel=\"noopener\">blog Vai de Bolsa.<\/a><\/p>\n","protected":false},"excerpt":{"rendered":"<p>Um mundo cada vez mais conectado por meio da internet. Assim, as facilidades aumentam e a troca de informa\u00e7\u00f5es fica mais \u00e1gil. S\u00f3 que um simples clique nesse ambiente pode comprometer a seguran\u00e7a de dados de uma empresa, por exemplo. Foi por isso que surgiu o curso de tecn\u00f3logo em Defesa Cibern\u00e9tica. Afinal, \u00e9 preciso [&hellip;]<\/p>\n","protected":false},"author":67,"featured_media":0,"comment_status":"open","ping_status":"open","sticky":false,"template":"","format":"standard","meta":{"om_disable_all_campaigns":false,"site-sidebar-layout":"default","site-content-layout":"","ast-site-content-layout":"","site-content-style":"default","site-sidebar-style":"default","ast-global-header-display":"","ast-banner-title-visibility":"","ast-main-header-display":"","ast-hfb-above-header-display":"","ast-hfb-below-header-display":"","ast-hfb-mobile-header-display":"","site-post-title":"","ast-breadcrumbs-content":"","ast-featured-img":"","footer-sml-layout":"","theme-transparent-header-meta":"","adv-header-id-meta":"","stick-header-meta":"","header-above-stick-meta":"","header-main-stick-meta":"","header-below-stick-meta":"","astra-migrate-meta-layouts":"default","ast-page-background-enabled":"default","ast-page-background-meta":{"desktop":{"background-color":"var(--ast-global-color-4)","background-image":"","background-repeat":"repeat","background-position":"center center","background-size":"auto","background-attachment":"scroll","background-type":"","background-media":"","overlay-type":"","overlay-color":"","overlay-opacity":"","overlay-gradient":""},"tablet":{"background-color":"","background-image":"","background-repeat":"repeat","background-position":"center center","background-size":"auto","background-attachment":"scroll","background-type":"","background-media":"","overlay-type":"","overlay-color":"","overlay-opacity":"","overlay-gradient":""},"mobile":{"background-color":"","background-image":"","background-repeat":"repeat","background-position":"center center","background-size":"auto","background-attachment":"scroll","background-type":"","background-media":"","overlay-type":"","overlay-color":"","overlay-opacity":"","overlay-gradient":""}},"ast-content-background-meta":{"desktop":{"background-color":"var(--ast-global-color-5)","background-image":"","background-repeat":"repeat","background-position":"center center","background-size":"auto","background-attachment":"scroll","background-type":"","background-media":"","overlay-type":"","overlay-color":"","overlay-opacity":"","overlay-gradient":""},"tablet":{"background-color":"var(--ast-global-color-5)","background-image":"","background-repeat":"repeat","background-position":"center center","background-size":"auto","background-attachment":"scroll","background-type":"","background-media":"","overlay-type":"","overlay-color":"","overlay-opacity":"","overlay-gradient":""},"mobile":{"background-color":"var(--ast-global-color-5)","background-image":"","background-repeat":"repeat","background-position":"center center","background-size":"auto","background-attachment":"scroll","background-type":"","background-media":"","overlay-type":"","overlay-color":"","overlay-opacity":"","overlay-gradient":""}},"_themeisle_gutenberg_block_has_review":false,"footnotes":""},"categories":[49],"tags":[],"class_list":["post-8111","post","type-post","status-publish","format-standard","hentry","category-graduacao"],"yoast_head":"<!-- This site is optimized with the Yoast SEO plugin v23.4 - https:\/\/yoast.com\/wordpress\/plugins\/seo\/ -->\n<title>Tecn\u00f3logo em Defesa Cibern\u00e9tica: saiba tudo sobre o curso - Vai de Bolsa<\/title>\n<meta name=\"description\" content=\"Confira todos os detalhes sobre o curso de Tecn\u00f3logo em Defesa Cibern\u00e9tica, tamb\u00e9m da p\u00f3s-gradua\u00e7\u00e3o na \u00e1rea e o mercado de trabalho\" \/>\n<meta name=\"robots\" content=\"index, follow, max-snippet:-1, max-image-preview:large, max-video-preview:-1\" \/>\n<link rel=\"canonical\" href=\"https:\/\/vaidebolsa.com.br\/blog\/graduacao\/tecnologo-em-defesa-cibernetica\/\" \/>\n<meta property=\"og:locale\" content=\"pt_BR\" \/>\n<meta property=\"og:type\" content=\"article\" \/>\n<meta property=\"og:title\" content=\"Tecn\u00f3logo em Defesa Cibern\u00e9tica: saiba tudo sobre o curso - Vai de Bolsa\" \/>\n<meta property=\"og:description\" content=\"Confira todos os detalhes sobre o curso de Tecn\u00f3logo em Defesa Cibern\u00e9tica, tamb\u00e9m da p\u00f3s-gradua\u00e7\u00e3o na \u00e1rea e o mercado de trabalho\" \/>\n<meta property=\"og:url\" content=\"https:\/\/vaidebolsa.com.br\/blog\/graduacao\/tecnologo-em-defesa-cibernetica\/\" \/>\n<meta property=\"og:site_name\" content=\"Vai de Bolsa\" \/>\n<meta property=\"article:publisher\" content=\"https:\/\/www.facebook.com\/vdbeducacional\" \/>\n<meta property=\"article:published_time\" content=\"2021-05-19T12:01:00+00:00\" \/>\n<meta property=\"article:modified_time\" content=\"2023-08-14T18:11:46+00:00\" \/>\n<meta name=\"author\" content=\"Natalia Pereira\" \/>\n<meta name=\"twitter:card\" content=\"summary_large_image\" \/>\n<meta name=\"twitter:label1\" content=\"Escrito por\" \/>\n\t<meta name=\"twitter:data1\" content=\"Natalia Pereira\" \/>\n\t<meta name=\"twitter:label2\" content=\"Est. tempo de leitura\" \/>\n\t<meta name=\"twitter:data2\" content=\"8 minutos\" \/>\n<script type=\"application\/ld+json\" class=\"yoast-schema-graph\">{\"@context\":\"https:\/\/schema.org\",\"@graph\":[{\"@type\":\"Article\",\"@id\":\"https:\/\/vaidebolsa.com.br\/blog\/graduacao\/tecnologo-em-defesa-cibernetica\/#article\",\"isPartOf\":{\"@id\":\"https:\/\/vaidebolsa.com.br\/blog\/graduacao\/tecnologo-em-defesa-cibernetica\/\"},\"author\":{\"name\":\"Natalia Pereira\",\"@id\":\"https:\/\/vaidebolsa.com.br\/blog\/#\/schema\/person\/66c9e3f3a84ba9e04deec23f2938a105\"},\"headline\":\"Curso de Defesa Cibern\u00e9tica: guia completo sobre a gradua\u00e7\u00e3o\",\"datePublished\":\"2021-05-19T12:01:00+00:00\",\"dateModified\":\"2023-08-14T18:11:46+00:00\",\"mainEntityOfPage\":{\"@id\":\"https:\/\/vaidebolsa.com.br\/blog\/graduacao\/tecnologo-em-defesa-cibernetica\/\"},\"wordCount\":1470,\"commentCount\":0,\"publisher\":{\"@id\":\"https:\/\/vaidebolsa.com.br\/blog\/#organization\"},\"articleSection\":[\"Gradua\u00e7\u00e3o\"],\"inLanguage\":\"pt-BR\",\"potentialAction\":[{\"@type\":\"CommentAction\",\"name\":\"Comment\",\"target\":[\"https:\/\/vaidebolsa.com.br\/blog\/graduacao\/tecnologo-em-defesa-cibernetica\/#respond\"]}]},{\"@type\":\"WebPage\",\"@id\":\"https:\/\/vaidebolsa.com.br\/blog\/graduacao\/tecnologo-em-defesa-cibernetica\/\",\"url\":\"https:\/\/vaidebolsa.com.br\/blog\/graduacao\/tecnologo-em-defesa-cibernetica\/\",\"name\":\"Tecn\u00f3logo em Defesa Cibern\u00e9tica: saiba tudo sobre o curso - Vai de Bolsa\",\"isPartOf\":{\"@id\":\"https:\/\/vaidebolsa.com.br\/blog\/#website\"},\"datePublished\":\"2021-05-19T12:01:00+00:00\",\"dateModified\":\"2023-08-14T18:11:46+00:00\",\"description\":\"Confira todos os detalhes sobre o curso de Tecn\u00f3logo em Defesa Cibern\u00e9tica, tamb\u00e9m da p\u00f3s-gradua\u00e7\u00e3o na \u00e1rea e o mercado de trabalho\",\"breadcrumb\":{\"@id\":\"https:\/\/vaidebolsa.com.br\/blog\/graduacao\/tecnologo-em-defesa-cibernetica\/#breadcrumb\"},\"inLanguage\":\"pt-BR\",\"potentialAction\":[{\"@type\":\"ReadAction\",\"target\":[\"https:\/\/vaidebolsa.com.br\/blog\/graduacao\/tecnologo-em-defesa-cibernetica\/\"]}]},{\"@type\":\"BreadcrumbList\",\"@id\":\"https:\/\/vaidebolsa.com.br\/blog\/graduacao\/tecnologo-em-defesa-cibernetica\/#breadcrumb\",\"itemListElement\":[{\"@type\":\"ListItem\",\"position\":1,\"name\":\"Home\",\"item\":\"https:\/\/vaidebolsa.com.br\/blog\/\"},{\"@type\":\"ListItem\",\"position\":2,\"name\":\"Curso de Defesa Cibern\u00e9tica: guia completo sobre a gradua\u00e7\u00e3o\"}]},{\"@type\":\"WebSite\",\"@id\":\"https:\/\/vaidebolsa.com.br\/blog\/#website\",\"url\":\"https:\/\/vaidebolsa.com.br\/blog\/\",\"name\":\"Vai de Bolsa\",\"description\":\"Vai de Bolsa: Bolsas de Estudo com at\u00e9 70% de Desconto!\",\"publisher\":{\"@id\":\"https:\/\/vaidebolsa.com.br\/blog\/#organization\"},\"potentialAction\":[{\"@type\":\"SearchAction\",\"target\":{\"@type\":\"EntryPoint\",\"urlTemplate\":\"https:\/\/vaidebolsa.com.br\/blog\/?s={search_term_string}\"},\"query-input\":{\"@type\":\"PropertyValueSpecification\",\"valueRequired\":true,\"valueName\":\"search_term_string\"}}],\"inLanguage\":\"pt-BR\"},{\"@type\":\"Organization\",\"@id\":\"https:\/\/vaidebolsa.com.br\/blog\/#organization\",\"name\":\"Vai de Bolsa\",\"url\":\"https:\/\/vaidebolsa.com.br\/blog\/\",\"logo\":{\"@type\":\"ImageObject\",\"inLanguage\":\"pt-BR\",\"@id\":\"https:\/\/vaidebolsa.com.br\/blog\/#\/schema\/logo\/image\/\",\"url\":\"https:\/\/vaidebolsa.com.br\/blog\/wp-content\/uploads\/2022\/03\/Logo-Vai-de-Bolsa-cor-e1648649224262.png\",\"contentUrl\":\"https:\/\/vaidebolsa.com.br\/blog\/wp-content\/uploads\/2022\/03\/Logo-Vai-de-Bolsa-cor-e1648649224262.png\",\"width\":180,\"height\":90,\"caption\":\"Vai de Bolsa\"},\"image\":{\"@id\":\"https:\/\/vaidebolsa.com.br\/blog\/#\/schema\/logo\/image\/\"},\"sameAs\":[\"https:\/\/www.facebook.com\/vdbeducacional\",\"https:\/\/www.instagram.com\/vaidebolsa_\/\"]},{\"@type\":\"Person\",\"@id\":\"https:\/\/vaidebolsa.com.br\/blog\/#\/schema\/person\/66c9e3f3a84ba9e04deec23f2938a105\",\"name\":\"Natalia Pereira\",\"image\":{\"@type\":\"ImageObject\",\"inLanguage\":\"pt-BR\",\"@id\":\"https:\/\/vaidebolsa.com.br\/blog\/#\/schema\/person\/image\/\",\"url\":\"http:\/\/0.gravatar.com\/avatar\/f1ab57fb53849c617df1cb34eb8ae2d8?s=96&d=mm&r=g\",\"contentUrl\":\"http:\/\/0.gravatar.com\/avatar\/f1ab57fb53849c617df1cb34eb8ae2d8?s=96&d=mm&r=g\",\"caption\":\"Natalia Pereira\"},\"description\":\"Formada em Publicidade e Propaganda com bolsa de estudos, Nat\u00e1lia Pereira passou por todos os dilemas que envolvem a vida de um jovem que est\u00e1 prestes a sair do ensino m\u00e9dio e se depara com o desafio de entrar em uma boa faculdade pagando pouco. Hoje, aos 23 anos, atua como Analista de Marketing e escreve sobre educa\u00e7\u00e3o no Vai de Bolsa.\",\"url\":\"https:\/\/vaidebolsa.com.br\/blog\/author\/natalia\/\"}]}<\/script>\n<!-- \/ Yoast SEO plugin. -->","yoast_head_json":{"title":"Tecn\u00f3logo em Defesa Cibern\u00e9tica: saiba tudo sobre o curso - Vai de Bolsa","description":"Confira todos os detalhes sobre o curso de Tecn\u00f3logo em Defesa Cibern\u00e9tica, tamb\u00e9m da p\u00f3s-gradua\u00e7\u00e3o na \u00e1rea e o mercado de trabalho","robots":{"index":"index","follow":"follow","max-snippet":"max-snippet:-1","max-image-preview":"max-image-preview:large","max-video-preview":"max-video-preview:-1"},"canonical":"https:\/\/vaidebolsa.com.br\/blog\/graduacao\/tecnologo-em-defesa-cibernetica\/","og_locale":"pt_BR","og_type":"article","og_title":"Tecn\u00f3logo em Defesa Cibern\u00e9tica: saiba tudo sobre o curso - Vai de Bolsa","og_description":"Confira todos os detalhes sobre o curso de Tecn\u00f3logo em Defesa Cibern\u00e9tica, tamb\u00e9m da p\u00f3s-gradua\u00e7\u00e3o na \u00e1rea e o mercado de trabalho","og_url":"https:\/\/vaidebolsa.com.br\/blog\/graduacao\/tecnologo-em-defesa-cibernetica\/","og_site_name":"Vai de Bolsa","article_publisher":"https:\/\/www.facebook.com\/vdbeducacional","article_published_time":"2021-05-19T12:01:00+00:00","article_modified_time":"2023-08-14T18:11:46+00:00","author":"Natalia Pereira","twitter_card":"summary_large_image","twitter_misc":{"Escrito por":"Natalia Pereira","Est. tempo de leitura":"8 minutos"},"schema":{"@context":"https:\/\/schema.org","@graph":[{"@type":"Article","@id":"https:\/\/vaidebolsa.com.br\/blog\/graduacao\/tecnologo-em-defesa-cibernetica\/#article","isPartOf":{"@id":"https:\/\/vaidebolsa.com.br\/blog\/graduacao\/tecnologo-em-defesa-cibernetica\/"},"author":{"name":"Natalia Pereira","@id":"https:\/\/vaidebolsa.com.br\/blog\/#\/schema\/person\/66c9e3f3a84ba9e04deec23f2938a105"},"headline":"Curso de Defesa Cibern\u00e9tica: guia completo sobre a gradua\u00e7\u00e3o","datePublished":"2021-05-19T12:01:00+00:00","dateModified":"2023-08-14T18:11:46+00:00","mainEntityOfPage":{"@id":"https:\/\/vaidebolsa.com.br\/blog\/graduacao\/tecnologo-em-defesa-cibernetica\/"},"wordCount":1470,"commentCount":0,"publisher":{"@id":"https:\/\/vaidebolsa.com.br\/blog\/#organization"},"articleSection":["Gradua\u00e7\u00e3o"],"inLanguage":"pt-BR","potentialAction":[{"@type":"CommentAction","name":"Comment","target":["https:\/\/vaidebolsa.com.br\/blog\/graduacao\/tecnologo-em-defesa-cibernetica\/#respond"]}]},{"@type":"WebPage","@id":"https:\/\/vaidebolsa.com.br\/blog\/graduacao\/tecnologo-em-defesa-cibernetica\/","url":"https:\/\/vaidebolsa.com.br\/blog\/graduacao\/tecnologo-em-defesa-cibernetica\/","name":"Tecn\u00f3logo em Defesa Cibern\u00e9tica: saiba tudo sobre o curso - Vai de Bolsa","isPartOf":{"@id":"https:\/\/vaidebolsa.com.br\/blog\/#website"},"datePublished":"2021-05-19T12:01:00+00:00","dateModified":"2023-08-14T18:11:46+00:00","description":"Confira todos os detalhes sobre o curso de Tecn\u00f3logo em Defesa Cibern\u00e9tica, tamb\u00e9m da p\u00f3s-gradua\u00e7\u00e3o na \u00e1rea e o mercado de trabalho","breadcrumb":{"@id":"https:\/\/vaidebolsa.com.br\/blog\/graduacao\/tecnologo-em-defesa-cibernetica\/#breadcrumb"},"inLanguage":"pt-BR","potentialAction":[{"@type":"ReadAction","target":["https:\/\/vaidebolsa.com.br\/blog\/graduacao\/tecnologo-em-defesa-cibernetica\/"]}]},{"@type":"BreadcrumbList","@id":"https:\/\/vaidebolsa.com.br\/blog\/graduacao\/tecnologo-em-defesa-cibernetica\/#breadcrumb","itemListElement":[{"@type":"ListItem","position":1,"name":"Home","item":"https:\/\/vaidebolsa.com.br\/blog\/"},{"@type":"ListItem","position":2,"name":"Curso de Defesa Cibern\u00e9tica: guia completo sobre a gradua\u00e7\u00e3o"}]},{"@type":"WebSite","@id":"https:\/\/vaidebolsa.com.br\/blog\/#website","url":"https:\/\/vaidebolsa.com.br\/blog\/","name":"Vai de Bolsa","description":"Vai de Bolsa: Bolsas de Estudo com at\u00e9 70% de Desconto!","publisher":{"@id":"https:\/\/vaidebolsa.com.br\/blog\/#organization"},"potentialAction":[{"@type":"SearchAction","target":{"@type":"EntryPoint","urlTemplate":"https:\/\/vaidebolsa.com.br\/blog\/?s={search_term_string}"},"query-input":{"@type":"PropertyValueSpecification","valueRequired":true,"valueName":"search_term_string"}}],"inLanguage":"pt-BR"},{"@type":"Organization","@id":"https:\/\/vaidebolsa.com.br\/blog\/#organization","name":"Vai de Bolsa","url":"https:\/\/vaidebolsa.com.br\/blog\/","logo":{"@type":"ImageObject","inLanguage":"pt-BR","@id":"https:\/\/vaidebolsa.com.br\/blog\/#\/schema\/logo\/image\/","url":"https:\/\/vaidebolsa.com.br\/blog\/wp-content\/uploads\/2022\/03\/Logo-Vai-de-Bolsa-cor-e1648649224262.png","contentUrl":"https:\/\/vaidebolsa.com.br\/blog\/wp-content\/uploads\/2022\/03\/Logo-Vai-de-Bolsa-cor-e1648649224262.png","width":180,"height":90,"caption":"Vai de Bolsa"},"image":{"@id":"https:\/\/vaidebolsa.com.br\/blog\/#\/schema\/logo\/image\/"},"sameAs":["https:\/\/www.facebook.com\/vdbeducacional","https:\/\/www.instagram.com\/vaidebolsa_\/"]},{"@type":"Person","@id":"https:\/\/vaidebolsa.com.br\/blog\/#\/schema\/person\/66c9e3f3a84ba9e04deec23f2938a105","name":"Natalia Pereira","image":{"@type":"ImageObject","inLanguage":"pt-BR","@id":"https:\/\/vaidebolsa.com.br\/blog\/#\/schema\/person\/image\/","url":"http:\/\/0.gravatar.com\/avatar\/f1ab57fb53849c617df1cb34eb8ae2d8?s=96&d=mm&r=g","contentUrl":"http:\/\/0.gravatar.com\/avatar\/f1ab57fb53849c617df1cb34eb8ae2d8?s=96&d=mm&r=g","caption":"Natalia Pereira"},"description":"Formada em Publicidade e Propaganda com bolsa de estudos, Nat\u00e1lia Pereira passou por todos os dilemas que envolvem a vida de um jovem que est\u00e1 prestes a sair do ensino m\u00e9dio e se depara com o desafio de entrar em uma boa faculdade pagando pouco. Hoje, aos 23 anos, atua como Analista de Marketing e escreve sobre educa\u00e7\u00e3o no Vai de Bolsa.","url":"https:\/\/vaidebolsa.com.br\/blog\/author\/natalia\/"}]}},"_links":{"self":[{"href":"https:\/\/vaidebolsa.com.br\/blog\/wp-json\/wp\/v2\/posts\/8111"}],"collection":[{"href":"https:\/\/vaidebolsa.com.br\/blog\/wp-json\/wp\/v2\/posts"}],"about":[{"href":"https:\/\/vaidebolsa.com.br\/blog\/wp-json\/wp\/v2\/types\/post"}],"author":[{"embeddable":true,"href":"https:\/\/vaidebolsa.com.br\/blog\/wp-json\/wp\/v2\/users\/67"}],"replies":[{"embeddable":true,"href":"https:\/\/vaidebolsa.com.br\/blog\/wp-json\/wp\/v2\/comments?post=8111"}],"version-history":[{"count":1,"href":"https:\/\/vaidebolsa.com.br\/blog\/wp-json\/wp\/v2\/posts\/8111\/revisions"}],"predecessor-version":[{"id":17181321465,"href":"https:\/\/vaidebolsa.com.br\/blog\/wp-json\/wp\/v2\/posts\/8111\/revisions\/17181321465"}],"wp:attachment":[{"href":"https:\/\/vaidebolsa.com.br\/blog\/wp-json\/wp\/v2\/media?parent=8111"}],"wp:term":[{"taxonomy":"category","embeddable":true,"href":"https:\/\/vaidebolsa.com.br\/blog\/wp-json\/wp\/v2\/categories?post=8111"},{"taxonomy":"post_tag","embeddable":true,"href":"https:\/\/vaidebolsa.com.br\/blog\/wp-json\/wp\/v2\/tags?post=8111"}],"curies":[{"name":"wp","href":"https:\/\/api.w.org\/{rel}","templated":true}]}}